{"id":29659,"date":"2014-02-05T13:57:45","date_gmt":"2014-02-05T13:57:45","guid":{"rendered":"http:\/\/www.hoymercedes.com.ar\/principal\/?p=29659"},"modified":"2014-02-05T13:57:45","modified_gmt":"2014-02-05T13:57:45","slug":"se-inscribe-para-el-corsito-infantil-2014","status":"publish","type":"post","link":"https:\/\/www.hoymercedes.com.ar\/principal\/2014\/02\/05\/se-inscribe-para-el-corsito-infantil-2014\/","title":{"rendered":"Se inscribe para el \u00abCorsito Infantil\u00bb 2014"},"content":{"rendered":"<p><a href=\"https:\/\/www.hoymercedes.com.ar\/principal\/wp-content\/uploads\/2014\/02\/Corso-Infantil-2012-II.jpg\"><img loading=\"lazy\" decoding=\"async\" data-attachment-id=\"29661\" data-permalink=\"https:\/\/www.hoymercedes.com.ar\/principal\/2014\/02\/05\/se-inscribe-para-el-corsito-infantil-2014\/corso-infantil-2012-ii-2\/#main\" data-orig-file=\"https:\/\/www.hoymercedes.com.ar\/principal\/wp-content\/uploads\/2014\/02\/Corso-Infantil-2012-II.jpg\" data-orig-size=\"612,406\" data-comments-opened=\"1\" data-image-meta=\"{&quot;aperture&quot;:&quot;6.3&quot;,&quot;credit&quot;:&quot;&quot;,&quot;camera&quot;:&quot;NIKON D90&quot;,&quot;caption&quot;:&quot;&quot;,&quot;created_timestamp&quot;:&quot;1329334721&quot;,&quot;copyright&quot;:&quot;&quot;,&quot;focal_length&quot;:&quot;80&quot;,&quot;iso&quot;:&quot;1600&quot;,&quot;shutter_speed&quot;:&quot;0.01&quot;,&quot;title&quot;:&quot;&quot;}\" data-image-title=\"Corso-Infantil-2012-II\" data-image-description=\"\" data-image-caption=\"\" data-large-file=\"https:\/\/www.hoymercedes.com.ar\/principal\/wp-content\/uploads\/2014\/02\/Corso-Infantil-2012-II.jpg\" class=\"aligncenter size-full wp-image-29661\" alt=\"Corso-Infantil-2012-II\" src=\"https:\/\/www.hoymercedes.com.ar\/principal\/wp-content\/uploads\/2014\/02\/Corso-Infantil-2012-II.jpg\" width=\"612\" height=\"406\" \/><\/a><\/p>\n<p><em><strong>Desde la Municipalidad de Mercedes hacen saber que est\u00e1 abierta, desde el pasado lunes, la inscripci\u00f3n al \u00abCorsito infantil 2014\u00bb. El tradicional desfile ser\u00e1 como es habitual en avenida 29 el pr\u00f3ximo 26 de febrero.<\/strong><\/em><\/p>\n<p>Los pap\u00e1s que deseen su ni\u00f1o o ni\u00f1a participe pueden acercarse a la Direcci\u00f3n de Cultura y Educaci\u00f3n ubicada en el Teatro Argentino y proceder con la inscripci\u00f3n.<\/p>\n<p>Se recuerda que deber\u00e1n los peque\u00f1os ser acompa\u00f1ados con un mayor y deber\u00e1n tener entre 3 y 10 a\u00f1os de edad. Recibir\u00e1n regalos, habr\u00e1 sorteos y con el n\u00famero de inscripci\u00f3n participar\u00e1n del sorteo de una bicicleta.<\/p>\n<div>\n<p>Tambien se inicia la inscripci\u00f3n de todos aquellos que quieran participar de los diferentes rubros que componen el carnaval pueden inscribirse: murgas, batucadas, comparsas, carrozas, mascaras sueltas, conjuntos de mascaras y dem\u00e1s, lo pueden hacer en la Direccion de Cultura y Educacion que funciona en la planta alta del Teatro Municipal, desde las 8hs hasta las 12.30hs<\/p>\n<\/div>\n","protected":false},"excerpt":{"rendered":"<p>Desde la Municipalidad de Mercedes hacen saber que est\u00e1 abierta, desde el pasado lunes, la inscripci\u00f3n al \u00abCorsito infantil 2014\u00bb. &#8230; <a title=\"Se inscribe para el \u00abCorsito Infantil\u00bb 2014\" class=\"read-more\" href=\"https:\/\/www.hoymercedes.com.ar\/principal\/2014\/02\/05\/se-inscribe-para-el-corsito-infantil-2014\/\" aria-label=\"Leer m\u00e1s sobre Se inscribe para el \u00abCorsito Infantil\u00bb 2014\">Leer m\u00e1s<\/a><\/p>\n","protected":false},"author":1,"featured_media":0,"comment_status":"open","ping_status":"open","sticky":false,"template":"","format":"standard","meta":{"_monsterinsights_skip_tracking":false,"_monsterinsights_sitenote_active":false,"_monsterinsights_sitenote_note":"","_monsterinsights_sitenote_category":0,"jetpack_post_was_ever_published":false,"_jetpack_newsletter_access":"","_jetpack_dont_email_post_to_subs":false,"_jetpack_newsletter_tier_id":0,"_jetpack_memberships_contains_paywalled_content":false,"_jetpack_memberships_contains_paid_content":false,"footnotes":"","jetpack_publicize_message":"","jetpack_publicize_feature_enabled":true,"jetpack_social_post_already_shared":false,"jetpack_social_options":{"image_generator_settings":{"template":"highway","default_image_id":0,"font":"","enabled":false},"version":2},"_wpas_customize_per_network":false},"categories":[30],"tags":[3187,4589,4590,4591],"class_list":["post-29659","post","type-post","status-publish","format-standard","hentry","category-municipio","tag-carnaval-mercedes","tag-corsito-infantil","tag-corso-infantil","tag-desfile-infantil","generate-columns","tablet-grid-50","mobile-grid-100","grid-parent","grid-50"],"jetpack_publicize_connections":[],"jetpack_featured_media_url":"","wps_subtitle":"","jetpack_sharing_enabled":true,"_links":{"self":[{"href":"https:\/\/www.hoymercedes.com.ar\/principal\/wp-json\/wp\/v2\/posts\/29659","targetHints":{"allow":["GET"]}}],"collection":[{"href":"https:\/\/www.hoymercedes.com.ar\/principal\/wp-json\/wp\/v2\/posts"}],"about":[{"href":"https:\/\/www.hoymercedes.com.ar\/principal\/wp-json\/wp\/v2\/types\/post"}],"author":[{"embeddable":true,"href":"https:\/\/www.hoymercedes.com.ar\/principal\/wp-json\/wp\/v2\/users\/1"}],"replies":[{"embeddable":true,"href":"https:\/\/www.hoymercedes.com.ar\/principal\/wp-json\/wp\/v2\/comments?post=29659"}],"version-history":[{"count":0,"href":"https:\/\/www.hoymercedes.com.ar\/principal\/wp-json\/wp\/v2\/posts\/29659\/revisions"}],"wp:attachment":[{"href":"https:\/\/www.hoymercedes.com.ar\/principal\/wp-json\/wp\/v2\/media?parent=29659"}],"wp:term":[{"taxonomy":"category","embeddable":true,"href":"https:\/\/www.hoymercedes.com.ar\/principal\/wp-json\/wp\/v2\/categories?post=29659"},{"taxonomy":"post_tag","embeddable":true,"href":"https:\/\/www.hoymercedes.com.ar\/principal\/wp-json\/wp\/v2\/tags?post=29659"}],"curies":[{"name":"wp","href":"https:\/\/api.w.org\/{rel}","templated":true}]}}