{"id":29670,"date":"2014-02-05T19:00:01","date_gmt":"2014-02-05T19:00:01","guid":{"rendered":"http:\/\/www.hoymercedes.com.ar\/principal\/?p=29670"},"modified":"2014-02-05T15:32:53","modified_gmt":"2014-02-05T15:32:53","slug":"selva-en-plenario-del-fr-en-3-de-febrero","status":"publish","type":"post","link":"https:\/\/www.hoymercedes.com.ar\/principal\/2014\/02\/05\/selva-en-plenario-del-fr-en-3-de-febrero\/","title":{"rendered":"Selva, en plenario del FR en 3 de febrero"},"content":{"rendered":"<p><em><strong>El intendente Carlos Selva particip\u00f3 este lunes de una reuni\u00f3n plenaria del Frente Renovador en 3 de febrero, donde confluyeron dos agrupaciones, una de ellas presidida por el intendente mercedino, y adem\u00e1s particip\u00f3 el diputado nacional Dar\u00edo Giustozzi.<\/strong><\/em><\/p>\n<p>La invitaci\u00f3n para ser parte de este evento pol\u00edtico lleg\u00f3 para el primer mandatario mercedino, quien como titular provincial de la agrupaci\u00f3n \u201cLeltad y solidaridad\u201d se hizo presente en 3 de febrero. \u201cFue un encuentro de militancia con algunos dirigentes de nuestra agrupaci\u00f3n y tambi\u00e9n de la \u201cPer\u00f3n vive\u201d. Es algo que venimos haciendo desde el a\u00f1o pasado, de reunirnos y charlar con la militancia sobre los pasos que tiene que dar el Frente Renovador\u201d, dijo el intendente Selva.<\/p>\n<p>En el acto estuvieron otros dirigentes como el diputado nacional Dar\u00edo Giustozzi, y los dirigentes Fernando \u201cPato\u201d Galmarini, Horacio Alonso, Mario Giacobbe, Dardo Ottonello y Marcela Durrieu.<\/p>\n<p>Selva acompa\u00f1\u00f3 a Giustozzi, quien visit\u00f3 Mercedes el pasado s\u00e1bado. \u201cDar\u00edo es un gran dirigente pol\u00edtico, que tiene una gran responsabilidad actualmente como diputado nacional y que Massa confi\u00f3 en \u00e9l para encarar este proyecto nacional del Frente Renovador\u201d, sostuvo el primer mandatario mercedino.<\/p>\n","protected":false},"excerpt":{"rendered":"<p>El intendente Carlos Selva particip\u00f3 este lunes de una reuni\u00f3n plenaria del Frente Renovador en 3 de febrero, donde confluyeron &#8230; <a title=\"Selva, en plenario del FR en 3 de febrero\" class=\"read-more\" href=\"https:\/\/www.hoymercedes.com.ar\/principal\/2014\/02\/05\/selva-en-plenario-del-fr-en-3-de-febrero\/\" aria-label=\"Leer m\u00e1s sobre Selva, en plenario del FR en 3 de febrero\">Leer m\u00e1s<\/a><\/p>\n","protected":false},"author":1,"featured_media":0,"comment_status":"open","ping_status":"open","sticky":false,"template":"","format":"standard","meta":{"_monsterinsights_skip_tracking":false,"_monsterinsights_sitenote_active":false,"_monsterinsights_sitenote_note":"","_monsterinsights_sitenote_category":0,"jetpack_post_was_ever_published":false,"_jetpack_newsletter_access":"","_jetpack_dont_email_post_to_subs":false,"_jetpack_newsletter_tier_id":0,"_jetpack_memberships_contains_paywalled_content":false,"_jetpack_memberships_contains_paid_content":false,"footnotes":"","jetpack_publicize_message":"","jetpack_publicize_feature_enabled":true,"jetpack_social_post_already_shared":false,"jetpack_social_options":{"image_generator_settings":{"template":"highway","default_image_id":0,"font":"","enabled":false},"version":2},"_wpas_customize_per_network":false},"categories":[5],"tags":[39,4595],"class_list":["post-29670","post","type-post","status-publish","format-standard","hentry","category-politica","tag-carlos-selva","tag-plenaro-frente-renovador","generate-columns","tablet-grid-50","mobile-grid-100","grid-parent","grid-50"],"jetpack_publicize_connections":[],"jetpack_featured_media_url":"","wps_subtitle":"","jetpack_sharing_enabled":true,"_links":{"self":[{"href":"https:\/\/www.hoymercedes.com.ar\/principal\/wp-json\/wp\/v2\/posts\/29670","targetHints":{"allow":["GET"]}}],"collection":[{"href":"https:\/\/www.hoymercedes.com.ar\/principal\/wp-json\/wp\/v2\/posts"}],"about":[{"href":"https:\/\/www.hoymercedes.com.ar\/principal\/wp-json\/wp\/v2\/types\/post"}],"author":[{"embeddable":true,"href":"https:\/\/www.hoymercedes.com.ar\/principal\/wp-json\/wp\/v2\/users\/1"}],"replies":[{"embeddable":true,"href":"https:\/\/www.hoymercedes.com.ar\/principal\/wp-json\/wp\/v2\/comments?post=29670"}],"version-history":[{"count":0,"href":"https:\/\/www.hoymercedes.com.ar\/principal\/wp-json\/wp\/v2\/posts\/29670\/revisions"}],"wp:attachment":[{"href":"https:\/\/www.hoymercedes.com.ar\/principal\/wp-json\/wp\/v2\/media?parent=29670"}],"wp:term":[{"taxonomy":"category","embeddable":true,"href":"https:\/\/www.hoymercedes.com.ar\/principal\/wp-json\/wp\/v2\/categories?post=29670"},{"taxonomy":"post_tag","embeddable":true,"href":"https:\/\/www.hoymercedes.com.ar\/principal\/wp-json\/wp\/v2\/tags?post=29670"}],"curies":[{"name":"wp","href":"https:\/\/api.w.org\/{rel}","templated":true}]}}