{"id":29673,"date":"2014-02-05T19:30:27","date_gmt":"2014-02-05T19:30:27","guid":{"rendered":"http:\/\/www.hoymercedes.com.ar\/principal\/?p=29673"},"modified":"2014-02-05T15:44:31","modified_gmt":"2014-02-05T15:44:31","slug":"wado-llama-a-no-comprar-combustibles-a-shell","status":"publish","type":"post","link":"https:\/\/www.hoymercedes.com.ar\/principal\/2014\/02\/05\/wado-llama-a-no-comprar-combustibles-a-shell\/","title":{"rendered":"Wado llama a no comprar combustibles a \u201cShell\u201d"},"content":{"rendered":"<figure id=\"attachment_29675\" aria-describedby=\"caption-attachment-29675\" style=\"width: 610px\" class=\"wp-caption aligncenter\"><a href=\"https:\/\/www.hoymercedes.com.ar\/principal\/wp-content\/uploads\/2014\/02\/WadodePedro.jpg\"><img loading=\"lazy\" decoding=\"async\" data-attachment-id=\"29675\" data-permalink=\"https:\/\/www.hoymercedes.com.ar\/principal\/2014\/02\/05\/wado-llama-a-no-comprar-combustibles-a-shell\/wadodepedro-5\/#main\" data-orig-file=\"https:\/\/www.hoymercedes.com.ar\/principal\/wp-content\/uploads\/2014\/02\/WadodePedro.jpg\" data-orig-size=\"620,452\" data-comments-opened=\"1\" data-image-meta=\"{&quot;aperture&quot;:&quot;0&quot;,&quot;credit&quot;:&quot;&quot;,&quot;camera&quot;:&quot;&quot;,&quot;caption&quot;:&quot;&quot;,&quot;created_timestamp&quot;:&quot;0&quot;,&quot;copyright&quot;:&quot;&quot;,&quot;focal_length&quot;:&quot;0&quot;,&quot;iso&quot;:&quot;0&quot;,&quot;shutter_speed&quot;:&quot;0&quot;,&quot;title&quot;:&quot;&quot;}\" data-image-title=\"WadodePedro\" data-image-description=\"\" data-image-caption=\"&lt;p&gt;Wado de Pedro&lt;\/p&gt;\n\" data-large-file=\"https:\/\/www.hoymercedes.com.ar\/principal\/wp-content\/uploads\/2014\/02\/WadodePedro.jpg\" class=\"size-full wp-image-29675\" alt=\"Wado de Pedro\" src=\"https:\/\/www.hoymercedes.com.ar\/principal\/wp-content\/uploads\/2014\/02\/WadodePedro.jpg\" width=\"620\" height=\"452\" \/><\/a><figcaption id=\"caption-attachment-29675\" class=\"wp-caption-text\">Wado de Pedro<\/figcaption><\/figure>\n<p><em><strong>El Diputado Nacional Eduardo \u201cWado\u201d De Pedro se manifest\u00f3 respecto al aumento de combustibles efectuado por la empresa petrolera \u201cShell\u201d recordando que tiempo atr\u00e1s la misma compa\u00f1\u00eda compr\u00f3 d\u00f3lares perdiendo millones de pesos con la intenci\u00f3n de hacer una jugada financiera \u201cShell, la misma que perdi\u00f3 millones cuando compr\u00f3 d\u00f3lares sobrevaluados para impulsar la devaluaci\u00f3n, hoy aument\u00f3 sus precios abusivamente.\u201d, dijo De Pedro.<\/strong><\/em><\/p>\n<p>En el mismo sentido remarc\u00f3 recordando al ex presidente N\u00e9stor Kirchner que: <i>\u201cComo dijo N\u00e9stor en 2005, no hay que comprarle m\u00e1s a Shell, ni una lata de aceite, as\u00ed se dan cuenta que los argentinos no soportamos abusos\u201d.<\/i><\/p>\n<p>De \u00e9sta manera el referente del gobierno nacional y mercedino se manifest\u00f3 claramente sobre lo que piensa del aumento efectuado por la compa\u00f1\u00eda petrolera. Las declaraciones las realiz\u00f3 desde su cuenta personal de Twitter: @wadodecorrido.<\/p>\n<p>De Pedro tambi\u00e9n tuvo unas frases para los especuladores de precios que aumentan sin tener una correlaci\u00f3n con la realidad al sostener tras el aumento dado a los jubilados anunciado por la presidenta que: <i>\u201cA partir de marzo las jubilaciones aumentar\u00e1n 11,31%, por lo que el haber m\u00ednimo ser\u00e1 de $ 2.757. El incremento anual es de 27,35%. (\u2026)Al salario de los argentinos lo tenemos que cuidar entre todos. No podemos convalidar con nuestra compra aumentos desmedidos. (\u2026)Que el aumento a los jubilados no se lo queden los vivos que suben precios indiscriminadamente.\u201d<\/i><\/p>\n<p>&nbsp;<\/p>\n<div align=\"center\">\n<blockquote class=\"twitter-tweet\" lang=\"es\"><p>Shell, la misma que perdi\u00f3 millones cuando compr\u00f3 d\u00f3lares sobrevaluados para impulsar la devaluaci\u00f3n, hoy aument\u00f3 sus precios abusivamente.<\/p>\n<p>\u2014 Wado de Pedro (@wadodecorrido) <a href=\"https:\/\/twitter.com\/wadodecorrido\/statuses\/430381086456020992\" target=\"_blank\" rel=\"noopener\">febrero 3, 2014<\/a><\/p><\/blockquote>\n<p>&nbsp;<\/p>\n<\/div>\n<p>&nbsp;<\/p>\n<div align=\"center\">\n<blockquote class=\"twitter-tweet\" lang=\"es\"><p>Como dijo N\u00e9stor en 2005, no hay que comprarle m\u00e1s a Shell, ni una lata de aceite, as\u00ed se dan cuenta que los argentinos no soportamos abusos<\/p>\n<p>\u2014 Wado de Pedro (@wadodecorrido) <a href=\"https:\/\/twitter.com\/wadodecorrido\/statuses\/430381269302530048\" target=\"_blank\" rel=\"noopener\">febrero 3, 2014<\/a><\/p><\/blockquote>\n<p>&nbsp;<\/p>\n<\/div>\n","protected":false},"excerpt":{"rendered":"<p>El Diputado Nacional Eduardo \u201cWado\u201d De Pedro se manifest\u00f3 respecto al aumento de combustibles efectuado por la empresa petrolera \u201cShell\u201d &#8230; <a title=\"Wado llama a no comprar combustibles a \u201cShell\u201d\" class=\"read-more\" href=\"https:\/\/www.hoymercedes.com.ar\/principal\/2014\/02\/05\/wado-llama-a-no-comprar-combustibles-a-shell\/\" aria-label=\"Leer m\u00e1s sobre Wado llama a no comprar combustibles a \u201cShell\u201d\">Leer m\u00e1s<\/a><\/p>\n","protected":false},"author":1,"featured_media":0,"comment_status":"open","ping_status":"open","sticky":false,"template":"","format":"standard","meta":{"_monsterinsights_skip_tracking":false,"_monsterinsights_sitenote_active":false,"_monsterinsights_sitenote_note":"","_monsterinsights_sitenote_category":0,"jetpack_post_was_ever_published":false,"_jetpack_newsletter_access":"","_jetpack_dont_email_post_to_subs":false,"_jetpack_newsletter_tier_id":0,"_jetpack_memberships_contains_paywalled_content":false,"_jetpack_memberships_contains_paid_content":false,"footnotes":"","jetpack_publicize_message":"","jetpack_publicize_feature_enabled":true,"jetpack_social_post_already_shared":false,"jetpack_social_options":{"image_generator_settings":{"template":"highway","default_image_id":0,"font":"","enabled":false},"version":2},"_wpas_customize_per_network":false},"categories":[5],"tags":[2686,3764,4596,281],"class_list":["post-29673","post","type-post","status-publish","format-standard","hentry","category-politica","tag-eduardo-de-pedro","tag-frente-para-la-victoria-mercedes","tag-no-comprar-shell","tag-wado-de-pedro","generate-columns","tablet-grid-50","mobile-grid-100","grid-parent","grid-50"],"jetpack_publicize_connections":[],"jetpack_featured_media_url":"","wps_subtitle":"","jetpack_sharing_enabled":true,"_links":{"self":[{"href":"https:\/\/www.hoymercedes.com.ar\/principal\/wp-json\/wp\/v2\/posts\/29673","targetHints":{"allow":["GET"]}}],"collection":[{"href":"https:\/\/www.hoymercedes.com.ar\/principal\/wp-json\/wp\/v2\/posts"}],"about":[{"href":"https:\/\/www.hoymercedes.com.ar\/principal\/wp-json\/wp\/v2\/types\/post"}],"author":[{"embeddable":true,"href":"https:\/\/www.hoymercedes.com.ar\/principal\/wp-json\/wp\/v2\/users\/1"}],"replies":[{"embeddable":true,"href":"https:\/\/www.hoymercedes.com.ar\/principal\/wp-json\/wp\/v2\/comments?post=29673"}],"version-history":[{"count":0,"href":"https:\/\/www.hoymercedes.com.ar\/principal\/wp-json\/wp\/v2\/posts\/29673\/revisions"}],"wp:attachment":[{"href":"https:\/\/www.hoymercedes.com.ar\/principal\/wp-json\/wp\/v2\/media?parent=29673"}],"wp:term":[{"taxonomy":"category","embeddable":true,"href":"https:\/\/www.hoymercedes.com.ar\/principal\/wp-json\/wp\/v2\/categories?post=29673"},{"taxonomy":"post_tag","embeddable":true,"href":"https:\/\/www.hoymercedes.com.ar\/principal\/wp-json\/wp\/v2\/tags?post=29673"}],"curies":[{"name":"wp","href":"https:\/\/api.w.org\/{rel}","templated":true}]}}