{"id":29726,"date":"2014-02-07T18:45:21","date_gmt":"2014-02-07T18:45:21","guid":{"rendered":"http:\/\/www.hoymercedes.com.ar\/principal\/?p=29726"},"modified":"2014-02-07T18:45:21","modified_gmt":"2014-02-07T18:45:21","slug":"mic-pide-mayor-integracion-en-actividades-del-municipio-y-eden","status":"publish","type":"post","link":"https:\/\/www.hoymercedes.com.ar\/principal\/2014\/02\/07\/mic-pide-mayor-integracion-en-actividades-del-municipio-y-eden\/","title":{"rendered":"MIC pide mayor integraci\u00f3n en actividades del Municipio y EDEN"},"content":{"rendered":"<figure id=\"attachment_29728\" aria-describedby=\"caption-attachment-29728\" style=\"width: 610px\" class=\"wp-caption aligncenter\"><a href=\"https:\/\/www.hoymercedes.com.ar\/principal\/wp-content\/uploads\/2014\/02\/podaedenmunicipio.jpg\"><img loading=\"lazy\" decoding=\"async\" data-attachment-id=\"29728\" data-permalink=\"https:\/\/www.hoymercedes.com.ar\/principal\/2014\/02\/07\/mic-pide-mayor-integracion-en-actividades-del-municipio-y-eden\/podaedenmunicipio\/#main\" data-orig-file=\"https:\/\/www.hoymercedes.com.ar\/principal\/wp-content\/uploads\/2014\/02\/podaedenmunicipio.jpg\" data-orig-size=\"620,413\" data-comments-opened=\"1\" data-image-meta=\"{&quot;aperture&quot;:&quot;0&quot;,&quot;credit&quot;:&quot;&quot;,&quot;camera&quot;:&quot;&quot;,&quot;caption&quot;:&quot;&quot;,&quot;created_timestamp&quot;:&quot;0&quot;,&quot;copyright&quot;:&quot;&quot;,&quot;focal_length&quot;:&quot;0&quot;,&quot;iso&quot;:&quot;0&quot;,&quot;shutter_speed&quot;:&quot;0&quot;,&quot;title&quot;:&quot;&quot;}\" data-image-title=\"podaedenmunicipio\" data-image-description=\"\" data-image-caption=\"&lt;p&gt;Foto: MIC MERCEDES &lt;\/p&gt;\n\" data-large-file=\"https:\/\/www.hoymercedes.com.ar\/principal\/wp-content\/uploads\/2014\/02\/podaedenmunicipio.jpg\" class=\"size-full wp-image-29728\" alt=\"Foto: MIC MERCEDES \" src=\"https:\/\/www.hoymercedes.com.ar\/principal\/wp-content\/uploads\/2014\/02\/podaedenmunicipio.jpg\" width=\"620\" height=\"413\" \/><\/a><figcaption id=\"caption-attachment-29728\" class=\"wp-caption-text\">Foto: MIC MERCEDES<\/figcaption><\/figure>\n<p><em><strong>El bloque de concejales de Mercedes Independiente Comunal &#8211; MIC &#8211; cre\u00f3 un proyecto presentado en el Concejo Deliberante en el que busca se genere un mecanismo que permita una mayor integraci\u00f3n entre las actividades efectuadas por el Municipio y la Empresa de Energ\u00eda El\u00e9ctrica EDEN a la hora de podar las plantas de nuestra\u00a0ciudad.\u00a0<\/strong><\/em><\/p>\n<p>El proyecto que firman Cestari y Badado y que dieron a conocer a la poblaci\u00f3n es el siguiente:<\/p>\n<p style=\"padding-left: 60px;\">VISTO<br \/>\nLa necesidad de coordinar (Entre el Municipio de Mercedes y Eden SA) la poda correctiva de \u00e1rboles existente en la v\u00eda p\u00fablica.<br \/>\nCONSIDERANDO<br \/>\nQue la Empresa Eden SA debe notificar al Municipio la necesidad de realizar podas correctivas de \u00e1rboles existentes en la v\u00eda p\u00fablica que ante inclemencias meteorol\u00f3gicas (vientos, tormentas, etc.) puedan afectar las l\u00edneas de media y baja tensi\u00f3n de energ\u00eda el\u00e9ctrica en la ciudad de Mercedes.<br \/>\nQue los usuarios de Eden SA tienen derecho a no percibir cortes de energ\u00eda el\u00e9ctrica que se pueden prevenir.<br \/>\nAnte lo expuesto el Bloque MIC promueve el siguiente Proyecto de:<br \/>\nRESOLUCI\u00d3N<br \/>\nArt. 1\u00b0. El HCD se dirige al DE, para que a trav\u00e9s del \u00e1rea que corresponde informe:<br \/>\na) \u00a0 \u00a0 \u00a0Si Eden SA de Mercedes notific\u00f3 al Municipio la necesidad de realizar podas correctivas de \u00e1rboles existentes en la v\u00eda p\u00fablica que ante inclemencias meteorol\u00f3gicas (vientos, tormentas, etc.) puedan afectar las l\u00edneas de media y baja tensi\u00f3n de energ\u00eda el\u00e9ctrica en la ciudad de Mercedes durante el per\u00edodo 2011 \u2013 2014.<br \/>\nb) \u00a0 \u00a0 \u00a0En caso de ser afirmativo el enciso a) remitir a este cuerpo legislativo copias de las notificaciones.<br \/>\nc) \u00a0 \u00a0 \u00a0En caso de ser afirmativo el enciso a) detallar acciones que llev\u00f3 a cabo al Municipio en coordinaci\u00f3n con Eden SA al respecto.<br \/>\nArt. 2\u00b0. Los Visto y Considerando forman parte de la presente.<br \/>\nArt. 3\u00b0. De forma.<\/p>\n<p>JUAN CARLOS BADANO \u00a0 \u00a0 \u00a0 \u00a0 \u00a0 \u00a0 \u00a0 \u00a0 \u00a0 \u00a0 \u00a0 \u00a0 \u00a0 \u00a0 \u00a0 \u00a0 \u00a0 \u00a0 \u00a0 \u00a0JOS\u00c9 MAR\u00cdA CESTARI<\/p>\n","protected":false},"excerpt":{"rendered":"<p>El bloque de concejales de Mercedes Independiente Comunal &#8211; MIC &#8211; cre\u00f3 un proyecto presentado en el Concejo Deliberante en &#8230; <a title=\"MIC pide mayor integraci\u00f3n en actividades del Municipio y EDEN\" class=\"read-more\" href=\"https:\/\/www.hoymercedes.com.ar\/principal\/2014\/02\/07\/mic-pide-mayor-integracion-en-actividades-del-municipio-y-eden\/\" aria-label=\"Leer m\u00e1s sobre MIC pide mayor integraci\u00f3n en actividades del Municipio y EDEN\">Leer m\u00e1s<\/a><\/p>\n","protected":false},"author":1,"featured_media":0,"comment_status":"open","ping_status":"open","sticky":false,"template":"","format":"standard","meta":{"_monsterinsights_skip_tracking":false,"_monsterinsights_sitenote_active":false,"_monsterinsights_sitenote_note":"","_monsterinsights_sitenote_category":0,"jetpack_post_was_ever_published":false,"_jetpack_newsletter_access":"","_jetpack_dont_email_post_to_subs":false,"_jetpack_newsletter_tier_id":0,"_jetpack_memberships_contains_paywalled_content":false,"_jetpack_memberships_contains_paid_content":false,"footnotes":"","jetpack_publicize_message":"","jetpack_publicize_feature_enabled":true,"jetpack_social_post_already_shared":false,"jetpack_social_options":{"image_generator_settings":{"template":"highway","default_image_id":0,"font":"","enabled":false},"version":2},"_wpas_customize_per_network":false},"categories":[5],"tags":[1023,4608],"class_list":["post-29726","post","type-post","status-publish","format-standard","hentry","category-politica","tag-eden","tag-poda","generate-columns","tablet-grid-50","mobile-grid-100","grid-parent","grid-50"],"jetpack_publicize_connections":[],"jetpack_featured_media_url":"","wps_subtitle":"","jetpack_sharing_enabled":true,"_links":{"self":[{"href":"https:\/\/www.hoymercedes.com.ar\/principal\/wp-json\/wp\/v2\/posts\/29726","targetHints":{"allow":["GET"]}}],"collection":[{"href":"https:\/\/www.hoymercedes.com.ar\/principal\/wp-json\/wp\/v2\/posts"}],"about":[{"href":"https:\/\/www.hoymercedes.com.ar\/principal\/wp-json\/wp\/v2\/types\/post"}],"author":[{"embeddable":true,"href":"https:\/\/www.hoymercedes.com.ar\/principal\/wp-json\/wp\/v2\/users\/1"}],"replies":[{"embeddable":true,"href":"https:\/\/www.hoymercedes.com.ar\/principal\/wp-json\/wp\/v2\/comments?post=29726"}],"version-history":[{"count":0,"href":"https:\/\/www.hoymercedes.com.ar\/principal\/wp-json\/wp\/v2\/posts\/29726\/revisions"}],"wp:attachment":[{"href":"https:\/\/www.hoymercedes.com.ar\/principal\/wp-json\/wp\/v2\/media?parent=29726"}],"wp:term":[{"taxonomy":"category","embeddable":true,"href":"https:\/\/www.hoymercedes.com.ar\/principal\/wp-json\/wp\/v2\/categories?post=29726"},{"taxonomy":"post_tag","embeddable":true,"href":"https:\/\/www.hoymercedes.com.ar\/principal\/wp-json\/wp\/v2\/tags?post=29726"}],"curies":[{"name":"wp","href":"https:\/\/api.w.org\/{rel}","templated":true}]}}