{"id":29742,"date":"2014-02-08T23:23:04","date_gmt":"2014-02-08T23:23:04","guid":{"rendered":"http:\/\/www.hoymercedes.com.ar\/principal\/?p=29742"},"modified":"2014-02-08T23:23:04","modified_gmt":"2014-02-08T23:23:04","slug":"selva-giustozzi-es-un-dirigente-de-trayectoria-que-dice-las-cosas-como-son-con-firmeza-y-claridad","status":"publish","type":"post","link":"https:\/\/www.hoymercedes.com.ar\/principal\/2014\/02\/08\/selva-giustozzi-es-un-dirigente-de-trayectoria-que-dice-las-cosas-como-son-con-firmeza-y-claridad\/","title":{"rendered":"Selva: \u201cGiustozzi es un dirigente de trayectoria que dice las cosas como son, con firmeza y claridad\u201d"},"content":{"rendered":"<p><a href=\"https:\/\/www.hoymercedes.com.ar\/principal\/wp-content\/uploads\/2014\/02\/selvagiustozzi1.jpg\"><img loading=\"lazy\" decoding=\"async\" data-attachment-id=\"29744\" data-permalink=\"https:\/\/www.hoymercedes.com.ar\/principal\/2014\/02\/08\/selva-giustozzi-es-un-dirigente-de-trayectoria-que-dice-las-cosas-como-son-con-firmeza-y-claridad\/attachment\/29744\/#main\" data-orig-file=\"https:\/\/www.hoymercedes.com.ar\/principal\/wp-content\/uploads\/2014\/02\/selvagiustozzi1.jpg\" data-orig-size=\"620,465\" data-comments-opened=\"1\" data-image-meta=\"{&quot;aperture&quot;:&quot;3.2&quot;,&quot;credit&quot;:&quot;&quot;,&quot;camera&quot;:&quot;SAMSUNG ES55,ES57 \/ VLUU ES55 \/ SAMSUNG SL102&quot;,&quot;caption&quot;:&quot;&quot;,&quot;created_timestamp&quot;:&quot;1236292512&quot;,&quot;copyright&quot;:&quot;COPYRIGHT, 2009&quot;,&quot;focal_length&quot;:&quot;6.3&quot;,&quot;iso&quot;:&quot;200&quot;,&quot;shutter_speed&quot;:&quot;0.022222222222222&quot;,&quot;title&quot;:&quot;&lt;SAMSUNG DIGITAL CAMERA&gt;&quot;}\" data-image-title=\"&lt;SAMSUNG DIGITAL CAMERA&gt;\" data-image-description=\"\" data-image-caption=\"\" data-large-file=\"https:\/\/www.hoymercedes.com.ar\/principal\/wp-content\/uploads\/2014\/02\/selvagiustozzi1.jpg\" class=\"aligncenter size-full wp-image-29744\" alt=\"\" src=\"https:\/\/www.hoymercedes.com.ar\/principal\/wp-content\/uploads\/2014\/02\/selvagiustozzi1.jpg\" width=\"620\" height=\"465\" \/><\/a><\/p>\n<p><strong><i>El intendente de Mercedes, Carlos Selva, apoy\u00f3 los dichos del diputado nacional del Frente Renovador Dar\u00edo Giustozzi, quien destac\u00f3: \u201cScioli se hace el bol\u00fa con Boudou\u201d.<\/i><\/strong><\/p>\n<p>Luego de que la Justicia argentina citar\u00e1 a declarar al vicepresidente Boudou por estar sospechado de realizar negociaciones incompatibles con su funci\u00f3n p\u00fablica en 2010 cuando era Ministro de Econom\u00eda, y de que Dar\u00edo Giustozzi se\u00f1alara que esto\u00a0\u201ces una comedia de enredos y este es el principio de desenlace que algunos hab\u00edamos advertido hace tiempo, y a su vez fue la principal raz\u00f3n que me llev\u00f3 a tomar distancia con el gobierno\u201d, el intendente de Mercedes, Carlos Selva, se manifest\u00f3 en apoyo al diputado.<\/p>\n<p>Al respecto, Selva manifest\u00f3: \u201cLa gran mayor\u00eda de los vecinos de Almirante Brown eligieron a Dar\u00edo como su intendente y desde que participa del Frente Renovador nunca dej\u00f3 de caminar la calle, escuchando los problemas de los vecinos. Ahora es el presidente del bloque de diputados nacionales y por todo esto estoy convencido de que Giustozzi es un dirigente de trayectoria que dice las cosas como son, con firmeza y claridad\u201d.<\/p>\n<p>\u201cHay una constante negaci\u00f3n por parte del gobierno nacional, no s\u00f3lo con el caso Boudou, sino tambi\u00e9n con el problema de la inflaci\u00f3n y de la inseguridad. Desde el Estado se hacen los distra\u00eddos y no ofrecen ninguna respuesta. As\u00ed lo \u00fanico que logran es que el ciudadano no se sienta respetado\u201d, concluy\u00f3 el intendente de Mercedes.<\/p>\n<p>Cabe destacar que d\u00edas atr\u00e1s, el jefe comunal de Mercedes hab\u00eda mantenido un encuentro con el diputado Giustozzi donde abordaron problem\u00e1ticas vinculadas a la situaci\u00f3n actual del pa\u00eds y a las tareas desarrolladas por el bloque de diputados del Frente Renovador y el trabajo realizado por los equipos t\u00e9cnicos en materia econ\u00f3mica.<\/p>\n<p><span style=\"color: #888888;\">Fuente: FR<\/span><\/p>\n","protected":false},"excerpt":{"rendered":"<p>El intendente de Mercedes, Carlos Selva, apoy\u00f3 los dichos del diputado nacional del Frente Renovador Dar\u00edo Giustozzi, quien destac\u00f3: \u201cScioli &#8230; <a title=\"Selva: \u201cGiustozzi es un dirigente de trayectoria que dice las cosas como son, con firmeza y claridad\u201d\" class=\"read-more\" href=\"https:\/\/www.hoymercedes.com.ar\/principal\/2014\/02\/08\/selva-giustozzi-es-un-dirigente-de-trayectoria-que-dice-las-cosas-como-son-con-firmeza-y-claridad\/\" aria-label=\"Leer m\u00e1s sobre Selva: \u201cGiustozzi es un dirigente de trayectoria que dice las cosas como son, con firmeza y claridad\u201d\">Leer m\u00e1s<\/a><\/p>\n","protected":false},"author":1,"featured_media":0,"comment_status":"open","ping_status":"open","sticky":false,"template":"","format":"standard","meta":{"_monsterinsights_skip_tracking":false,"_monsterinsights_sitenote_active":false,"_monsterinsights_sitenote_note":"","_monsterinsights_sitenote_category":0,"jetpack_post_was_ever_published":false,"_jetpack_newsletter_access":"","_jetpack_dont_email_post_to_subs":false,"_jetpack_newsletter_tier_id":0,"_jetpack_memberships_contains_paywalled_content":false,"_jetpack_memberships_contains_paid_content":false,"footnotes":"","jetpack_publicize_message":"","jetpack_publicize_feature_enabled":true,"jetpack_social_post_already_shared":false,"jetpack_social_options":{"image_generator_settings":{"template":"highway","default_image_id":0,"font":"","enabled":false},"version":2},"_wpas_customize_per_network":false},"categories":[5],"tags":[39,4612,4613,3647,4611],"class_list":["post-29742","post","type-post","status-publish","format-standard","hentry","category-politica","tag-carlos-selva","tag-con-firmeza-y-claridad","tag-dario-giustozzi","tag-frente-renovador-mercedes","tag-selva-giustozzi-es-un-dirigente-de-trayectoria-que-dice-las-cosas-como-son","generate-columns","tablet-grid-50","mobile-grid-100","grid-parent","grid-50"],"jetpack_publicize_connections":[],"jetpack_featured_media_url":"","wps_subtitle":"","jetpack_sharing_enabled":true,"_links":{"self":[{"href":"https:\/\/www.hoymercedes.com.ar\/principal\/wp-json\/wp\/v2\/posts\/29742","targetHints":{"allow":["GET"]}}],"collection":[{"href":"https:\/\/www.hoymercedes.com.ar\/principal\/wp-json\/wp\/v2\/posts"}],"about":[{"href":"https:\/\/www.hoymercedes.com.ar\/principal\/wp-json\/wp\/v2\/types\/post"}],"author":[{"embeddable":true,"href":"https:\/\/www.hoymercedes.com.ar\/principal\/wp-json\/wp\/v2\/users\/1"}],"replies":[{"embeddable":true,"href":"https:\/\/www.hoymercedes.com.ar\/principal\/wp-json\/wp\/v2\/comments?post=29742"}],"version-history":[{"count":0,"href":"https:\/\/www.hoymercedes.com.ar\/principal\/wp-json\/wp\/v2\/posts\/29742\/revisions"}],"wp:attachment":[{"href":"https:\/\/www.hoymercedes.com.ar\/principal\/wp-json\/wp\/v2\/media?parent=29742"}],"wp:term":[{"taxonomy":"category","embeddable":true,"href":"https:\/\/www.hoymercedes.com.ar\/principal\/wp-json\/wp\/v2\/categories?post=29742"},{"taxonomy":"post_tag","embeddable":true,"href":"https:\/\/www.hoymercedes.com.ar\/principal\/wp-json\/wp\/v2\/tags?post=29742"}],"curies":[{"name":"wp","href":"https:\/\/api.w.org\/{rel}","templated":true}]}}