{"id":29825,"date":"2014-02-11T04:11:15","date_gmt":"2014-02-11T04:11:15","guid":{"rendered":"http:\/\/www.hoymercedes.com.ar\/principal\/?p=29825"},"modified":"2014-02-12T11:15:46","modified_gmt":"2014-02-12T11:15:46","slug":"santana-no-voy-a-permitir-me-sigan-maltratando","status":"publish","type":"post","link":"https:\/\/www.hoymercedes.com.ar\/principal\/2014\/02\/11\/santana-no-voy-a-permitir-me-sigan-maltratando\/","title":{"rendered":"Santana: \u00abNo voy a permitir me sigan maltratando\u00bb"},"content":{"rendered":"<figure id=\"attachment_29828\" aria-describedby=\"caption-attachment-29828\" style=\"width: 606px\" class=\"wp-caption aligncenter\"><a href=\"https:\/\/www.hoymercedes.com.ar\/principal\/wp-content\/uploads\/2014\/02\/SantanaAlejandra.jpg\"><img loading=\"lazy\" decoding=\"async\" data-attachment-id=\"29828\" data-permalink=\"https:\/\/www.hoymercedes.com.ar\/principal\/2014\/02\/11\/santana-no-voy-a-permitir-me-sigan-maltratando\/santanaalejandra\/#main\" data-orig-file=\"https:\/\/www.hoymercedes.com.ar\/principal\/wp-content\/uploads\/2014\/02\/SantanaAlejandra.jpg\" data-orig-size=\"616,959\" data-comments-opened=\"1\" data-image-meta=\"{&quot;aperture&quot;:&quot;0&quot;,&quot;credit&quot;:&quot;&quot;,&quot;camera&quot;:&quot;&quot;,&quot;caption&quot;:&quot;&quot;,&quot;created_timestamp&quot;:&quot;0&quot;,&quot;copyright&quot;:&quot;&quot;,&quot;focal_length&quot;:&quot;0&quot;,&quot;iso&quot;:&quot;0&quot;,&quot;shutter_speed&quot;:&quot;0&quot;,&quot;title&quot;:&quot;&quot;}\" data-image-title=\"SantanaAlejandra\" data-image-description=\"\" data-image-caption=\"&lt;p&gt;Alejandra Santana&lt;\/p&gt;\n\" data-large-file=\"https:\/\/www.hoymercedes.com.ar\/principal\/wp-content\/uploads\/2014\/02\/SantanaAlejandra.jpg\" class=\"size-full wp-image-29828\" alt=\"Alejandra Santana \" src=\"https:\/\/www.hoymercedes.com.ar\/principal\/wp-content\/uploads\/2014\/02\/SantanaAlejandra.jpg\" width=\"616\" height=\"959\" srcset=\"https:\/\/www.hoymercedes.com.ar\/principal\/wp-content\/uploads\/2014\/02\/SantanaAlejandra.jpg 616w, https:\/\/www.hoymercedes.com.ar\/principal\/wp-content\/uploads\/2014\/02\/SantanaAlejandra-398x620.jpg 398w\" sizes=\"auto, (max-width: 616px) 100vw, 616px\" \/><\/a><figcaption id=\"caption-attachment-29828\" class=\"wp-caption-text\">Alejandra Santana<\/figcaption><\/figure>\n<p><em><strong>Alejandra Santana, dirigente barrial, se manifest\u00f3 respecto al a Federaci\u00f3n de Sociedades de Fomento y donde narra su visi\u00f3n de los hechos en torno a una reciente aparici\u00f3n p\u00fablica del referente del barrio Esperanza, Agust\u00edn Pasini, donde solicitaba elecciones en la Federaci\u00f3n de Sociedades de Fomento, entre otros aspectos.\u00a0<\/strong><\/em><\/p>\n<p>Santana sostuvo: <em>\u201cquiero aclarar que en diciembre estuve con el fomentista Pasini y le comente que se iba a esperar a que se armaran algunas sociedades de fomento que faltaban y ya iba a llamar a elecciones. Lo afirmo\u00a0 para aclarar los comentarios del fomentista Tambi\u00e9n voy a aclarar que tome mi mandato y me entreg\u00f3 todos los papeles el Sr. Gustavo Marzano quien fuera desde el 2008 presidente. Mi mandato comenz\u00f3 en el 2011 a el nadie le dijo nada ante lo cual entiendo es conmigo y as\u00ed se me est\u00e1 amenazando que si no llamo a lecciones se me sacara si o si. Esas fueron las palabras de Pasini que ya estuvo en la Federaci\u00f3n y no hizo nada!!! las elecciones se van a realizar como se deben con el marco legal que se tiene que respetar, y cuando se refiere a que no se hizo nada no es asi. Se han logrado en estos dos a\u00f1os muchas cosas a pesar de las cuestiones pol\u00edticas, la mas importante es ser una Federaci\u00f3n independiente sin permitir a ning\u00fan pol\u00edtico que la maneje, se a ayudado a vecinos con enfermedades que ten\u00edan que trasladarse fuera Mercedes, se est\u00e1 acompa\u00f1ando al barrio Lapentaa conformar un Centro de Jubilados que en ese barrio hace a\u00f1os que nadie arma nada. Se a acompa\u00f1ado a distintas sociedades de fomento en los armados de listas, confecci\u00f3n de boletas, en el barrio Los Duraznos se acompa\u00f1\u00f3 a su presidente para la gesti\u00f3n de la apertura del CAPS \u2013 sala de atenci\u00f3n primaria de salud- del barrio que hacia a\u00f1os que no funcionaba y hoy esta en funci\u00f3n,\u00a0 se ayuda actualmente con medicamentos que son solicitados a m\u00e9dicos que apoyan con sus muestras gratis, se present\u00f3 un proyecto con fecha el 08\/08\/2011 en el concejo deliberante para la realizaci\u00f3n de el extendido de luz y mejoramiento de calles del barrio Redes cuya resoluci\u00f3n sali\u00f3 favorable ya que todos los concejales acompa\u00f1aron el proyecto que a\u00fan no se realiz\u00f3,\u00a0 pero en estos d\u00edas ya se empezar\u00e1 a trabajar sobre el tema, en cuanto a las sociedades de fomento que se conformaron son las siguientes\u201d: Duraznos, San Antonio, 3 de Octubre, Unidad y progreso, Villa del Parque,\u00a0 G\u00fcemes, Facundo Quiroga, Hip\u00f3lito Yrigoyen, Soldado Balvidares, Eva Duarte, Lomas del pac\u00edfico, Calvillo, Las palmas, Malvinas, San Justo, La amistas, El rosedal, Marchetti, Villa industrial este, Medalla milagrosa, Santa teresita, 12 de octubre, Lopardo, La pampita, Alma fuerte. A todos \u00e9stos barrios de una manera u otra se les acompa\u00f1o y en algunos casos directamente se gestiono el armado de sus comisiones. Cabe destacar que faltan algunos barrios en estos d\u00edas van a elecciones.\u201d<\/em>, remarc\u00f3 la dirigente barrial que de \u00e9sta manera contin\u00faa la pol\u00e9mica tras el pedido de Agust\u00edn Pasini de convocar pronto a elecciones en la Federaci\u00f3n de Sociedad de Fomento de nuestra ciudad.<\/p>\n","protected":false},"excerpt":{"rendered":"<p>Alejandra Santana, dirigente barrial, se manifest\u00f3 respecto al a Federaci\u00f3n de Sociedades de Fomento y donde narra su visi\u00f3n de &#8230; <a title=\"Santana: \u00abNo voy a permitir me sigan maltratando\u00bb\" class=\"read-more\" href=\"https:\/\/www.hoymercedes.com.ar\/principal\/2014\/02\/11\/santana-no-voy-a-permitir-me-sigan-maltratando\/\" aria-label=\"Leer m\u00e1s sobre Santana: \u00abNo voy a permitir me sigan maltratando\u00bb\">Leer m\u00e1s<\/a><\/p>\n","protected":false},"author":1,"featured_media":0,"comment_status":"open","ping_status":"open","sticky":false,"template":"","format":"standard","meta":{"_monsterinsights_skip_tracking":false,"_monsterinsights_sitenote_active":false,"_monsterinsights_sitenote_note":"","_monsterinsights_sitenote_category":0,"jetpack_post_was_ever_published":false,"_jetpack_newsletter_access":"","_jetpack_dont_email_post_to_subs":false,"_jetpack_newsletter_tier_id":0,"_jetpack_memberships_contains_paywalled_content":false,"_jetpack_memberships_contains_paid_content":false,"footnotes":"","jetpack_publicize_message":"","jetpack_publicize_feature_enabled":true,"jetpack_social_post_already_shared":false,"jetpack_social_options":{"image_generator_settings":{"template":"highway","default_image_id":0,"font":"","enabled":false},"version":2},"_wpas_customize_per_network":false},"categories":[5],"tags":[1805,4631],"class_list":["post-29825","post","type-post","status-publish","format-standard","hentry","category-politica","tag-alejandra-santana","tag-santana-no-voy-a-permitir-me-sigan-maltratando","generate-columns","tablet-grid-50","mobile-grid-100","grid-parent","grid-50"],"jetpack_publicize_connections":[],"jetpack_featured_media_url":"","wps_subtitle":"","jetpack_sharing_enabled":true,"_links":{"self":[{"href":"https:\/\/www.hoymercedes.com.ar\/principal\/wp-json\/wp\/v2\/posts\/29825","targetHints":{"allow":["GET"]}}],"collection":[{"href":"https:\/\/www.hoymercedes.com.ar\/principal\/wp-json\/wp\/v2\/posts"}],"about":[{"href":"https:\/\/www.hoymercedes.com.ar\/principal\/wp-json\/wp\/v2\/types\/post"}],"author":[{"embeddable":true,"href":"https:\/\/www.hoymercedes.com.ar\/principal\/wp-json\/wp\/v2\/users\/1"}],"replies":[{"embeddable":true,"href":"https:\/\/www.hoymercedes.com.ar\/principal\/wp-json\/wp\/v2\/comments?post=29825"}],"version-history":[{"count":0,"href":"https:\/\/www.hoymercedes.com.ar\/principal\/wp-json\/wp\/v2\/posts\/29825\/revisions"}],"wp:attachment":[{"href":"https:\/\/www.hoymercedes.com.ar\/principal\/wp-json\/wp\/v2\/media?parent=29825"}],"wp:term":[{"taxonomy":"category","embeddable":true,"href":"https:\/\/www.hoymercedes.com.ar\/principal\/wp-json\/wp\/v2\/categories?post=29825"},{"taxonomy":"post_tag","embeddable":true,"href":"https:\/\/www.hoymercedes.com.ar\/principal\/wp-json\/wp\/v2\/tags?post=29825"}],"curies":[{"name":"wp","href":"https:\/\/api.w.org\/{rel}","templated":true}]}}