{"id":29911,"date":"2014-02-14T02:39:38","date_gmt":"2014-02-14T02:39:38","guid":{"rendered":"http:\/\/www.hoymercedes.com.ar\/principal\/?p=29911"},"modified":"2014-02-16T03:32:31","modified_gmt":"2014-02-16T03:32:31","slug":"de-pedro-asumio-en-el-consejo-de-la-magistratura","status":"publish","type":"post","link":"https:\/\/www.hoymercedes.com.ar\/principal\/2014\/02\/14\/de-pedro-asumio-en-el-consejo-de-la-magistratura\/","title":{"rendered":"De Pedro asumi\u00f3 en el Consejo de la Magistratura"},"content":{"rendered":"<figure id=\"attachment_29913\" aria-describedby=\"caption-attachment-29913\" style=\"width: 610px\" class=\"wp-caption aligncenter\"><a href=\"https:\/\/www.hoymercedes.com.ar\/principal\/wp-content\/uploads\/2014\/02\/JuraWadodePedro.jpg\"><img loading=\"lazy\" decoding=\"async\" data-attachment-id=\"29913\" data-permalink=\"https:\/\/www.hoymercedes.com.ar\/principal\/2014\/02\/14\/de-pedro-asumio-en-el-consejo-de-la-magistratura\/jurawadodepedro\/#main\" data-orig-file=\"https:\/\/www.hoymercedes.com.ar\/principal\/wp-content\/uploads\/2014\/02\/JuraWadodePedro.jpg\" data-orig-size=\"620,268\" data-comments-opened=\"1\" data-image-meta=\"{&quot;aperture&quot;:&quot;0&quot;,&quot;credit&quot;:&quot;&quot;,&quot;camera&quot;:&quot;&quot;,&quot;caption&quot;:&quot;&quot;,&quot;created_timestamp&quot;:&quot;0&quot;,&quot;copyright&quot;:&quot;&quot;,&quot;focal_length&quot;:&quot;0&quot;,&quot;iso&quot;:&quot;0&quot;,&quot;shutter_speed&quot;:&quot;0&quot;,&quot;title&quot;:&quot;&quot;}\" data-image-title=\"JuraWadodePedro\" data-image-description=\"\" data-image-caption=\"\" data-large-file=\"https:\/\/www.hoymercedes.com.ar\/principal\/wp-content\/uploads\/2014\/02\/JuraWadodePedro.jpg\" class=\"size-full wp-image-29913\" alt=\"JuraWadodePedro\" src=\"https:\/\/www.hoymercedes.com.ar\/principal\/wp-content\/uploads\/2014\/02\/JuraWadodePedro.jpg\" width=\"620\" height=\"268\" \/><\/a><figcaption id=\"caption-attachment-29913\" class=\"wp-caption-text\">Foto: http:\/\/www.consejomagistratura.gov.ar<\/figcaption><\/figure>\n<p>Finalmente se concret\u00f3 la jura de los nuevos integrantes del Consejo de la Magistratura y entre ellos el Diputado Nacional y mercedino Eduardo \u201cWado\u201d De Pedro qui\u00e9n lo hace como integrante del Frente para la Victoria.<\/p>\n<p>Junto con \u00e9l jur\u00f3 el vice ministro, y hombre af\u00edn a De Pedro, Juli\u00e1n \u00c1lvarez. Recordemos que el Consejo de la Magistratura es el espacio que se encarga de promover y renovar jueves y que est\u00e1 compuesto por referentes de diferentes instituciones.<\/p>\n<p>En la ceremonia estuvieron presentes el Presidente de la Corte Suprema de Justicia, Ricardo Lorenzetti y la Vice presidenta, Elena Highton de Nolasco quienes les tomaron juramento.<\/p>\n<p>Wado De Pedro ser\u00e1 representante por la mayor\u00eda de la C\u00e1mara de Diputados mientras que \u00c1lvarez lo hace por el Ejecutivo Nacional.<\/p>\n","protected":false},"excerpt":{"rendered":"<p>Finalmente se concret\u00f3 la jura de los nuevos integrantes del Consejo de la Magistratura y entre ellos el Diputado Nacional &#8230; <a title=\"De Pedro asumi\u00f3 en el Consejo de la Magistratura\" class=\"read-more\" href=\"https:\/\/www.hoymercedes.com.ar\/principal\/2014\/02\/14\/de-pedro-asumio-en-el-consejo-de-la-magistratura\/\" aria-label=\"Leer m\u00e1s sobre De Pedro asumi\u00f3 en el Consejo de la Magistratura\">Leer m\u00e1s<\/a><\/p>\n","protected":false},"author":1,"featured_media":0,"comment_status":"open","ping_status":"open","sticky":false,"template":"","format":"standard","meta":{"_monsterinsights_skip_tracking":false,"_monsterinsights_sitenote_active":false,"_monsterinsights_sitenote_note":"","_monsterinsights_sitenote_category":0,"jetpack_post_was_ever_published":false,"_jetpack_newsletter_access":"","_jetpack_dont_email_post_to_subs":false,"_jetpack_newsletter_tier_id":0,"_jetpack_memberships_contains_paywalled_content":false,"_jetpack_memberships_contains_paid_content":false,"footnotes":"","jetpack_publicize_message":"","jetpack_publicize_feature_enabled":true,"jetpack_social_post_already_shared":false,"jetpack_social_options":{"image_generator_settings":{"template":"highway","default_image_id":0,"font":"","enabled":false},"version":2},"_wpas_customize_per_network":false},"categories":[5],"tags":[4437,281],"class_list":["post-29911","post","type-post","status-publish","format-standard","hentry","category-politica","tag-consejo-de-la-magistratura","tag-wado-de-pedro","generate-columns","tablet-grid-50","mobile-grid-100","grid-parent","grid-50"],"jetpack_publicize_connections":[],"jetpack_featured_media_url":"","wps_subtitle":"Nuevo rol","jetpack_sharing_enabled":true,"_links":{"self":[{"href":"https:\/\/www.hoymercedes.com.ar\/principal\/wp-json\/wp\/v2\/posts\/29911","targetHints":{"allow":["GET"]}}],"collection":[{"href":"https:\/\/www.hoymercedes.com.ar\/principal\/wp-json\/wp\/v2\/posts"}],"about":[{"href":"https:\/\/www.hoymercedes.com.ar\/principal\/wp-json\/wp\/v2\/types\/post"}],"author":[{"embeddable":true,"href":"https:\/\/www.hoymercedes.com.ar\/principal\/wp-json\/wp\/v2\/users\/1"}],"replies":[{"embeddable":true,"href":"https:\/\/www.hoymercedes.com.ar\/principal\/wp-json\/wp\/v2\/comments?post=29911"}],"version-history":[{"count":0,"href":"https:\/\/www.hoymercedes.com.ar\/principal\/wp-json\/wp\/v2\/posts\/29911\/revisions"}],"wp:attachment":[{"href":"https:\/\/www.hoymercedes.com.ar\/principal\/wp-json\/wp\/v2\/media?parent=29911"}],"wp:term":[{"taxonomy":"category","embeddable":true,"href":"https:\/\/www.hoymercedes.com.ar\/principal\/wp-json\/wp\/v2\/categories?post=29911"},{"taxonomy":"post_tag","embeddable":true,"href":"https:\/\/www.hoymercedes.com.ar\/principal\/wp-json\/wp\/v2\/tags?post=29911"}],"curies":[{"name":"wp","href":"https:\/\/api.w.org\/{rel}","templated":true}]}}