{"id":29937,"date":"2014-02-15T05:01:40","date_gmt":"2014-02-15T05:01:40","guid":{"rendered":"http:\/\/www.hoymercedes.com.ar\/principal\/?p=29937"},"modified":"2014-02-16T03:29:11","modified_gmt":"2014-02-16T03:29:11","slug":"plan-progresar-hasta-el-miercoles-hay-plazo-para-inscribirse","status":"publish","type":"post","link":"https:\/\/www.hoymercedes.com.ar\/principal\/2014\/02\/15\/plan-progresar-hasta-el-miercoles-hay-plazo-para-inscribirse\/","title":{"rendered":"Plan PROGRESAR: Hasta el mi\u00e9rcoles hay plazo para inscribirse"},"content":{"rendered":"<p><a href=\"https:\/\/www.hoymercedes.com.ar\/principal\/wp-content\/uploads\/2014\/02\/prograsar.mercedes.jpg\"><img loading=\"lazy\" decoding=\"async\" data-attachment-id=\"29939\" data-permalink=\"https:\/\/www.hoymercedes.com.ar\/principal\/2014\/02\/15\/plan-progresar-hasta-el-miercoles-hay-plazo-para-inscribirse\/prograsar-mercedes\/#main\" data-orig-file=\"https:\/\/www.hoymercedes.com.ar\/principal\/wp-content\/uploads\/2014\/02\/prograsar.mercedes.jpg\" data-orig-size=\"620,311\" data-comments-opened=\"1\" data-image-meta=\"{&quot;aperture&quot;:&quot;0&quot;,&quot;credit&quot;:&quot;SEBASTIAN_AMBROSSIO&quot;,&quot;camera&quot;:&quot;&quot;,&quot;caption&quot;:&quot;&quot;,&quot;created_timestamp&quot;:&quot;0&quot;,&quot;copyright&quot;:&quot;Sebastian Ambrossio_&quot;,&quot;focal_length&quot;:&quot;0&quot;,&quot;iso&quot;:&quot;0&quot;,&quot;shutter_speed&quot;:&quot;0&quot;,&quot;title&quot;:&quot;&quot;}\" data-image-title=\"prograsar.mercedes\" data-image-description=\"\" data-image-caption=\"\" data-large-file=\"https:\/\/www.hoymercedes.com.ar\/principal\/wp-content\/uploads\/2014\/02\/prograsar.mercedes.jpg\" class=\"aligncenter size-full wp-image-29939\" alt=\"prograsar.mercedes\" src=\"https:\/\/www.hoymercedes.com.ar\/principal\/wp-content\/uploads\/2014\/02\/prograsar.mercedes.jpg\" width=\"620\" height=\"311\" \/><\/a><\/p>\n<p><em><strong>La inscripci\u00f3n para el plan PROGRESAR, una beca lanzada por el gobierno nacional y destinada a estudiantes de 18 a 24 a\u00f1os de edad, vencer\u00e1 este mi\u00e9rcoles 19, record\u00f3 el gerente regional de la ANSES, Juan Ignacio Ustarroz, durante un encuentro informativo desarrollado ayer jueves en la Sociedad Espa\u00f1ola.<\/strong><\/em><\/p>\n<p>Durante el encuentro con distintos chicos que re\u00fanen las condiciones para anotarse en el programa, \u2018Juani\u2019 Ustarroz inform\u00f3 tambi\u00e9n que la inscripci\u00f3n puede realizarse en la sede de la ANSES (29 y 34), el Centro de Referencia del Ministerio de Desarrollo Social de la Naci\u00f3n (CDR, ex Mart\u00edn Rodr\u00edguez) o a trav\u00e9s de internet.<\/p>\n<p>\u201cLa idea central de este proyecto anunciado por la Presidenta (Cristina Fern\u00e1ndez de Kirchner) es ayudarlos a que finalicen sus estudios, ya sean primarios, secundarios, terciarios, universitarios o cursos de oficios. La educaci\u00f3n es la base de una sociedad m\u00e1s justa e igualitaria, por eso el Progresar nos parece un plan muy importante\u201d, dijo Ustarroz, presidente del bloque de concejales del Frente Mercedino para la Victoria.<\/p>\n<p>Seg\u00fan asegur\u00f3 \u2018Juani\u2019, en Mercedes \u201chay alrededor de dos mil chicos que re\u00fanen las condiciones para inscribirse en el Progresar\u201d. Por tal motivo, el gerente de ANSES estuvo recorriendo distintos barrios de la ciudad para dar a conocer los alcances y beneficios del programa, adem\u00e1s de organizar la charla en la sede de la Sociedad Espa\u00f1ola.<\/p>\n<p>Adem\u00e1s de recomendarles a los j\u00f3venes la necesidad de completar los tr\u00e1mites \u201ccon la mayor celeridad posible para que en marzo ya puedan recibir la beca\u201d, el concejal del Frente Mercedino record\u00f3 la importancia de la capacitaci\u00f3n. \u201cEsto es para ustedes \u2013les dijo a los chicos-, es por su futuro, por eso lo tienen que aprovechar\u201d.<\/p>\n<p>El PROGRESAR es una prestaci\u00f3n no contributiva de 600 pesos mensuales destinada a brindar apoyo econ\u00f3mico para que los j\u00f3venes de entre 18 y 24 a\u00f1os inclusive puedan completar sus estudios de cualquier nivel educativo. Brindar\u00e1 asistencia adicional para la inserci\u00f3n laboral de los j\u00f3venes, a trav\u00e9s del Ministerio de Trabajo y para el cuidado de los hijos a trav\u00e9s del Ministerio de Desarrollo Social cuando fuera necesario.<\/p>\n<p>El pago de la prestaci\u00f3n, una vez cumplidos los tr\u00e1mites de la inscripci\u00f3n, se realizar\u00e1 mensualmente en una cuenta bancaria que se le tramitar\u00e1 al titular correspondiente y se informar\u00e1 a trav\u00e9s de un mensaje de texto, un correo electr\u00f3nico o en la p\u00e1gina Mi ANSES.<\/p>\n<p>Los requisitos b\u00e1sicos son tener una edad comprendida entre los 18 y 24 a\u00f1os inclusive; ser argentino, nativo o naturalizado (y si es extranjero con una residencia m\u00ednima de cinco a\u00f1os en el pa\u00eds); tener el DNI actualizado; acreditar la condici\u00f3n de alumno regular ante un establecimiento educativo acreditado por el Ministerio de Educaci\u00f3n de la Naci\u00f3n; y completar el formulario PS 2.76 \u201cSolicitud \u2013 PROGRESAR\u201d.<\/p>\n<p>\u201cEstamos consolidando un sistema de seguridad social sin precedentes en nuestra historia, con una pol\u00edtica de Estado. Este programa es de respaldo a estudiantes de la Argentina pero, a diferencia de la AUH, no lo financia la ANSES sino que lo financia el Tesoro nacional. Este \u00faltimo derecho que estamos incorporando tiene que ver con los j\u00f3venes de 18 a 24 a\u00f1os que no estudian, que no tienen trabajo o que teniendo un trabajo es informal o que siendo formal no alcanzan a tener el m\u00ednimo vital y m\u00f3vil que se establece por ley como salario\u00bb, explic\u00f3 Cristina Fern\u00e1ndez de Kirchner en el lanzamiento.<\/p>\n<p><span style=\"color: #888888;\">Fuente: FMpV<\/span><\/p>\n","protected":false},"excerpt":{"rendered":"<p>La inscripci\u00f3n para el plan PROGRESAR, una beca lanzada por el gobierno nacional y destinada a estudiantes de 18 a &#8230; <a title=\"Plan PROGRESAR: Hasta el mi\u00e9rcoles hay plazo para inscribirse\" class=\"read-more\" href=\"https:\/\/www.hoymercedes.com.ar\/principal\/2014\/02\/15\/plan-progresar-hasta-el-miercoles-hay-plazo-para-inscribirse\/\" aria-label=\"Leer m\u00e1s sobre Plan PROGRESAR: Hasta el mi\u00e9rcoles hay plazo para inscribirse\">Leer m\u00e1s<\/a><\/p>\n","protected":false},"author":1,"featured_media":0,"comment_status":"open","ping_status":"open","sticky":false,"template":"","format":"standard","meta":{"_monsterinsights_skip_tracking":false,"_monsterinsights_sitenote_active":false,"_monsterinsights_sitenote_note":"","_monsterinsights_sitenote_category":0,"jetpack_post_was_ever_published":false,"_jetpack_newsletter_access":"","_jetpack_dont_email_post_to_subs":false,"_jetpack_newsletter_tier_id":0,"_jetpack_memberships_contains_paywalled_content":false,"_jetpack_memberships_contains_paid_content":false,"footnotes":"","jetpack_publicize_message":"","jetpack_publicize_feature_enabled":true,"jetpack_social_post_already_shared":false,"jetpack_social_options":{"image_generator_settings":{"template":"highway","default_image_id":0,"font":"","enabled":false},"version":2},"_wpas_customize_per_network":false},"categories":[5],"tags":[35,4657],"class_list":["post-29937","post","type-post","status-publish","format-standard","hentry","category-politica","tag-anses-mercedes","tag-plan-progresar-hasta-el-miercoles-hay-plazo-para-inscribirse","generate-columns","tablet-grid-50","mobile-grid-100","grid-parent","grid-50"],"jetpack_publicize_connections":[],"jetpack_featured_media_url":"","wps_subtitle":"Estado Nacional","jetpack_sharing_enabled":true,"_links":{"self":[{"href":"https:\/\/www.hoymercedes.com.ar\/principal\/wp-json\/wp\/v2\/posts\/29937","targetHints":{"allow":["GET"]}}],"collection":[{"href":"https:\/\/www.hoymercedes.com.ar\/principal\/wp-json\/wp\/v2\/posts"}],"about":[{"href":"https:\/\/www.hoymercedes.com.ar\/principal\/wp-json\/wp\/v2\/types\/post"}],"author":[{"embeddable":true,"href":"https:\/\/www.hoymercedes.com.ar\/principal\/wp-json\/wp\/v2\/users\/1"}],"replies":[{"embeddable":true,"href":"https:\/\/www.hoymercedes.com.ar\/principal\/wp-json\/wp\/v2\/comments?post=29937"}],"version-history":[{"count":0,"href":"https:\/\/www.hoymercedes.com.ar\/principal\/wp-json\/wp\/v2\/posts\/29937\/revisions"}],"wp:attachment":[{"href":"https:\/\/www.hoymercedes.com.ar\/principal\/wp-json\/wp\/v2\/media?parent=29937"}],"wp:term":[{"taxonomy":"category","embeddable":true,"href":"https:\/\/www.hoymercedes.com.ar\/principal\/wp-json\/wp\/v2\/categories?post=29937"},{"taxonomy":"post_tag","embeddable":true,"href":"https:\/\/www.hoymercedes.com.ar\/principal\/wp-json\/wp\/v2\/tags?post=29937"}],"curies":[{"name":"wp","href":"https:\/\/api.w.org\/{rel}","templated":true}]}}