{"id":30000,"date":"2014-02-17T11:37:42","date_gmt":"2014-02-17T11:37:42","guid":{"rendered":"http:\/\/www.hoymercedes.com.ar\/principal\/?p=30000"},"modified":"2014-02-18T18:38:02","modified_gmt":"2014-02-18T18:38:02","slug":"paris-gianini-buscara-contar-con-sociedad-de-fomento","status":"publish","type":"post","link":"https:\/\/www.hoymercedes.com.ar\/principal\/2014\/02\/17\/paris-gianini-buscara-contar-con-sociedad-de-fomento\/","title":{"rendered":"Paris Gianini buscar\u00e1 contar con Sociedad de Fomento"},"content":{"rendered":"<p><a href=\"https:\/\/www.hoymercedes.com.ar\/principal\/wp-content\/uploads\/2014\/02\/calle1.jpg\"><img loading=\"lazy\" decoding=\"async\" data-attachment-id=\"29999\" data-permalink=\"https:\/\/www.hoymercedes.com.ar\/principal\/calle1\/\" data-orig-file=\"https:\/\/www.hoymercedes.com.ar\/principal\/wp-content\/uploads\/2014\/02\/calle1.jpg\" data-orig-size=\"620,465\" data-comments-opened=\"1\" data-image-meta=\"{&quot;aperture&quot;:&quot;0&quot;,&quot;credit&quot;:&quot;&quot;,&quot;camera&quot;:&quot;&quot;,&quot;caption&quot;:&quot;&quot;,&quot;created_timestamp&quot;:&quot;0&quot;,&quot;copyright&quot;:&quot;&quot;,&quot;focal_length&quot;:&quot;0&quot;,&quot;iso&quot;:&quot;0&quot;,&quot;shutter_speed&quot;:&quot;0&quot;,&quot;title&quot;:&quot;&quot;}\" data-image-title=\"calle1\" data-image-description=\"\" data-image-caption=\"\" data-large-file=\"https:\/\/www.hoymercedes.com.ar\/principal\/wp-content\/uploads\/2014\/02\/calle1.jpg\" class=\"aligncenter size-full wp-image-29999\" alt=\"calle1\" src=\"https:\/\/www.hoymercedes.com.ar\/principal\/wp-content\/uploads\/2014\/02\/calle1.jpg\" width=\"620\" height=\"465\" \/><\/a><\/p>\n<p><em><strong>El barrio \u00abPar\u00eds Gianini\u00bb se propone en el 2014 comenzar a trabajar en torno a su Sociedad de Fomento y es por ello que se ha iniciado el armado de una Comisi\u00f3n Directiva.<\/strong><\/em><\/p>\n<p>A su vez \u00e9ste grupo de vecinos est\u00e1 trabajando en la presentaci\u00f3n de un proyecto en el Honorable Concejo Deliberante con el objetivo de que se arregle la calle 1, como tambi\u00e9n limpieza de zanjas, alcantarillas y construcci\u00f3n de veredas.<\/p>\n<p>La barriada no tiene una comisi\u00f3n a cargo de la Sociedad de Fomento desde el 9 de octubre de 1999 cuando el \u00faltimo representante fue Sergio Aladro.<\/p>\n<p>Se prev\u00e9 en los pr\u00f3ximos d\u00edas se convoque formalmente a los interesados a ser parte de la direcci\u00f3n barrial as\u00ed como la invitaci\u00f3n a ser parte del acto eleccionario.<\/p>\n","protected":false},"excerpt":{"rendered":"<p>El barrio \u00abPar\u00eds Gianini\u00bb se propone en el 2014 comenzar a trabajar en torno a su Sociedad de Fomento y &#8230; <a title=\"Paris Gianini buscar\u00e1 contar con Sociedad de Fomento\" class=\"read-more\" href=\"https:\/\/www.hoymercedes.com.ar\/principal\/2014\/02\/17\/paris-gianini-buscara-contar-con-sociedad-de-fomento\/\" aria-label=\"Leer m\u00e1s sobre Paris Gianini buscar\u00e1 contar con Sociedad de Fomento\">Leer m\u00e1s<\/a><\/p>\n","protected":false},"author":1,"featured_media":0,"comment_status":"open","ping_status":"open","sticky":false,"template":"","format":"standard","meta":{"_monsterinsights_skip_tracking":false,"_monsterinsights_sitenote_active":false,"_monsterinsights_sitenote_note":"","_monsterinsights_sitenote_category":0,"jetpack_post_was_ever_published":false,"_jetpack_newsletter_access":"","_jetpack_dont_email_post_to_subs":false,"_jetpack_newsletter_tier_id":0,"_jetpack_memberships_contains_paywalled_content":false,"_jetpack_memberships_contains_paid_content":false,"footnotes":"","jetpack_publicize_message":"","jetpack_publicize_feature_enabled":true,"jetpack_social_post_already_shared":false,"jetpack_social_options":{"image_generator_settings":{"template":"highway","default_image_id":0,"font":"","enabled":false},"version":2},"_wpas_customize_per_network":false},"categories":[5],"tags":[4673,3366,4672],"class_list":["post-30000","post","type-post","status-publish","format-standard","hentry","category-politica","tag-barrio-paris-giannini","tag-elecciones-barriales-mercedes","tag-paris-giannini-buscara-contar-con-sociedad-de-fomento","generate-columns","tablet-grid-50","mobile-grid-100","grid-parent","grid-50"],"jetpack_publicize_connections":[],"jetpack_featured_media_url":"","wps_subtitle":"Elecciones barriales","jetpack_sharing_enabled":true,"_links":{"self":[{"href":"https:\/\/www.hoymercedes.com.ar\/principal\/wp-json\/wp\/v2\/posts\/30000","targetHints":{"allow":["GET"]}}],"collection":[{"href":"https:\/\/www.hoymercedes.com.ar\/principal\/wp-json\/wp\/v2\/posts"}],"about":[{"href":"https:\/\/www.hoymercedes.com.ar\/principal\/wp-json\/wp\/v2\/types\/post"}],"author":[{"embeddable":true,"href":"https:\/\/www.hoymercedes.com.ar\/principal\/wp-json\/wp\/v2\/users\/1"}],"replies":[{"embeddable":true,"href":"https:\/\/www.hoymercedes.com.ar\/principal\/wp-json\/wp\/v2\/comments?post=30000"}],"version-history":[{"count":0,"href":"https:\/\/www.hoymercedes.com.ar\/principal\/wp-json\/wp\/v2\/posts\/30000\/revisions"}],"wp:attachment":[{"href":"https:\/\/www.hoymercedes.com.ar\/principal\/wp-json\/wp\/v2\/media?parent=30000"}],"wp:term":[{"taxonomy":"category","embeddable":true,"href":"https:\/\/www.hoymercedes.com.ar\/principal\/wp-json\/wp\/v2\/categories?post=30000"},{"taxonomy":"post_tag","embeddable":true,"href":"https:\/\/www.hoymercedes.com.ar\/principal\/wp-json\/wp\/v2\/tags?post=30000"}],"curies":[{"name":"wp","href":"https:\/\/api.w.org\/{rel}","templated":true}]}}