{"id":30069,"date":"2014-02-20T01:52:12","date_gmt":"2014-02-20T01:52:12","guid":{"rendered":"http:\/\/www.hoymercedes.com.ar\/principal\/?p=30069"},"modified":"2014-02-20T01:52:12","modified_gmt":"2014-02-20T01:52:12","slug":"lanzan-concejales-para-la-victoria-con-presencia-mercedina","status":"publish","type":"post","link":"https:\/\/www.hoymercedes.com.ar\/principal\/2014\/02\/20\/lanzan-concejales-para-la-victoria-con-presencia-mercedina\/","title":{"rendered":"Lanzan \u201cConcejales para la Victoria\u201d con presencia mercedina"},"content":{"rendered":"<p><del><a href=\"https:\/\/www.hoymercedes.com.ar\/principal\/wp-content\/uploads\/2014\/02\/DePedro_SanMiguel_ConcejalesparalaVictoria.jpg\"><img loading=\"lazy\" decoding=\"async\" data-attachment-id=\"30071\" data-permalink=\"https:\/\/www.hoymercedes.com.ar\/principal\/2014\/02\/20\/lanzan-concejales-para-la-victoria-con-presencia-mercedina\/depedro_sanmiguel_concejalesparalavictoria\/#main\" data-orig-file=\"https:\/\/www.hoymercedes.com.ar\/principal\/wp-content\/uploads\/2014\/02\/DePedro_SanMiguel_ConcejalesparalaVictoria.jpg\" data-orig-size=\"620,413\" data-comments-opened=\"1\" data-image-meta=\"{&quot;aperture&quot;:&quot;0&quot;,&quot;credit&quot;:&quot;&quot;,&quot;camera&quot;:&quot;&quot;,&quot;caption&quot;:&quot;&quot;,&quot;created_timestamp&quot;:&quot;0&quot;,&quot;copyright&quot;:&quot;&quot;,&quot;focal_length&quot;:&quot;0&quot;,&quot;iso&quot;:&quot;0&quot;,&quot;shutter_speed&quot;:&quot;0&quot;,&quot;title&quot;:&quot;&quot;}\" data-image-title=\"DePedro_SanMiguel_ConcejalesparalaVictoria\" data-image-description=\"\" data-image-caption=\"&lt;p&gt;Foto: Twitter De Pedro&lt;\/p&gt;\n\" data-large-file=\"https:\/\/www.hoymercedes.com.ar\/principal\/wp-content\/uploads\/2014\/02\/DePedro_SanMiguel_ConcejalesparalaVictoria.jpg\" class=\"size-full wp-image-30071\" alt=\"Foto: Twitter De Pedro\" src=\"https:\/\/www.hoymercedes.com.ar\/principal\/wp-content\/uploads\/2014\/02\/DePedro_SanMiguel_ConcejalesparalaVictoria.jpg\" width=\"620\" height=\"413\" \/><\/a><\/p>\n<p><\/del><\/p>\n<dl class=\"wp-caption aligncenter\" id=\"attachment_30071\" style=\"width: 630px;\">\n<dd class=\"wp-caption-dd\">Foto: Twitter De Pedro<\/dd>\n<\/dl>\n<p><em><strong>Durante un acto efectuado en la localidad de San Miguel se lanz\u00f3 \u201cConcejales para la Victoria\u201d como un nuevo espacio pol\u00edtico del oficialismo.\u00a0 Eduardo \u201cWado\u201d De Pedro entre los presentes. Tambi\u00e9n estuvo Juan Ustarroz.<\/strong><\/em><\/p>\n<p>La presentaci\u00f3n se llev\u00f3 a cabo en tierras del massista Joaqu\u00edn de la Torre, uno de los hombres que incluso juega para ser candidato a gobernador por dicha fuerza.<\/p>\n<p>En el acto se pudo ver a una importante cantidad de representantes del oficialismo nacional, entre ellos el Diputado Nacional <strong>Wado De Pedro<\/strong> qui\u00e9n manifest\u00f3:<i> \u00abSomos la reserva kirchnerista peronista\u00bb <\/i>sosteniendo al ser uno de los principales oradores <i>que \u201ctenemos el orgullo de ser la reserva kirchnerista peronista de nuestros distritos, ac\u00e1 no hay oportunismos sino que hay militancia y compromiso\u201d.<\/i><\/p>\n<p>En el encuentro remarcaron que no hay un enfrentamiento con el Sciolismo sino que un trabajo en conjunto en el campo distrital concreto.<\/p>\n<p>Tambi\u00e9n estuvo presente<strong> Juan Ustarroz<\/strong>, concejal de nuestra ciudad que representa al Frente para la Victoria.<\/p>\n","protected":false},"excerpt":{"rendered":"<p>Foto: Twitter De Pedro Durante un acto efectuado en la localidad de San Miguel se lanz\u00f3 \u201cConcejales para la Victoria\u201d &#8230; <a title=\"Lanzan \u201cConcejales para la Victoria\u201d con presencia mercedina\" class=\"read-more\" href=\"https:\/\/www.hoymercedes.com.ar\/principal\/2014\/02\/20\/lanzan-concejales-para-la-victoria-con-presencia-mercedina\/\" aria-label=\"Leer m\u00e1s sobre Lanzan \u201cConcejales para la Victoria\u201d con presencia mercedina\">Leer m\u00e1s<\/a><\/p>\n","protected":false},"author":1,"featured_media":0,"comment_status":"open","ping_status":"open","sticky":false,"template":"","format":"standard","meta":{"_monsterinsights_skip_tracking":false,"_monsterinsights_sitenote_active":false,"_monsterinsights_sitenote_note":"","_monsterinsights_sitenote_category":0,"jetpack_post_was_ever_published":false,"_jetpack_newsletter_access":"","_jetpack_dont_email_post_to_subs":false,"_jetpack_newsletter_tier_id":0,"_jetpack_memberships_contains_paywalled_content":false,"_jetpack_memberships_contains_paid_content":false,"footnotes":"","jetpack_publicize_message":"","jetpack_publicize_feature_enabled":true,"jetpack_social_post_already_shared":false,"jetpack_social_options":{"image_generator_settings":{"template":"highway","default_image_id":0,"font":"","enabled":false},"version":2},"_wpas_customize_per_network":false},"categories":[5],"tags":[4699,562,585,281],"class_list":["post-30069","post","type-post","status-publish","format-standard","hentry","category-politica","tag-concejales-frente-para-la-victoria","tag-frente-para-la-victoria","tag-juan-ustarroz","tag-wado-de-pedro","generate-columns","tablet-grid-50","mobile-grid-100","grid-parent","grid-50"],"jetpack_publicize_connections":[],"jetpack_featured_media_url":"","wps_subtitle":"Desde el oficialismo nacional ","jetpack_sharing_enabled":true,"_links":{"self":[{"href":"https:\/\/www.hoymercedes.com.ar\/principal\/wp-json\/wp\/v2\/posts\/30069","targetHints":{"allow":["GET"]}}],"collection":[{"href":"https:\/\/www.hoymercedes.com.ar\/principal\/wp-json\/wp\/v2\/posts"}],"about":[{"href":"https:\/\/www.hoymercedes.com.ar\/principal\/wp-json\/wp\/v2\/types\/post"}],"author":[{"embeddable":true,"href":"https:\/\/www.hoymercedes.com.ar\/principal\/wp-json\/wp\/v2\/users\/1"}],"replies":[{"embeddable":true,"href":"https:\/\/www.hoymercedes.com.ar\/principal\/wp-json\/wp\/v2\/comments?post=30069"}],"version-history":[{"count":0,"href":"https:\/\/www.hoymercedes.com.ar\/principal\/wp-json\/wp\/v2\/posts\/30069\/revisions"}],"wp:attachment":[{"href":"https:\/\/www.hoymercedes.com.ar\/principal\/wp-json\/wp\/v2\/media?parent=30069"}],"wp:term":[{"taxonomy":"category","embeddable":true,"href":"https:\/\/www.hoymercedes.com.ar\/principal\/wp-json\/wp\/v2\/categories?post=30069"},{"taxonomy":"post_tag","embeddable":true,"href":"https:\/\/www.hoymercedes.com.ar\/principal\/wp-json\/wp\/v2\/tags?post=30069"}],"curies":[{"name":"wp","href":"https:\/\/api.w.org\/{rel}","templated":true}]}}