{"id":30092,"date":"2014-02-21T01:11:22","date_gmt":"2014-02-21T01:11:22","guid":{"rendered":"http:\/\/www.hoymercedes.com.ar\/principal\/?p=30092"},"modified":"2014-02-21T01:17:52","modified_gmt":"2014-02-21T01:17:52","slug":"micseria-bueno-selva-se-siente-a-planificar-el-mejoramiento-del-hospital","status":"publish","type":"post","link":"https:\/\/www.hoymercedes.com.ar\/principal\/2014\/02\/21\/micseria-bueno-selva-se-siente-a-planificar-el-mejoramiento-del-hospital\/","title":{"rendered":"MIC: \u00abSer\u00eda bueno Selva se siente a planificar el mejoramiento del Hospital\u00bb"},"content":{"rendered":"<p><a href=\"https:\/\/www.hoymercedes.com.ar\/principal\/wp-content\/uploads\/2014\/02\/Mic.SaludPublica.jpg\"><img loading=\"lazy\" decoding=\"async\" data-attachment-id=\"30094\" data-permalink=\"https:\/\/www.hoymercedes.com.ar\/principal\/2014\/02\/21\/micseria-bueno-selva-se-siente-a-planificar-el-mejoramiento-del-hospital\/mic-saludpublica\/#main\" data-orig-file=\"https:\/\/www.hoymercedes.com.ar\/principal\/wp-content\/uploads\/2014\/02\/Mic.SaludPublica.jpg\" data-orig-size=\"620,465\" data-comments-opened=\"1\" data-image-meta=\"{&quot;aperture&quot;:&quot;0&quot;,&quot;credit&quot;:&quot;&quot;,&quot;camera&quot;:&quot;&quot;,&quot;caption&quot;:&quot;&quot;,&quot;created_timestamp&quot;:&quot;0&quot;,&quot;copyright&quot;:&quot;&quot;,&quot;focal_length&quot;:&quot;0&quot;,&quot;iso&quot;:&quot;0&quot;,&quot;shutter_speed&quot;:&quot;0&quot;,&quot;title&quot;:&quot;&quot;}\" data-image-title=\"Mic.SaludPublica\" data-image-description=\"\" data-image-caption=\"\" data-large-file=\"https:\/\/www.hoymercedes.com.ar\/principal\/wp-content\/uploads\/2014\/02\/Mic.SaludPublica.jpg\" class=\"aligncenter size-full wp-image-30094\" alt=\"Mic.SaludPublica\" src=\"https:\/\/www.hoymercedes.com.ar\/principal\/wp-content\/uploads\/2014\/02\/Mic.SaludPublica.jpg\" width=\"620\" height=\"465\" \/><\/a><\/p>\n<p><strong>Por MIC Mercedes\u00a0<\/strong><\/p>\n<p><em><strong>El derecho a la salud es considerado fundamental para la vida de las personas y se relaciona directamente con todos los derechos humanos.<\/strong><\/em><\/p>\n<p>En la Argentina, este derecho est\u00e1 garantizado por la Constituci\u00f3n Nacional a partir de la reforma de 1994, que incluy\u00f3 en el texto constitucional los pactos y convenciones que lo establecen en el nivel internacional.<\/p>\n<p>El Estado nacional define pol\u00edticas p\u00fablicas que son desarrolladas y aplicadas por el Ministerio de Salud de la Naci\u00f3n y el Consejo Federal de Salud, encargado de coordinar tales pol\u00edticas con todas las provincias.<\/p>\n<p>En Mercedes tenemos el Hospital Zonal General Agudos Blas Dubarry que pertenece al \u00e1mbito de la medicina p\u00fablica provincial.<\/p>\n<p>Los Caps (Centros de atenci\u00f3n primaria de la salud) y el CIC (Centro Integral Comunitario) dependen directamente de la Direcci\u00f3n de Salud de la Municipalidad de Mercedes.<\/p>\n<p>Los roles son diferentes pero la coordinaci\u00f3n es fundamental para mejorar la calidad de vida de los mercedinos.<\/p>\n<p>Comenz\u00f3 la investigaci\u00f3n visitando tres lugares.<\/p>\n<p>1) Hospital Municipal de San Andr\u00e9s de Giles.<\/p>\n<p>Fuimos recibidos por el Director, Dr. Miguel Novello, quien nos acompa\u00f1\u00f3 a recorrer todo el hospital. El presupuesto depende del Municipio y de la coparticipaci\u00f3n provincial. El actual intendente (en uso de licencia) Luis Ghione es m\u00e9dico y le dio un fuerte impulso al hospital desde su gesti\u00f3n. El Hospital San Andr\u00e9s es uno de los m\u00e1s completos de la zona; posee 70 camas, m\u00e1s 75 camas en el Hogar Geri\u00e1trico Nuestra Se\u00f1ora de Luj\u00e1n. Cuenta con una ambulancia de alta complejidad con un m\u00e9dico, una enfermera y un chofer, asimismo una trafic para derivaci\u00f3n de pacientes, playa de estacionamiento y helipuerto. Tiene una edificaci\u00f3n modernizada con habitaciones muy bien equipadas, oxigeno central en todo el hospital, un n\u00facleo de quir\u00f3fanos modernos, servicio de di\u00e1lisis, mamograf\u00eda, tomograf\u00eda computarizada, junta evaluadora de discapacidad, psicopatolog\u00eda, entre otros servicios de diagn\u00f3stico y tratamiento esenciales. Cuenta con un excelente recurso humano profesional y no profesional (140 empleados). Una sala de ateneos para m\u00e9dicos. No hay neurolog\u00eda y neonatolog\u00eda.<\/p>\n<p>Tiene un significativo n\u00famero de especialidades en consultorios externos e interconsultas de pacientes internados (neumonolog\u00eda, oftalmolog\u00eda, otorrinolaringolog\u00eda,etc), adem\u00e1s de las especialidades b\u00e1sicas con servicios de guardia permanentes; pediatr\u00eda, cl\u00ednica general, traumatolog\u00eda, cirug\u00eda general y ginecolog\u00eda y obstetricia. La guardia activa los 365 d\u00edas del a\u00f1o cuenta con dos m\u00e9dicos cl\u00ednicos, un pediatra y un terapista. La coordinaci\u00f3n Municipio \u2013 Hospital, los recursos econ\u00f3micos y la calidad profesional de los recursos humanos son fundamentales.<\/p>\n<p>2) Direcci\u00f3n de Salud de Mercedes.<\/p>\n<p>Nos atendi\u00f3 la Directora de Salud de Mercedes, Dra. Liliana Masserio.<\/p>\n<p>La Coordinadora de los Centros de Atenci\u00f3n Primaria de la Salud (CAPS), que son 18 en Mercedes, es la Dra. Mar\u00eda Marta Gonz\u00e1lez. Se busca la prevenci\u00f3n. La idea es que sean consultorios personalizados, que el paciente no sea un n\u00famero.<\/p>\n<p>Los CAPS son muy importantes para la atenci\u00f3n primaria. El m\u00e9dico hospitalario est\u00e1 abarrotado de trabajo y eso hace que no haya un m\u00e9dico de cabecera para la gente. Estos centros buscan volver a esa manera de atender. La enfermedad no es solo s\u00edntomas sino que hay muchos factores que inciden como el nivel socio econ\u00f3mico por ejemplo. Los m\u00e9dicos de los CAPS buscan conocer a la persona y diagnosticar en consecuencia. Se ve de otra forma al paciente. La salud bonaerense est\u00e1 colapsada. Es importante este tipo de atenci\u00f3n porque no se da abasto y los recursos que manda la provincia no son suficientes para la demanda que requiere Mercedes en materia de salud. Funcionan en horario municipal, hay una enfermera y turnos (m\u00e9dicos cl\u00ednicos, pediatras, ginec\u00f3logos, asistentes sociales, psic\u00f3logos, estimulaci\u00f3n temprana, etc).<\/p>\n<p>El CIC (Centro Integral Comunitario) est\u00e1 a cargo de Isabel Molles y presta m\u00e1s servicios (neur\u00f3logo, cardi\u00f3logo, fonoaudi\u00f3logo, ecograf\u00eda y laboratorio).<\/p>\n<p>Seg\u00fan el MIC el Municipio no brinda servicios de guardia (24 hs) sino que hay una extensi\u00f3n de mayor horas, por ejemplo en los CAPS del Trocha y del San Francisco hay pediatr\u00eda los s\u00e1bados de 9 a 12 hs, y en el CIC los s\u00e1bados y domingos de 9 a 13 hs y de 15 a 21 hs (esto \u00faltimo a partir de marzo). Traumatolog\u00eda (a trav\u00e9s de un acuerdo con el CEC) los s\u00e1bados y domingos de 9 a 20 hs.<\/p>\n<p>El MIC ve como algo positivo la atenci\u00f3n primaria de la salud y la extensi\u00f3n horaria que propone el municipio, pero hay que coordinar para fortalecer la atenci\u00f3n en la emergencia y la internaci\u00f3n en nuestro hospital.<\/p>\n<p>Los mercedinos que pagamos las tasas municipales, hacemos un peque\u00f1o aporte econ\u00f3mico, no solamente al Hospital, sino tambi\u00e9n a los Bomberos Voluntarios de Mercedes.<\/p>\n<p>3) Hospital Blas Dubarry.<\/p>\n<p>Nos atendi\u00f3 el Director, Dr. Rodolfo Pr\u00edncipi, Dispuso del tiempo necesario para explicarnos el funcionamiento general del nosocomio.<\/p>\n<p>Cuenta con 30 especialidades, servicios de medicina general, atenci\u00f3n ambulatoria, internaci\u00f3n, diagn\u00f3stico, tratamiento, cuenta con 138 camas.<\/p>\n<p>Luego visitamos neonatolog\u00eda, pediatr\u00eda, el quir\u00f3fano, terapia intensiva (donde conversamos con el Dr. Jos\u00e9 Mar\u00eda Comesa\u00f1a, entre otros). Hay 130 enfermeras, este a\u00f1o se han nombrado 50 cargos nuevos. El mayor porcentaje de los pacientes que ingresan a la guardia es por accidentes de tr\u00e1nsito. Se recibieron equipamientos e insumos a trav\u00e9s de fondos afectados o subsidios nacionales, provinciales y municipales (que obviamente se obtienen de los tributos de muchos ciudadanos argentinos) pero todo esto no alcanza si no se logra una coordinaci\u00f3n entre el Municipio y el Hospital.<\/p>\n<p>Conclusiones del MIC:<\/p>\n<p>El Hospital Zonal General Agudos Blas Dubarry es la instituci\u00f3n p\u00fablica responsable de la emergencia en la v\u00eda p\u00fablica e internaci\u00f3n de los mercedinos en forma gratuita, igualitaria y de calidad.<\/p>\n<p>Es fundamental la coordinaci\u00f3n entre los actores sociales que tienen a cargo la asignaci\u00f3n de fondos afectados a la salud p\u00fablica, a trav\u00e9s de presupuestos o programas, a nivel nacional, provincial y municipal.<\/p>\n<p>Si bien es muy necesario el equipamiento de un hospital, no alcanza si no se cubren los recursos humanos necesarios para satisfacer la demanda de 1.200 personas, aproximadamente, que pasan por hospital diariamente. En este sentido un objetivo a corto plazo es llegar a tener una guardia pedi\u00e1trica y traumatol\u00f3gica, fundamentalmente los fines de semanas y feriados.<\/p>\n<p>Ser\u00eda muy bueno para los mercedinos que el Intendente Carlos Selva (elegido por el voto popular) se siente a planificar el mejoramiento del Hospital, junto a quien designara como Director, all\u00e1 por 2004, el Dr, Rodolfo Pr\u00edncipi, Si bien hoy est\u00e1n distanciados por militar en diferentes frentes pol\u00edticos, los ciudadanos no podemos ser rehenes de esa disputa, porque la pol\u00edtica genuina es estar al servicio de los mercedinos.<\/p>\n<p>La educaci\u00f3n es fundamental para valorar la cultura del trabajo, necesitamos trabajadores de la salud que perciban un salario digno y est\u00e9n comprometidos con su trabajo, que el superior los valore y que atiendan a los pacientes con lo m\u00e1ximo que puedan dar.<\/p>\n","protected":false},"excerpt":{"rendered":"<p>Por MIC Mercedes\u00a0 El derecho a la salud es considerado fundamental para la vida de las personas y se relaciona &#8230; <a title=\"MIC: \u00abSer\u00eda bueno Selva se siente a planificar el mejoramiento del Hospital\u00bb\" class=\"read-more\" href=\"https:\/\/www.hoymercedes.com.ar\/principal\/2014\/02\/21\/micseria-bueno-selva-se-siente-a-planificar-el-mejoramiento-del-hospital\/\" aria-label=\"Leer m\u00e1s sobre MIC: \u00abSer\u00eda bueno Selva se siente a planificar el mejoramiento del Hospital\u00bb\">Leer m\u00e1s<\/a><\/p>\n","protected":false},"author":1,"featured_media":0,"comment_status":"open","ping_status":"open","sticky":false,"template":"","format":"standard","meta":{"_monsterinsights_skip_tracking":false,"_monsterinsights_sitenote_active":false,"_monsterinsights_sitenote_note":"","_monsterinsights_sitenote_category":0,"jetpack_post_was_ever_published":false,"_jetpack_newsletter_access":"","_jetpack_dont_email_post_to_subs":false,"_jetpack_newsletter_tier_id":0,"_jetpack_memberships_contains_paywalled_content":false,"_jetpack_memberships_contains_paid_content":false,"footnotes":"","jetpack_publicize_message":"","jetpack_publicize_feature_enabled":true,"jetpack_social_post_already_shared":false,"jetpack_social_options":{"image_generator_settings":{"template":"highway","default_image_id":0,"font":"","enabled":false},"version":2},"_wpas_customize_per_network":false},"categories":[5],"tags":[4115,321,4701],"class_list":["post-30092","post","type-post","status-publish","format-standard","hentry","category-politica","tag-carlos-badano","tag-jose-cestari","tag-micseria-bueno-selva-se-siente-a-planificar-el-mejoramiento-del-hospital","generate-columns","tablet-grid-50","mobile-grid-100","grid-parent","grid-50"],"jetpack_publicize_connections":[],"jetpack_featured_media_url":"","wps_subtitle":"Cestari y Badano recorrieron centro de salud","jetpack_sharing_enabled":true,"_links":{"self":[{"href":"https:\/\/www.hoymercedes.com.ar\/principal\/wp-json\/wp\/v2\/posts\/30092","targetHints":{"allow":["GET"]}}],"collection":[{"href":"https:\/\/www.hoymercedes.com.ar\/principal\/wp-json\/wp\/v2\/posts"}],"about":[{"href":"https:\/\/www.hoymercedes.com.ar\/principal\/wp-json\/wp\/v2\/types\/post"}],"author":[{"embeddable":true,"href":"https:\/\/www.hoymercedes.com.ar\/principal\/wp-json\/wp\/v2\/users\/1"}],"replies":[{"embeddable":true,"href":"https:\/\/www.hoymercedes.com.ar\/principal\/wp-json\/wp\/v2\/comments?post=30092"}],"version-history":[{"count":0,"href":"https:\/\/www.hoymercedes.com.ar\/principal\/wp-json\/wp\/v2\/posts\/30092\/revisions"}],"wp:attachment":[{"href":"https:\/\/www.hoymercedes.com.ar\/principal\/wp-json\/wp\/v2\/media?parent=30092"}],"wp:term":[{"taxonomy":"category","embeddable":true,"href":"https:\/\/www.hoymercedes.com.ar\/principal\/wp-json\/wp\/v2\/categories?post=30092"},{"taxonomy":"post_tag","embeddable":true,"href":"https:\/\/www.hoymercedes.com.ar\/principal\/wp-json\/wp\/v2\/tags?post=30092"}],"curies":[{"name":"wp","href":"https:\/\/api.w.org\/{rel}","templated":true}]}}