{"id":30096,"date":"2014-02-21T01:17:43","date_gmt":"2014-02-21T01:17:43","guid":{"rendered":"http:\/\/www.hoymercedes.com.ar\/principal\/?p=30096"},"modified":"2014-02-21T01:17:43","modified_gmt":"2014-02-21T01:17:43","slug":"selva-visitas-y-rearmado-provincial-desde-mercedes","status":"publish","type":"post","link":"https:\/\/www.hoymercedes.com.ar\/principal\/2014\/02\/21\/selva-visitas-y-rearmado-provincial-desde-mercedes\/","title":{"rendered":"Selva: visitas y rearmado provincial desde Mercedes"},"content":{"rendered":"<p>&nbsp;<\/p>\n<p><a href=\"https:\/\/www.hoymercedes.com.ar\/principal\/wp-content\/uploads\/2014\/02\/Selva.Concejales.Visitas.jpg\"><img loading=\"lazy\" decoding=\"async\" data-attachment-id=\"30098\" data-permalink=\"https:\/\/www.hoymercedes.com.ar\/principal\/2014\/02\/21\/selva-visitas-y-rearmado-provincial-desde-mercedes\/selva-concejales-visitas\/#main\" data-orig-file=\"https:\/\/www.hoymercedes.com.ar\/principal\/wp-content\/uploads\/2014\/02\/Selva.Concejales.Visitas.jpg\" data-orig-size=\"620,465\" data-comments-opened=\"1\" data-image-meta=\"{&quot;aperture&quot;:&quot;0&quot;,&quot;credit&quot;:&quot;&quot;,&quot;camera&quot;:&quot;&quot;,&quot;caption&quot;:&quot;&quot;,&quot;created_timestamp&quot;:&quot;0&quot;,&quot;copyright&quot;:&quot;&quot;,&quot;focal_length&quot;:&quot;0&quot;,&quot;iso&quot;:&quot;0&quot;,&quot;shutter_speed&quot;:&quot;0&quot;,&quot;title&quot;:&quot;&quot;}\" data-image-title=\"Selva.Concejales.Visitas\" data-image-description=\"\" data-image-caption=\"\" data-large-file=\"https:\/\/www.hoymercedes.com.ar\/principal\/wp-content\/uploads\/2014\/02\/Selva.Concejales.Visitas.jpg\" class=\"aligncenter size-full wp-image-30098\" alt=\"Selva.Concejales.Visitas\" src=\"https:\/\/www.hoymercedes.com.ar\/principal\/wp-content\/uploads\/2014\/02\/Selva.Concejales.Visitas.jpg\" width=\"620\" height=\"465\" \/><\/a><\/p>\n<p><em><strong>Carlos Selva contin\u00faa convirti\u00e9ndose en un referente provincial del Frente Renovador. No s\u00f3lo se lo observa en las principales reuniones en toda la provincia sino que desde hace un tiempo viene recibiendo en nuestra ciudad importantes visitas.<\/strong><\/em><\/p>\n<p>Este jueves se volvi\u00f3 en el espacio partidario de avenida 29 entre 20 y 22 a vivir una reuni\u00f3n de las voluntades selvistas, con el intendente, funcionarios y, en esta ocasi\u00f3n, una cantidad de visitantes que dieron un marco especial a la velada.<\/p>\n<p>Carlos Selva fue el anfitri\u00f3n que recibi\u00f3 a concejales de nueve ciudades distintas que vinieron a ser parte del encuentro habitual del partido y tener un di\u00e1logo frente a frente con Selva que, como est\u00e1 quedando expuesto, su perfil de armador provincial del Frente Renovador es una realidad.<\/p>\n<p>Selva recibi\u00f3 el apoyo de los concejales que se anunciaron ser parte del equipo de trabajo del intendente en t\u00e9rminos del Frente Renovador. Como se dice: el apoyo de las voluntades, que suma Selva.<\/p>\n<p>Chivilcoy, Junin, Bragado, Chacabuco entre otras localidades presentes, adem\u00e1s de juventudes de las localidades visitantes.<\/p>\n","protected":false},"excerpt":{"rendered":"<p>&nbsp; Carlos Selva contin\u00faa convirti\u00e9ndose en un referente provincial del Frente Renovador. No s\u00f3lo se lo observa en las principales &#8230; <a title=\"Selva: visitas y rearmado provincial desde Mercedes\" class=\"read-more\" href=\"https:\/\/www.hoymercedes.com.ar\/principal\/2014\/02\/21\/selva-visitas-y-rearmado-provincial-desde-mercedes\/\" aria-label=\"Leer m\u00e1s sobre Selva: visitas y rearmado provincial desde Mercedes\">Leer m\u00e1s<\/a><\/p>\n","protected":false},"author":1,"featured_media":0,"comment_status":"open","ping_status":"open","sticky":false,"template":"","format":"standard","meta":{"_monsterinsights_skip_tracking":false,"_monsterinsights_sitenote_active":false,"_monsterinsights_sitenote_note":"","_monsterinsights_sitenote_category":0,"jetpack_post_was_ever_published":false,"_jetpack_newsletter_access":"","_jetpack_dont_email_post_to_subs":false,"_jetpack_newsletter_tier_id":0,"_jetpack_memberships_contains_paywalled_content":false,"_jetpack_memberships_contains_paid_content":false,"footnotes":"","jetpack_publicize_message":"","jetpack_publicize_feature_enabled":true,"jetpack_social_post_already_shared":false,"jetpack_social_options":{"image_generator_settings":{"template":"highway","default_image_id":0,"font":"","enabled":false},"version":2},"_wpas_customize_per_network":false},"categories":[5],"tags":[],"class_list":["post-30096","post","type-post","status-publish","format-standard","hentry","category-politica","generate-columns","tablet-grid-50","mobile-grid-100","grid-parent","grid-50"],"jetpack_publicize_connections":[],"jetpack_featured_media_url":"","wps_subtitle":"Frente Renovador","jetpack_sharing_enabled":true,"_links":{"self":[{"href":"https:\/\/www.hoymercedes.com.ar\/principal\/wp-json\/wp\/v2\/posts\/30096","targetHints":{"allow":["GET"]}}],"collection":[{"href":"https:\/\/www.hoymercedes.com.ar\/principal\/wp-json\/wp\/v2\/posts"}],"about":[{"href":"https:\/\/www.hoymercedes.com.ar\/principal\/wp-json\/wp\/v2\/types\/post"}],"author":[{"embeddable":true,"href":"https:\/\/www.hoymercedes.com.ar\/principal\/wp-json\/wp\/v2\/users\/1"}],"replies":[{"embeddable":true,"href":"https:\/\/www.hoymercedes.com.ar\/principal\/wp-json\/wp\/v2\/comments?post=30096"}],"version-history":[{"count":0,"href":"https:\/\/www.hoymercedes.com.ar\/principal\/wp-json\/wp\/v2\/posts\/30096\/revisions"}],"wp:attachment":[{"href":"https:\/\/www.hoymercedes.com.ar\/principal\/wp-json\/wp\/v2\/media?parent=30096"}],"wp:term":[{"taxonomy":"category","embeddable":true,"href":"https:\/\/www.hoymercedes.com.ar\/principal\/wp-json\/wp\/v2\/categories?post=30096"},{"taxonomy":"post_tag","embeddable":true,"href":"https:\/\/www.hoymercedes.com.ar\/principal\/wp-json\/wp\/v2\/tags?post=30096"}],"curies":[{"name":"wp","href":"https:\/\/api.w.org\/{rel}","templated":true}]}}