{"id":30238,"date":"2014-02-23T17:48:38","date_gmt":"2014-02-23T17:48:38","guid":{"rendered":"http:\/\/www.hoymercedes.com.ar\/principal\/?p=30238"},"modified":"2014-02-23T17:49:24","modified_gmt":"2014-02-23T17:49:24","slug":"lujan-tendra-escuela-de-policia-y-escuadron-de-caballeria","status":"publish","type":"post","link":"https:\/\/www.hoymercedes.com.ar\/principal\/2014\/02\/23\/lujan-tendra-escuela-de-policia-y-escuadron-de-caballeria\/","title":{"rendered":"Luj\u00e1n tendr\u00e1 \u00abEscuela de Polic\u00eda\u00bb y \u00abEscuadr\u00f3n de Caballer\u00eda\u00bb"},"content":{"rendered":"<p><em><strong>La vecina ciudad de Luj\u00e1n contar\u00e1 con un importante incremento de servicios de seguridad seg\u00fan dispusieron desde \u00e1mbitos provinciales. Contar\u00e1n con una Escuela de Polic\u00edas y \u00a0un Escuadr\u00f3n de Caballer\u00eda. M\u00f3viles y designaciones. Todo tras la masiva marcha de d\u00edas atr\u00e1s.<\/strong><\/em><\/p>\n<p>Tras la seguidilla de actos de inseguridad y la masiva movilizaci\u00f3n de d\u00edas atr\u00e1s que oblig\u00f3 a funcionarios locales y provinciales a tomar cartas en el asunto se empiezan a realizar fuertes anuncios para la vecina ciudad.<\/p>\n<p>Contar\u00e1 Luj\u00e1n con 20 nuevos efectivos y dos patrullas en lo inmediato. A ello se suman los cuatriciclos prometidos y un dato no menor que es la generaci\u00f3n de una Escuela de Polic\u00eda en el \u00e1mbito del Instituto Emilio Ferm\u00edn Mignone de dicha localidad. Otro dato interesante es que el intendente Oscar Lucciani inform\u00f3 a la Comisi\u00f3n de Seguridad que el Escuadr\u00f3n de Caballer\u00eda que se instalar\u00e1 de manera permanente se llamar\u00eda \u201cEscuadr\u00f3n Luj\u00e1n\u201d.<\/p>\n<p>Respecto a la Escuela de Polic\u00edas se estar\u00e1n inspeccionando los espacios. La comuna se har\u00e1 cargo de las instalaciones.<\/p>\n<p>&nbsp;<\/p>\n<p>&nbsp;<\/p>\n<p>&nbsp;<\/p>\n<p>&nbsp;<\/p>\n<p>&nbsp;<\/p>\n<p>&nbsp;<\/p>\n<p>&nbsp;<\/p>\n<p>&nbsp;<\/p>\n<p>&nbsp;<\/p>\n","protected":false},"excerpt":{"rendered":"<p>La vecina ciudad de Luj\u00e1n contar\u00e1 con un importante incremento de servicios de seguridad seg\u00fan dispusieron desde \u00e1mbitos provinciales. Contar\u00e1n &#8230; <a title=\"Luj\u00e1n tendr\u00e1 \u00abEscuela de Polic\u00eda\u00bb y \u00abEscuadr\u00f3n de Caballer\u00eda\u00bb\" class=\"read-more\" href=\"https:\/\/www.hoymercedes.com.ar\/principal\/2014\/02\/23\/lujan-tendra-escuela-de-policia-y-escuadron-de-caballeria\/\" aria-label=\"Leer m\u00e1s sobre Luj\u00e1n tendr\u00e1 \u00abEscuela de Polic\u00eda\u00bb y \u00abEscuadr\u00f3n de Caballer\u00eda\u00bb\">Leer m\u00e1s<\/a><\/p>\n","protected":false},"author":1,"featured_media":0,"comment_status":"open","ping_status":"open","sticky":false,"template":"","format":"standard","meta":{"_monsterinsights_skip_tracking":false,"_monsterinsights_sitenote_active":false,"_monsterinsights_sitenote_note":"","_monsterinsights_sitenote_category":0,"jetpack_post_was_ever_published":false,"_jetpack_newsletter_access":"","_jetpack_dont_email_post_to_subs":false,"_jetpack_newsletter_tier_id":0,"_jetpack_memberships_contains_paywalled_content":false,"_jetpack_memberships_contains_paid_content":false,"footnotes":"","jetpack_publicize_message":"","jetpack_publicize_feature_enabled":true,"jetpack_social_post_already_shared":false,"jetpack_social_options":{"image_generator_settings":{"template":"highway","default_image_id":0,"font":"","enabled":false},"version":2},"_wpas_customize_per_network":false},"categories":[8],"tags":[4718,86,802],"class_list":["post-30238","post","type-post","status-publish","format-standard","hentry","category-sociedad","tag-escuela-de-policia-lujan","tag-lujan","tag-seguridad","generate-columns","tablet-grid-50","mobile-grid-100","grid-parent","grid-50"],"jetpack_publicize_connections":[],"jetpack_featured_media_url":"","wps_subtitle":"Tras movilizaci\u00f3n masiva ","jetpack_sharing_enabled":true,"_links":{"self":[{"href":"https:\/\/www.hoymercedes.com.ar\/principal\/wp-json\/wp\/v2\/posts\/30238","targetHints":{"allow":["GET"]}}],"collection":[{"href":"https:\/\/www.hoymercedes.com.ar\/principal\/wp-json\/wp\/v2\/posts"}],"about":[{"href":"https:\/\/www.hoymercedes.com.ar\/principal\/wp-json\/wp\/v2\/types\/post"}],"author":[{"embeddable":true,"href":"https:\/\/www.hoymercedes.com.ar\/principal\/wp-json\/wp\/v2\/users\/1"}],"replies":[{"embeddable":true,"href":"https:\/\/www.hoymercedes.com.ar\/principal\/wp-json\/wp\/v2\/comments?post=30238"}],"version-history":[{"count":0,"href":"https:\/\/www.hoymercedes.com.ar\/principal\/wp-json\/wp\/v2\/posts\/30238\/revisions"}],"wp:attachment":[{"href":"https:\/\/www.hoymercedes.com.ar\/principal\/wp-json\/wp\/v2\/media?parent=30238"}],"wp:term":[{"taxonomy":"category","embeddable":true,"href":"https:\/\/www.hoymercedes.com.ar\/principal\/wp-json\/wp\/v2\/categories?post=30238"},{"taxonomy":"post_tag","embeddable":true,"href":"https:\/\/www.hoymercedes.com.ar\/principal\/wp-json\/wp\/v2\/tags?post=30238"}],"curies":[{"name":"wp","href":"https:\/\/api.w.org\/{rel}","templated":true}]}}