{"id":30242,"date":"2014-02-23T23:43:42","date_gmt":"2014-02-23T23:43:42","guid":{"rendered":"http:\/\/www.hoymercedes.com.ar\/principal\/?p=30242"},"modified":"2014-02-24T00:22:48","modified_gmt":"2014-02-24T00:22:48","slug":"alta-tecnologia-usaba-la-banda-que-robaba-hilux-en-la-region","status":"publish","type":"post","link":"https:\/\/www.hoymercedes.com.ar\/principal\/2014\/02\/23\/alta-tecnologia-usaba-la-banda-que-robaba-hilux-en-la-region\/","title":{"rendered":"Usaba alta tecnolog\u00eda la banda que robaba Hilux en la regi\u00f3n"},"content":{"rendered":"<p><a href=\"https:\/\/www.hoymercedes.com.ar\/principal\/wp-content\/uploads\/2014\/02\/hilux-.jpg\"><img loading=\"lazy\" decoding=\"async\" data-attachment-id=\"30244\" data-permalink=\"https:\/\/www.hoymercedes.com.ar\/principal\/2014\/02\/23\/alta-tecnologia-usaba-la-banda-que-robaba-hilux-en-la-region\/hilux\/#main\" data-orig-file=\"https:\/\/www.hoymercedes.com.ar\/principal\/wp-content\/uploads\/2014\/02\/hilux-.jpg\" data-orig-size=\"620,274\" data-comments-opened=\"1\" data-image-meta=\"{&quot;aperture&quot;:&quot;0&quot;,&quot;credit&quot;:&quot;&quot;,&quot;camera&quot;:&quot;&quot;,&quot;caption&quot;:&quot;&quot;,&quot;created_timestamp&quot;:&quot;0&quot;,&quot;copyright&quot;:&quot;&quot;,&quot;focal_length&quot;:&quot;0&quot;,&quot;iso&quot;:&quot;0&quot;,&quot;shutter_speed&quot;:&quot;0&quot;,&quot;title&quot;:&quot;&quot;}\" data-image-title=\"hilux-\" data-image-description=\"\" data-image-caption=\"\" data-large-file=\"https:\/\/www.hoymercedes.com.ar\/principal\/wp-content\/uploads\/2014\/02\/hilux-.jpg\" class=\"aligncenter size-full wp-image-30244\" alt=\"hilux-\" src=\"https:\/\/www.hoymercedes.com.ar\/principal\/wp-content\/uploads\/2014\/02\/hilux-.jpg\" width=\"620\" height=\"274\" \/><\/a><\/p>\n<p><em><strong>Durante el \u00faltimo tiempo la polic\u00eda logr\u00f3 investigar y desbaratar una banda que se encargaba de robar camionetas Toyota Hilux, de alta gama, como se conoce en el mercado. Lo hac\u00edan con acceso a tecnolog\u00eda de punta. Intervino la justicia de Mercedes.<\/strong><\/em><\/p>\n<p>La tarea no es sencilla. Se trata de veh\u00edculos con elementos de seguridad incorporados no f\u00e1ciles de violentar tendiendo en cuenta que los robos eran totalmente \u201climpios\u201d.<\/p>\n<p>La polic\u00eda logr\u00f3 detectar que se enviaban a pa\u00edses lim\u00edtrofes como el Paraguay y Bolivia. Estiman los investigadores que se habr\u00edan robado alrededor de 120 unidades en toda la zona. S\u00f3lo en Luj\u00e1n se eval\u00faan unas 74 y en Lobos, en las \u00faltimas semanas 3.<\/p>\n<p>Los veh\u00edculos tienen un sistema de encendido y seguridad computarizados. No es f\u00e1cil destrabarlo para hacer un robo \u201climpio\u201d que deje la camioneta en perfectas condiciones para el mercado \u201cnegro\u201d<\/p>\n<p>Los delincuentes ten\u00edan un sistema de <strong>destrabe del codificado<\/strong> que hac\u00edan por <strong>computadora<\/strong>. Es la manera de poder abrir la camioneta, frenar la alarma y l<strong>ograr el encendido con la llave codificada<\/strong>, que es lo m\u00e1s complicado. As\u00ed era como consegu\u00edan arrancarla y llev\u00e1rselas. Es decir, con elementos tecnol\u00f3gicos.<\/p>\n<p>Las sospechas se ratificaron cuando en uno de los allanamientos producidos, que fueron cinco, encuentran una computadora que lograron vincular al sistema de arranque.<\/p>\n<p>Lo que surgi\u00f3 fue la pregunta l\u00f3gica: \u00bfC\u00f3mo consiguieron esa tecnolog\u00eda? Las fuerzas de seguridad y los investigadores sospechan que podr\u00edan haberla obtenido de alg\u00fan empleado de la propia f\u00e1brica ubicada en Z\u00e1rate dado que es un elemento tecnol\u00f3gico muy particular. La cuesti\u00f3n sigue en materia de investigaci\u00f3n.<\/p>\n<p>Los delincuentes arrestados d\u00edas atr\u00e1s est\u00e1n a disposici\u00f3n fiscal Illanes, del Departamento Judicial Mercedes.<\/p>\n<p>&nbsp;<\/p>\n","protected":false},"excerpt":{"rendered":"<p>Durante el \u00faltimo tiempo la polic\u00eda logr\u00f3 investigar y desbaratar una banda que se encargaba de robar camionetas Toyota Hilux, &#8230; <a title=\"Usaba alta tecnolog\u00eda la banda que robaba Hilux en la regi\u00f3n\" class=\"read-more\" href=\"https:\/\/www.hoymercedes.com.ar\/principal\/2014\/02\/23\/alta-tecnologia-usaba-la-banda-que-robaba-hilux-en-la-region\/\" aria-label=\"Leer m\u00e1s sobre Usaba alta tecnolog\u00eda la banda que robaba Hilux en la regi\u00f3n\">Leer m\u00e1s<\/a><\/p>\n","protected":false},"author":1,"featured_media":0,"comment_status":"open","ping_status":"open","sticky":false,"template":"","format":"standard","meta":{"_monsterinsights_skip_tracking":false,"_monsterinsights_sitenote_active":false,"_monsterinsights_sitenote_note":"","_monsterinsights_sitenote_category":0,"jetpack_post_was_ever_published":false,"_jetpack_newsletter_access":"","_jetpack_dont_email_post_to_subs":false,"_jetpack_newsletter_tier_id":0,"_jetpack_memberships_contains_paywalled_content":false,"_jetpack_memberships_contains_paid_content":false,"footnotes":"","jetpack_publicize_message":"","jetpack_publicize_feature_enabled":true,"jetpack_social_post_already_shared":false,"jetpack_social_options":{"image_generator_settings":{"template":"highway","default_image_id":0,"font":"","enabled":false},"version":2},"_wpas_customize_per_network":false},"categories":[85],"tags":[4720,126,4719],"class_list":["post-30242","post","type-post","status-publish","format-standard","hentry","category-policial","tag-alta-tecnologia-como-operaba-la-banda-que-robaba-hilux-en-la-region","tag-policia-mercedes","tag-robos-hilux","generate-columns","tablet-grid-50","mobile-grid-100","grid-parent","grid-50"],"jetpack_publicize_connections":[],"jetpack_featured_media_url":"","wps_subtitle":"Era una banda organizada en c\u00e9lulas ","jetpack_sharing_enabled":true,"_links":{"self":[{"href":"https:\/\/www.hoymercedes.com.ar\/principal\/wp-json\/wp\/v2\/posts\/30242","targetHints":{"allow":["GET"]}}],"collection":[{"href":"https:\/\/www.hoymercedes.com.ar\/principal\/wp-json\/wp\/v2\/posts"}],"about":[{"href":"https:\/\/www.hoymercedes.com.ar\/principal\/wp-json\/wp\/v2\/types\/post"}],"author":[{"embeddable":true,"href":"https:\/\/www.hoymercedes.com.ar\/principal\/wp-json\/wp\/v2\/users\/1"}],"replies":[{"embeddable":true,"href":"https:\/\/www.hoymercedes.com.ar\/principal\/wp-json\/wp\/v2\/comments?post=30242"}],"version-history":[{"count":0,"href":"https:\/\/www.hoymercedes.com.ar\/principal\/wp-json\/wp\/v2\/posts\/30242\/revisions"}],"wp:attachment":[{"href":"https:\/\/www.hoymercedes.com.ar\/principal\/wp-json\/wp\/v2\/media?parent=30242"}],"wp:term":[{"taxonomy":"category","embeddable":true,"href":"https:\/\/www.hoymercedes.com.ar\/principal\/wp-json\/wp\/v2\/categories?post=30242"},{"taxonomy":"post_tag","embeddable":true,"href":"https:\/\/www.hoymercedes.com.ar\/principal\/wp-json\/wp\/v2\/tags?post=30242"}],"curies":[{"name":"wp","href":"https:\/\/api.w.org\/{rel}","templated":true}]}}