{"id":30280,"date":"2014-02-25T23:12:56","date_gmt":"2014-02-25T23:12:56","guid":{"rendered":"http:\/\/www.hoymercedes.com.ar\/principal\/?p=30280"},"modified":"2014-02-25T23:12:56","modified_gmt":"2014-02-25T23:12:56","slug":"judiciales-realizaran-jornada-de-protesta-y-asamblea","status":"publish","type":"post","link":"https:\/\/www.hoymercedes.com.ar\/principal\/2014\/02\/25\/judiciales-realizaran-jornada-de-protesta-y-asamblea\/","title":{"rendered":"Judiciales realizar\u00e1n jornada de protesta y asamblea"},"content":{"rendered":"<p><a href=\"https:\/\/www.hoymercedes.com.ar\/principal\/wp-content\/uploads\/2014\/02\/ParoJudicialesMarzo2014.jpg\"><img loading=\"lazy\" decoding=\"async\" data-attachment-id=\"30282\" data-permalink=\"https:\/\/www.hoymercedes.com.ar\/principal\/2014\/02\/25\/judiciales-realizaran-jornada-de-protesta-y-asamblea\/afiche-paro-26-de-marzo-qxd\/#main\" data-orig-file=\"https:\/\/www.hoymercedes.com.ar\/principal\/wp-content\/uploads\/2014\/02\/ParoJudicialesMarzo2014.jpg\" data-orig-size=\"620,865\" data-comments-opened=\"1\" data-image-meta=\"{&quot;aperture&quot;:&quot;0&quot;,&quot;credit&quot;:&quot;&quot;,&quot;camera&quot;:&quot;&quot;,&quot;caption&quot;:&quot;&quot;,&quot;created_timestamp&quot;:&quot;0&quot;,&quot;copyright&quot;:&quot;&quot;,&quot;focal_length&quot;:&quot;0&quot;,&quot;iso&quot;:&quot;0&quot;,&quot;shutter_speed&quot;:&quot;0&quot;,&quot;title&quot;:&quot;afiche paro 26 de marzo.qxd&quot;}\" data-image-title=\"afiche paro 26 de marzo.qxd\" data-image-description=\"\" data-image-caption=\"\" data-large-file=\"https:\/\/www.hoymercedes.com.ar\/principal\/wp-content\/uploads\/2014\/02\/ParoJudicialesMarzo2014.jpg\" class=\"aligncenter size-full wp-image-30282\" alt=\"afiche paro 26 de marzo.qxd\" src=\"https:\/\/www.hoymercedes.com.ar\/principal\/wp-content\/uploads\/2014\/02\/ParoJudicialesMarzo2014.jpg\" width=\"620\" height=\"865\" srcset=\"https:\/\/www.hoymercedes.com.ar\/principal\/wp-content\/uploads\/2014\/02\/ParoJudicialesMarzo2014.jpg 620w, https:\/\/www.hoymercedes.com.ar\/principal\/wp-content\/uploads\/2014\/02\/ParoJudicialesMarzo2014-444x620.jpg 444w\" sizes=\"auto, (max-width: 620px) 100vw, 620px\" \/><\/a><\/p>\n<p><em><strong>Los judiciales de la provincia de Buenos Aires realizar\u00e1n \u00e9ste mi\u00e9rcoles 26 una nueva jornada de \u00a0protesta ante la necesidad de respuesta a sus pedidos de mejoras laborales y salariales. Se prev\u00e9 efectuar asambleas, volanteadas, recorrida por las oficinas de trabajo para mantener informado a todos los agentes y todo aquello que se determine seg\u00fan las particularidades de cada departamental<\/strong><\/em>.<\/p>\n<p>Desde la <strong>Asociaci\u00f3n Judicial Bonaerense<\/strong>\u00a0manifiestan a su vez que: <em>\u00abla Comisi\u00f3n Directiva de la AJB resolvi\u00f3 convocar a un paro total con movilizaci\u00f3n para el pr\u00f3ximo mi\u00e9rcoles 5 de marzo a la casa de Gobierno en La Plata, junto a los gremios estatales enrolados en la CTA y en concordancia con la jornada de protesta dispuesta por la Federaci\u00f3n Judicial Argentina.\u00bb<\/em><\/p>\n<p>Los judiciales exigen:<\/p>\n<p>&#8211; \u00a0Aumento del 45% retroactivo al 1\u00ba de enero y en una sola cuota.<\/p>\n<p>&#8211;\u00a0Reapertura de la paritaria de acuerdo a la evoluci\u00f3n de la inflaci\u00f3n.<\/p>\n<p>&#8211; Recuperaci\u00f3n de la antig\u00fcedad al 3% para los a\u00f1os que se pag\u00f3 por debajo de ese valor.<\/p>\n<p>&#8211; Aumento de la Bonificaci\u00f3n Especial al 35%, junto a la Compensaci\u00f3n Funcional que cobran los Secretarios.<\/p>\n<p>&#8211; Incorporaci\u00f3n al b\u00e1sico de los Jefes de Despacho y Perito I del 1% adeudado desde la recategorizaci\u00f3n de 2011.<\/p>\n<p>&#8211; Universalizaci\u00f3n del cargo de Jefe de Despacho<\/p>\n<p>&#8211; Eliminaci\u00f3n de los topes para el cobro de asignaciones familiares y el impuesto a las ganancias sobre el salario.<\/p>\n<p>&nbsp;<\/p>\n","protected":false},"excerpt":{"rendered":"<p>Los judiciales de la provincia de Buenos Aires realizar\u00e1n \u00e9ste mi\u00e9rcoles 26 una nueva jornada de \u00a0protesta ante la necesidad &#8230; <a title=\"Judiciales realizar\u00e1n jornada de protesta y asamblea\" class=\"read-more\" href=\"https:\/\/www.hoymercedes.com.ar\/principal\/2014\/02\/25\/judiciales-realizaran-jornada-de-protesta-y-asamblea\/\" aria-label=\"Leer m\u00e1s sobre Judiciales realizar\u00e1n jornada de protesta y asamblea\">Leer m\u00e1s<\/a><\/p>\n","protected":false},"author":1,"featured_media":0,"comment_status":"open","ping_status":"open","sticky":false,"template":"","format":"standard","meta":{"_monsterinsights_skip_tracking":false,"_monsterinsights_sitenote_active":false,"_monsterinsights_sitenote_note":"","_monsterinsights_sitenote_category":0,"jetpack_post_was_ever_published":false,"_jetpack_newsletter_access":"","_jetpack_dont_email_post_to_subs":false,"_jetpack_newsletter_tier_id":0,"_jetpack_memberships_contains_paywalled_content":false,"_jetpack_memberships_contains_paid_content":false,"footnotes":"","jetpack_publicize_message":"","jetpack_publicize_feature_enabled":true,"jetpack_social_post_already_shared":false,"jetpack_social_options":{"image_generator_settings":{"template":"highway","default_image_id":0,"font":"","enabled":false},"version":2},"_wpas_customize_per_network":false},"categories":[8],"tags":[95,2675,4729],"class_list":["post-30280","post","type-post","status-publish","format-standard","hentry","category-sociedad","tag-ajb","tag-asociacion-judicial-bonaerense","tag-judiciales-realizaran-jornada-de-protesta-y-asamblea","generate-columns","tablet-grid-50","mobile-grid-100","grid-parent","grid-50"],"jetpack_publicize_connections":[],"jetpack_featured_media_url":"","wps_subtitle":"Medidas de lucha ","jetpack_sharing_enabled":true,"_links":{"self":[{"href":"https:\/\/www.hoymercedes.com.ar\/principal\/wp-json\/wp\/v2\/posts\/30280","targetHints":{"allow":["GET"]}}],"collection":[{"href":"https:\/\/www.hoymercedes.com.ar\/principal\/wp-json\/wp\/v2\/posts"}],"about":[{"href":"https:\/\/www.hoymercedes.com.ar\/principal\/wp-json\/wp\/v2\/types\/post"}],"author":[{"embeddable":true,"href":"https:\/\/www.hoymercedes.com.ar\/principal\/wp-json\/wp\/v2\/users\/1"}],"replies":[{"embeddable":true,"href":"https:\/\/www.hoymercedes.com.ar\/principal\/wp-json\/wp\/v2\/comments?post=30280"}],"version-history":[{"count":0,"href":"https:\/\/www.hoymercedes.com.ar\/principal\/wp-json\/wp\/v2\/posts\/30280\/revisions"}],"wp:attachment":[{"href":"https:\/\/www.hoymercedes.com.ar\/principal\/wp-json\/wp\/v2\/media?parent=30280"}],"wp:term":[{"taxonomy":"category","embeddable":true,"href":"https:\/\/www.hoymercedes.com.ar\/principal\/wp-json\/wp\/v2\/categories?post=30280"},{"taxonomy":"post_tag","embeddable":true,"href":"https:\/\/www.hoymercedes.com.ar\/principal\/wp-json\/wp\/v2\/tags?post=30280"}],"curies":[{"name":"wp","href":"https:\/\/api.w.org\/{rel}","templated":true}]}}