{"id":3036,"date":"2011-03-26T22:26:46","date_gmt":"2011-03-26T22:26:46","guid":{"rendered":"http:\/\/www.hoymercedes.com.ar\/principal\/?p=3036"},"modified":"2011-03-26T22:26:46","modified_gmt":"2011-03-26T22:26:46","slug":"lucidos-festejos-en-el-centenario-de-su-fundacion-con-buen-marco-de-publico-galeria","status":"publish","type":"post","link":"https:\/\/www.hoymercedes.com.ar\/principal\/2011\/03\/26\/lucidos-festejos-en-el-centenario-de-su-fundacion-con-buen-marco-de-publico-galeria\/","title":{"rendered":"Lucidos festejos en el centenario de su fundaci\u00f3n con buen marco de publico (Galer\u00eda)"},"content":{"rendered":"<p>Vecinos de Jorge Born celebraron ayer el Centenario de su creaci\u00f3n ocurrida en 1911 cuando Jorge Born dispuso donar los terrenos para los primeros pobladores del lugar como as\u00ed tambi\u00e9n los que con el tiempo se utilizar\u00edan para la plaza, las escuelas, la iglesia, la polic\u00eda y el Correo y Tel\u00e9grafo, \u00fanico medio por entonces de comunicaci\u00f3n existen m\u00e1s all\u00e1 de ferrocarril.<\/p>\n<p>Pero pese al clima de fiesta que se viv\u00eda no se pudo evitar que se hablara acerca del nombre que debe tener el lugar, es decir si Jorge Born o el de Tom\u00e1s Jofre, un debate que parecer\u00eda querer insertarse entre la sociedad pero que en principios no tendr\u00eda un buen sustento por lo cual todo indica que se seguir\u00e1 igual que hasta ahora, el Pueblo se llama jorge Born, Estaci\u00f3n Tom\u00e1s Jofr\u00e9<\/p>\n<p>Participaron de los diferentes eventos el Intendente de nuestra ciudad, integrantes de su gabinete de funcionarios, concejales de los diferentes bloques, consejeros escolares, representantes de la Iglesia, fuerzas de seguridad, funcionarios provinciales, vecinos del lugar, los tradicionales comensales que todos los fines de semanas y feriados largos concurren a los restaurantes y casas de comidas all\u00ed ubicados, representantes de entidades oficiales y privadas como bomberos y el hospital Dubarry y muchos mercedinos que se acercaron para compartir el momento junto a amigos del lugar.<\/p>\n<p>Luego de la entonaci\u00f3n de las estrofas del himno Nacional Argentino hizo uso de la palabra para referirse a la conmemoraci\u00f3n el presidente de la Comisi\u00f3n que coordin\u00f3 los diferentes actos, Jorge Siri qui\u00e9n precis\u00f3 \u201cdistante a 15 kil\u00f3metros de la cabecera del Distrito de Mercedes se encuentra la localidad Jorge Born junto a la estaci\u00f3n Toma\u015b Jofre.<\/p>\n<p>En 1911la concesionaria ferrocarrilera ante el gobierno promovi\u00f3 la formaci\u00f3n de un pueblo y el 24  de marzo del mismo a\u00f1o el Gobernador de la Provincia de Buenos Aires General Jos\u00e9 Inocencio Arias aprob\u00f3 dicha solicitud.<\/p>\n<p>Por entonces el pueblo de llamo Jorge Born  estaci\u00f3n kil\u00f3metro 98 hasta que en el a\u00f1o 1930 fallece Tom\u00e1s Jofre entonces algunos mercedinos pidieron que la Estaci\u00f3n llevara su nombre y en 1931, el 3 de marzo se logro ello y a partir de dicho acto es Jorge Born Estaci\u00f3n Tom\u00e1s Jofr\u00e9\u201d.<\/p>\n<p>M\u00e1s adelante agradeci\u00f3  a todas las personas que  colaboraron para hacer posible el festejo de dicho aniversario convocando desde ahora para el 2030 para festejar el centenario de  Tom\u00e1s Jofre.<\/p>\n<p>Posteriormente en nombre de la sociedad de fomento del lugar hizo uso de la palabra del Secretario de Actas de la misma Fernando Tanoira qui\u00e9n entre otros conceptos sostuvo \u201c Jorge Born fue un inmigrantes fuera de lo com\u00fan. La mayor\u00eda de ellos incluso mi padre que  vino de Espa\u00f1a, lo hizo con cuatro pesetas y un ba\u00fal de ropa, pero Jorge Born vino con un ba\u00fal lleno de dinero para invertir en los ferrocarriles de la Argentina\u201d.<\/p>\n<p>Mas adelante sostuvo \u201chace un tiempo, concretamente el a\u00f1o pasado alguien que no tiene nada que ver con Tom\u00e1s Jofr\u00e9, ni tiene propiedades en el pueblo, presento ante el Concejo Deliberante un proyecto para modificar el nombre del pueblo, Jorge Born, por el de Tom\u00e1s Jofr\u00e9.<\/p>\n<p>Por supuesto que nuestra sociedad de fomento se opuso de manera terminante a ello porque ser\u00eda lago muy ingrato sacar el nombre de nuestro fundador.<\/p>\n<p>Nos podemos preguntar que hizo Jorge Born por este lugar, en primer lugar y no es poca cosas fundo el pueblo, segundo dono  los terrenos para construir la capilla que hoy inauguramos, para la Escuela   primaria y secundaria, para donde est\u00e1 el SUM que estaba previsto el Correo y el Telegrafo&#8230;.,<\/p>\n<p>La sociedad de fomento tiene 41 a\u00f1os  y a lo largo del tantos a\u00f1os de trabajo de muchas personas logro que seamos el primer pueblo rural con alumbrado publico, traer la cabina telef\u00f3nica que tanta falta nos hac\u00eda en su momento, y adem\u00e1s por medio dela Fudnaci\u00f3n Bunge y Born se construyo una Sala de Primeros Auxilios en un terreno que nos donara don Miguel Monte\u00f1a y fue la Fundaci\u00f3n la que nos dono todo el mobiliario y el instrumental para que funciones la misma\u201d.<\/p>\n<p>Luego de rese\u00f1ar otros aspectos de la vida del Pueblo, Tanoira se dirigi\u00f3 al Intendente Carlos Selva expresando \u201ccuando asumi\u00f3 Carlos Selva como nuevo intendente fuimos y le dijimos que a lo mejor no \u00e9ramos de la misma idea pol\u00edtica pero que como el pueblo lo hab\u00eda elegido lo \u00edbamos a ayudar porque si lo hac\u00edamos a el le iban a ir bien y si ello ocurr\u00eda nos ir\u00eda bien a nosotros\u201d<\/p>\n<p>Por ultimo se refiri\u00f3  a la cantidad de gente que concurre al pueblo todos los fines de semana expresando \u201cnuestro pueblo tiene alrededor de cien habitantes fijos y veinte manzanas de extensi\u00f3n pero los fines de semana tenemos cinco mil personas y realmente no se como estaremos con las napas fre\u00e1ticas pero llegar\u00e1 el momento de tomar ese problema en serio y ver en que estado estamos\u201d.<\/p>\n<p>Luego el Director de Fiestas Populares de la provincia, Alejandro Vieyra agradeci\u00f3 a los integrantes de la Comisi\u00f3n Organizado haberlo invitado a participar del acto anunciando el Decreto que hab\u00eda firmado el Licenciado Crotto por el que se otorga un susidio a la  Municipalidad de Mercedes para colocar se\u00f1al\u00edstica tur\u00edstica, una cabina de informaci\u00f3n para turistas y los puesto de la totalidad de los artesanos que concurren al lugar\u201d.<\/p>\n<p>Finalmente el jefe comunal de nuestra ciudad, Carlos Selva precis\u00f3 \u201cqueremos defender la particularidad de un pueblo que se organiza, se prepara, se emociona al festejar pero sin dejar de agradecer como lo hizo Jorge Siri recordando a todos lo vecinos de la comunidad que colaboran porque eso es algo que no podemos perder y en esto soy reiterativo, es el afecto, la relaci\u00f3n de comunidad, la relaci\u00f3n con el vecino que hace que todos los d\u00edas se progrese m\u00e1s all\u00e1 del rol del estado.<\/p>\n<p>Hoy esta celebraci\u00f3n se engalana con la presencia de la nueva Capilla, una ambici\u00f3n de hace muchos a\u00f1os, muchos antes de que fuera intendente supe del deseo de los habitantes del lugar por eso tambi\u00e9n  se menciono el esfuerzo de los padres palotinos para poder concretarlo\u201d.<\/p>\n<p>M\u00e1s adelante Selva dijo \u201ctodos sabemos que este lugar es el \u00edcono del turismo que todas las semanas tiene nuestra ciudad  y tratamos de acompa\u00f1ar con toda la institucionalidad, no hay folleter\u00eda que hagamos en la que no se hable de este lugar, las particularidades del pueblo y la calidez de sus habitantes y por supuesto la planificaci\u00f3n que debemos tener para que no se pierda la caracter\u00edstica de Pueblo, m\u00e1s all\u00e1 de todos los avances que podamos ir haciendo que que el fortalecimiento de su identidad es mantener su identidad y el respeto para quienes todos los d\u00edas conviven con la realidad de esta bonita localidad\u201d.<\/p>\n<p>Durante el acto se descubri\u00f3  una placa alusiva al centenario y se entregaron diferentes obsequios entre ellos el efectuado por los Combatientes de Malvinas que entreg\u00f3  para la Capilla el emblema del centro y los alumnos de la  Escuela primaria y la T\u00e9cnica 2 entregaron plantas para ubicar en la Capilla y en otro sector del Pueblo.<\/p>\n<p>&nbsp;<\/p>\n<p><head><br \/>\n<script languaje=\"JavaScript\">\nlocation.href='http:\/\/www.hoymercedes.com.ar\/img\/Galerias2011\/tomasjofre100';\n<\/script><br \/>\n<\/head><\/p>\n","protected":false},"excerpt":{"rendered":"<p>Vecinos de Jorge Born celebraron ayer el Centenario de su creaci\u00f3n ocurrida en 1911 cuando Jorge Born dispuso donar los &#8230; <a title=\"Lucidos festejos en el centenario de su fundaci\u00f3n con buen marco de publico (Galer\u00eda)\" class=\"read-more\" href=\"https:\/\/www.hoymercedes.com.ar\/principal\/2011\/03\/26\/lucidos-festejos-en-el-centenario-de-su-fundacion-con-buen-marco-de-publico-galeria\/\" aria-label=\"Leer m\u00e1s sobre Lucidos festejos en el centenario de su fundaci\u00f3n con buen marco de publico (Galer\u00eda)\">Leer m\u00e1s<\/a><\/p>\n","protected":false},"author":1,"featured_media":0,"comment_status":"open","ping_status":"open","sticky":false,"template":"","format":"standard","meta":{"_monsterinsights_skip_tracking":false,"_monsterinsights_sitenote_active":false,"_monsterinsights_sitenote_note":"","_monsterinsights_sitenote_category":0,"jetpack_post_was_ever_published":false,"_jetpack_newsletter_access":"","_jetpack_dont_email_post_to_subs":false,"_jetpack_newsletter_tier_id":0,"_jetpack_memberships_contains_paywalled_content":false,"_jetpack_memberships_contains_paid_content":false,"footnotes":"","jetpack_publicize_message":"","jetpack_publicize_feature_enabled":true,"jetpack_social_post_already_shared":false,"jetpack_social_options":{"image_generator_settings":{"template":"highway","default_image_id":0,"font":"","enabled":false},"version":2},"_wpas_customize_per_network":false},"categories":[8],"tags":[595,594],"class_list":["post-3036","post","type-post","status-publish","format-standard","hentry","category-sociedad","tag-100-anos-tomas-jofre","tag-tomas-jofre","generate-columns","tablet-grid-50","mobile-grid-100","grid-parent","grid-50"],"jetpack_publicize_connections":[],"jetpack_featured_media_url":"","wps_subtitle":"","jetpack_sharing_enabled":true,"_links":{"self":[{"href":"https:\/\/www.hoymercedes.com.ar\/principal\/wp-json\/wp\/v2\/posts\/3036","targetHints":{"allow":["GET"]}}],"collection":[{"href":"https:\/\/www.hoymercedes.com.ar\/principal\/wp-json\/wp\/v2\/posts"}],"about":[{"href":"https:\/\/www.hoymercedes.com.ar\/principal\/wp-json\/wp\/v2\/types\/post"}],"author":[{"embeddable":true,"href":"https:\/\/www.hoymercedes.com.ar\/principal\/wp-json\/wp\/v2\/users\/1"}],"replies":[{"embeddable":true,"href":"https:\/\/www.hoymercedes.com.ar\/principal\/wp-json\/wp\/v2\/comments?post=3036"}],"version-history":[{"count":0,"href":"https:\/\/www.hoymercedes.com.ar\/principal\/wp-json\/wp\/v2\/posts\/3036\/revisions"}],"wp:attachment":[{"href":"https:\/\/www.hoymercedes.com.ar\/principal\/wp-json\/wp\/v2\/media?parent=3036"}],"wp:term":[{"taxonomy":"category","embeddable":true,"href":"https:\/\/www.hoymercedes.com.ar\/principal\/wp-json\/wp\/v2\/categories?post=3036"},{"taxonomy":"post_tag","embeddable":true,"href":"https:\/\/www.hoymercedes.com.ar\/principal\/wp-json\/wp\/v2\/tags?post=3036"}],"curies":[{"name":"wp","href":"https:\/\/api.w.org\/{rel}","templated":true}]}}