{"id":30393,"date":"2014-02-28T02:16:42","date_gmt":"2014-02-28T02:16:42","guid":{"rendered":"http:\/\/www.hoymercedes.com.ar\/principal\/?p=30393"},"modified":"2014-02-28T02:42:06","modified_gmt":"2014-02-28T02:42:06","slug":"u-c-r-local-mantendra-un-encuentro-con-el-intendente","status":"publish","type":"post","link":"https:\/\/www.hoymercedes.com.ar\/principal\/2014\/02\/28\/u-c-r-local-mantendra-un-encuentro-con-el-intendente\/","title":{"rendered":"U.C.R local mantendr\u00e1 un encuentro con el intendente. Variado temario."},"content":{"rendered":"<p><a href=\"https:\/\/www.hoymercedes.com.ar\/principal\/wp-content\/uploads\/2014\/02\/UCR.Mercedes.jpg\"><img loading=\"lazy\" decoding=\"async\" data-attachment-id=\"30395\" data-permalink=\"https:\/\/www.hoymercedes.com.ar\/principal\/2014\/02\/28\/u-c-r-local-mantendra-un-encuentro-con-el-intendente\/ucr-mercedes\/#main\" data-orig-file=\"https:\/\/www.hoymercedes.com.ar\/principal\/wp-content\/uploads\/2014\/02\/UCR.Mercedes.jpg\" data-orig-size=\"620,313\" data-comments-opened=\"1\" data-image-meta=\"{&quot;aperture&quot;:&quot;0&quot;,&quot;credit&quot;:&quot;&quot;,&quot;camera&quot;:&quot;&quot;,&quot;caption&quot;:&quot;&quot;,&quot;created_timestamp&quot;:&quot;0&quot;,&quot;copyright&quot;:&quot;&quot;,&quot;focal_length&quot;:&quot;0&quot;,&quot;iso&quot;:&quot;0&quot;,&quot;shutter_speed&quot;:&quot;0&quot;,&quot;title&quot;:&quot;&quot;}\" data-image-title=\"UCR.Mercedes\" data-image-description=\"\" data-image-caption=\"\" data-large-file=\"https:\/\/www.hoymercedes.com.ar\/principal\/wp-content\/uploads\/2014\/02\/UCR.Mercedes.jpg\" class=\"aligncenter size-full wp-image-30395\" alt=\"UCR.Mercedes\" src=\"https:\/\/www.hoymercedes.com.ar\/principal\/wp-content\/uploads\/2014\/02\/UCR.Mercedes.jpg\" width=\"620\" height=\"313\" \/><\/a><\/p>\n<p><em><strong>Este viernes 28 de febrero, el Intendente Municipal, recibir\u00e1 al presidente de la Uni\u00f3n C\u00edvica Radical de Mercedes, Oscar Albini, a las 12.00 hs en el Palacio Municipal, seg\u00fan se inform\u00f3.\u00a0<\/strong><\/em><\/p>\n<p>La reuni\u00f3n solicitada por el Comit\u00e9 de Distrito tiene por objetivo conocer el estado de de la Ordenanza 7396\/13, aprobada por el Concejo Deliberante de nuestra ciudad en noviembre del a\u00f1o pasado, y a la espera de la concreci\u00f3n de la construcci\u00f3n del monolito en homenaje a la presidencia de Raul Alfons\u00edn, primer presidente de la Democracia.<\/p>\n<p>En otro orden de cosas la UCR local, representada por su presidente Oscar Albini, Nicolas Giachino, Lucas Fal y la arquitecta Susana Camele, se reuni\u00f3 hoy con el Secretario de Obras P\u00fablicas, Ing. Gustavo Salomone. Motiv\u00f3 esta reuni\u00f3n la preocupaci\u00f3n de la UCR sobre las demoras en el avance de las obras del barrio Ren\u00e9 Favaloro.<\/p>\n<p>El Ing. Salomone brind\u00f3 las explicaciones pertinentes a cada consulta que realiz\u00f3 la comitiva radical, dejando en claro que la falta de un mecanismo eficaz por parte de los organismos nacionales, es la principal fuente de retrasos en las obras.<\/p>\n<p>Durante esta semana, la UCR present\u00f3 un proyecto en el HCD, ,relacionado con los problemas que se ocasionan en el suministro el\u00e9ctrico, ante la falta de podas en las zonas de quintas y rurales.<\/p>\n<p>Tambi\u00e9n se present\u00f3 nota al se\u00f1or intendente municipal para que se realicen los controles sobre los excesivos ruidos molestos que generan las motocicletas que generan contraexplosiones adrede para aumentar el impacto y a los autom\u00f3viles dotados de equipos de audio poderosos<\/p>\n<p>Adem\u00e1s se solicit\u00f3 al sub secretario de servicios p\u00fablicos, Agrimensor Oscar L\u00f3pez (Expediente 725\/14), se proceda a desmalezar el acceso a Garc\u00eda en la intersecci\u00f3n con la calle paralela al ferrocarril Sarmiento, ya que dicha esquina se encuentra con su visibilidad obstaculizada por crecida de ca\u00f1averales, con el consiguiente peligro que eso acarrea, m\u00e1s a\u00fan teniendo en cuenta su proximidad a la Escuela Nro 25<\/p>\n<p>&nbsp;<\/p>\n<p>&nbsp;<\/p>\n<p>&nbsp;<\/p>\n<p>&nbsp;<\/p>\n<p>&nbsp;<\/p>\n","protected":false},"excerpt":{"rendered":"<p>Este viernes 28 de febrero, el Intendente Municipal, recibir\u00e1 al presidente de la Uni\u00f3n C\u00edvica Radical de Mercedes, Oscar Albini, &#8230; <a title=\"U.C.R local mantendr\u00e1 un encuentro con el intendente. Variado temario.\" class=\"read-more\" href=\"https:\/\/www.hoymercedes.com.ar\/principal\/2014\/02\/28\/u-c-r-local-mantendra-un-encuentro-con-el-intendente\/\" aria-label=\"Leer m\u00e1s sobre U.C.R local mantendr\u00e1 un encuentro con el intendente. Variado temario.\">Leer m\u00e1s<\/a><\/p>\n","protected":false},"author":1,"featured_media":0,"comment_status":"open","ping_status":"open","sticky":false,"template":"","format":"standard","meta":{"_monsterinsights_skip_tracking":false,"_monsterinsights_sitenote_active":false,"_monsterinsights_sitenote_note":"","_monsterinsights_sitenote_category":0,"jetpack_post_was_ever_published":false,"_jetpack_newsletter_access":"","_jetpack_dont_email_post_to_subs":false,"_jetpack_newsletter_tier_id":0,"_jetpack_memberships_contains_paywalled_content":false,"_jetpack_memberships_contains_paid_content":false,"footnotes":"","jetpack_publicize_message":"","jetpack_publicize_feature_enabled":true,"jetpack_social_post_already_shared":false,"jetpack_social_options":{"image_generator_settings":{"template":"highway","default_image_id":0,"font":"","enabled":false},"version":2},"_wpas_customize_per_network":false},"categories":[5],"tags":[4743,2008,2834,4742],"class_list":["post-30393","post","type-post","status-publish","format-standard","hentry","category-politica","tag-comite-radical-mercedes","tag-lucas-fal","tag-oscar-albini","tag-ucr-merceds","generate-columns","tablet-grid-50","mobile-grid-100","grid-parent","grid-50"],"jetpack_publicize_connections":[],"jetpack_featured_media_url":"","wps_subtitle":"Por diversos temas ciudadanos ","jetpack_sharing_enabled":true,"_links":{"self":[{"href":"https:\/\/www.hoymercedes.com.ar\/principal\/wp-json\/wp\/v2\/posts\/30393","targetHints":{"allow":["GET"]}}],"collection":[{"href":"https:\/\/www.hoymercedes.com.ar\/principal\/wp-json\/wp\/v2\/posts"}],"about":[{"href":"https:\/\/www.hoymercedes.com.ar\/principal\/wp-json\/wp\/v2\/types\/post"}],"author":[{"embeddable":true,"href":"https:\/\/www.hoymercedes.com.ar\/principal\/wp-json\/wp\/v2\/users\/1"}],"replies":[{"embeddable":true,"href":"https:\/\/www.hoymercedes.com.ar\/principal\/wp-json\/wp\/v2\/comments?post=30393"}],"version-history":[{"count":0,"href":"https:\/\/www.hoymercedes.com.ar\/principal\/wp-json\/wp\/v2\/posts\/30393\/revisions"}],"wp:attachment":[{"href":"https:\/\/www.hoymercedes.com.ar\/principal\/wp-json\/wp\/v2\/media?parent=30393"}],"wp:term":[{"taxonomy":"category","embeddable":true,"href":"https:\/\/www.hoymercedes.com.ar\/principal\/wp-json\/wp\/v2\/categories?post=30393"},{"taxonomy":"post_tag","embeddable":true,"href":"https:\/\/www.hoymercedes.com.ar\/principal\/wp-json\/wp\/v2\/tags?post=30393"}],"curies":[{"name":"wp","href":"https:\/\/api.w.org\/{rel}","templated":true}]}}