{"id":30405,"date":"2014-02-28T10:39:19","date_gmt":"2014-02-28T10:39:19","guid":{"rendered":"http:\/\/www.hoymercedes.com.ar\/principal\/?p=30405"},"modified":"2014-02-28T10:42:29","modified_gmt":"2014-02-28T10:42:29","slug":"fue-abatido-uno-de-los-fugados-de-la-unidad-no5-en-agosto-pasado","status":"publish","type":"post","link":"https:\/\/www.hoymercedes.com.ar\/principal\/2014\/02\/28\/fue-abatido-uno-de-los-fugados-de-la-unidad-no5-en-agosto-pasado\/","title":{"rendered":"Fue abatido uno de los fugados de la Unidad N\u00ba5 en agosto pasado"},"content":{"rendered":"<p><a href=\"https:\/\/www.hoymercedes.com.ar\/principal\/wp-content\/uploads\/2014\/02\/Unidad5Mercedes.jpg\"><img loading=\"lazy\" decoding=\"async\" data-attachment-id=\"30407\" data-permalink=\"https:\/\/www.hoymercedes.com.ar\/principal\/2014\/02\/28\/fue-abatido-uno-de-los-fugados-de-la-unidad-no5-en-agosto-pasado\/unidad5mercedes-2\/#main\" data-orig-file=\"https:\/\/www.hoymercedes.com.ar\/principal\/wp-content\/uploads\/2014\/02\/Unidad5Mercedes.jpg\" data-orig-size=\"620,303\" data-comments-opened=\"1\" data-image-meta=\"{&quot;aperture&quot;:&quot;2.8&quot;,&quot;credit&quot;:&quot;&quot;,&quot;camera&quot;:&quot;LG-E451g&quot;,&quot;caption&quot;:&quot;&quot;,&quot;created_timestamp&quot;:&quot;1377451367&quot;,&quot;copyright&quot;:&quot;&quot;,&quot;focal_length&quot;:&quot;3.5&quot;,&quot;iso&quot;:&quot;113&quot;,&quot;shutter_speed&quot;:&quot;0.001035&quot;,&quot;title&quot;:&quot;&quot;}\" data-image-title=\"Unidad5Mercedes\" data-image-description=\"\" data-image-caption=\"\" data-large-file=\"https:\/\/www.hoymercedes.com.ar\/principal\/wp-content\/uploads\/2014\/02\/Unidad5Mercedes.jpg\" class=\"aligncenter size-full wp-image-30407\" alt=\"Unidad5Mercedes\" src=\"https:\/\/www.hoymercedes.com.ar\/principal\/wp-content\/uploads\/2014\/02\/Unidad5Mercedes.jpg\" width=\"620\" height=\"303\" \/><\/a><\/p>\n<p><em><strong>Muchos recordar\u00e1n que en agosto de 2013 en Mercedes se vivi\u00f3 una fuga de la Unidad N\u00ba5 donde dos internos lograron tomar la calle y no volvieron a ser encontrados. Ahora, casi seis meses despu\u00e9s, desde la localidad de Bragado medios informan que Lucas Navarro C\u00f3rdoba de 26 a\u00f1os de edad fue abatido en un enfrentamiento en la zona sur del gran Buenos Aires.<\/strong><\/em><\/p>\n<p>El acontecimiento que ser\u00eda un enfrentamiento entre el joven y las fuerzas policiales se conoce ahora, pero, habr\u00eda sucedido hace casi un mes. El cuerpo a la familia se le entreg\u00f3 reci\u00e9n en estos d\u00edas.<\/p>\n<p>Desde la localidad de Bragado comentaron que nunca dejaron de buscarlo tanto en la mencionada localidad como en la regi\u00f3n. Se efectuaban allanamientos en la ciudad y la zona buscando a \u00e9l y al otro fugado. Las pesquisas de los hombres del servicio penitenciario bonaerense eran infructuosas hasta ahora que se sabe que fue abatido en un enfrentamiento.<\/p>\n<p>En la localidad de Ezpeleta, partido de Quilmes, se dio el acontecimiento que llev\u00f3 a la p\u00e9rdida de vida de C\u00f3rdoba.<\/p>\n<p>Seg\u00fan Radio Fiesta de Bragado reci\u00e9n treinta d\u00edas se produjo la\u00a0 identificaci\u00f3n del cuerpo por parte de la madre. La misma fue positiva y se dio a conocer la noticia.<\/p>\n<p>La forma, hora, lugar y acontecimientos que llevaron a la muerte de C\u00f3rdoba a\u00fan no se saben.<\/p>\n","protected":false},"excerpt":{"rendered":"<p>Muchos recordar\u00e1n que en agosto de 2013 en Mercedes se vivi\u00f3 una fuga de la Unidad N\u00ba5 donde dos internos &#8230; <a title=\"Fue abatido uno de los fugados de la Unidad N\u00ba5 en agosto pasado\" class=\"read-more\" href=\"https:\/\/www.hoymercedes.com.ar\/principal\/2014\/02\/28\/fue-abatido-uno-de-los-fugados-de-la-unidad-no5-en-agosto-pasado\/\" aria-label=\"Leer m\u00e1s sobre Fue abatido uno de los fugados de la Unidad N\u00ba5 en agosto pasado\">Leer m\u00e1s<\/a><\/p>\n","protected":false},"author":1,"featured_media":0,"comment_status":"open","ping_status":"open","sticky":false,"template":"","format":"standard","meta":{"_monsterinsights_skip_tracking":false,"_monsterinsights_sitenote_active":false,"_monsterinsights_sitenote_note":"","_monsterinsights_sitenote_category":0,"jetpack_post_was_ever_published":false,"_jetpack_newsletter_access":"","_jetpack_dont_email_post_to_subs":false,"_jetpack_newsletter_tier_id":0,"_jetpack_memberships_contains_paywalled_content":false,"_jetpack_memberships_contains_paid_content":false,"footnotes":"","jetpack_publicize_message":"","jetpack_publicize_feature_enabled":true,"jetpack_social_post_already_shared":false,"jetpack_social_options":{"image_generator_settings":{"template":"highway","default_image_id":0,"font":"","enabled":false},"version":2},"_wpas_customize_per_network":false},"categories":[8],"tags":[3804,113],"class_list":["post-30405","post","type-post","status-publish","format-standard","hentry","category-sociedad","tag-fuga-unidad-5","tag-unidad-5","generate-columns","tablet-grid-50","mobile-grid-100","grid-parent","grid-50"],"jetpack_publicize_connections":[],"jetpack_featured_media_url":"","wps_subtitle":"Fue hace un mes, se conoce ahora","jetpack_sharing_enabled":true,"_links":{"self":[{"href":"https:\/\/www.hoymercedes.com.ar\/principal\/wp-json\/wp\/v2\/posts\/30405","targetHints":{"allow":["GET"]}}],"collection":[{"href":"https:\/\/www.hoymercedes.com.ar\/principal\/wp-json\/wp\/v2\/posts"}],"about":[{"href":"https:\/\/www.hoymercedes.com.ar\/principal\/wp-json\/wp\/v2\/types\/post"}],"author":[{"embeddable":true,"href":"https:\/\/www.hoymercedes.com.ar\/principal\/wp-json\/wp\/v2\/users\/1"}],"replies":[{"embeddable":true,"href":"https:\/\/www.hoymercedes.com.ar\/principal\/wp-json\/wp\/v2\/comments?post=30405"}],"version-history":[{"count":0,"href":"https:\/\/www.hoymercedes.com.ar\/principal\/wp-json\/wp\/v2\/posts\/30405\/revisions"}],"wp:attachment":[{"href":"https:\/\/www.hoymercedes.com.ar\/principal\/wp-json\/wp\/v2\/media?parent=30405"}],"wp:term":[{"taxonomy":"category","embeddable":true,"href":"https:\/\/www.hoymercedes.com.ar\/principal\/wp-json\/wp\/v2\/categories?post=30405"},{"taxonomy":"post_tag","embeddable":true,"href":"https:\/\/www.hoymercedes.com.ar\/principal\/wp-json\/wp\/v2\/tags?post=30405"}],"curies":[{"name":"wp","href":"https:\/\/api.w.org\/{rel}","templated":true}]}}