{"id":3053,"date":"2011-03-28T02:53:53","date_gmt":"2011-03-28T02:53:53","guid":{"rendered":"http:\/\/www.hoymercedes.com.ar\/principal\/?p=3053"},"modified":"2011-03-28T02:53:53","modified_gmt":"2011-03-28T02:53:53","slug":"mercedes-y-el-laberinto-politico","status":"publish","type":"post","link":"https:\/\/www.hoymercedes.com.ar\/principal\/2011\/03\/28\/mercedes-y-el-laberinto-politico\/","title":{"rendered":"Mercedes y el laberinto pol\u00edtico"},"content":{"rendered":"<p style=\"text-align: right;\"><span style=\"color: #666699;\"><strong>Por Sebasti\u00e1n Varcel\u00f3<\/strong><\/span><\/p>\n<p>No hay un solo pol\u00edtico en ninguna parte del planeta que no quiera estar en la cresta de la ola. Los locales no son la excepci\u00f3n. En el \u00faltimo tiempo cada vez m\u00e1s buscan su espacio.<\/p>\n<p>Tenemos un grupo de disputas puertas adentro del Frente para la Victoria que son interesant\u00edsimas. Vemos c\u00f3mo cada uno intenta posicionarse. Juan Pablo L\u00f3pez lanz\u00f3 su primera pegatina fuerte de afiches. Con foto y mezcla de colores cercanos al FpV y a la provincia. Ese naranja es claro.\u00a0 Pre candidato o candidato a intendente busca su lugar con cr\u00edticas moderadas a Selva y exposici\u00f3n total desde el peronismo provincial con pi\u00e9 en el FpV. Se mueve para todos lados, camina y camina. Es innegable desde Casa Joven est\u00e1n trabajando muy fuerte. Eso s\u00ed, comparte p\u00fablico con otro espacio del mismo tenor: El Frente Mercedino para la Victoria. Est\u00e1 claro quienes no votan a Selva y son cercanos al gobierno nacional se deber\u00e1n decidir entre ellos. Quiz\u00e1s se fusionen, qui\u00e9n sabe, o terminen todos con Selva en una gran interna gran, aunque, pocos apuestan a ello.<\/p>\n<p>Igual, por las dudas, entre los tres sectores charlan, aunque no lo digan. Desde Ustarroz con Selva a L\u00f3pez con la C\u00e1mpora y as\u00ed en todos los sentidos.<\/p>\n<p>Ustarroz se muestra y pasea. Est\u00e1 muy bien. L\u00e1stima que en el af\u00e1n de presentarlo le digan tanto doctor\u2026doctor\u2026eso no aporta. Importan las ideas. No los t\u00edtulos. Se vio claramente en la previa de Cablevisi\u00f3n a la proyecci\u00f3n del film Belgrano donde los presentadores televisivos no paraban de ponerle un doctorado ante su nombre. Dicho sea de paso fue un \u00e9xito total atribuible al FMpV que ambulancia de por medio sigue dando vueltas en la ciudad m\u00e1s all\u00e1 de ciertas broncas generadas como por ejemplo en la incorporaci\u00f3n de Perazzo, hombre m\u00e1s cercanos a los que m\u00e1s tienen que a los que menos tienen, dir\u00edan en el barrio.<\/p>\n<p>La C\u00e1mpora, eso s\u00ed, no puede ser dejada de lado. Se est\u00e1 moviendo y movilizando y con la mayor pr\u00e9dica en los j\u00f3venes que ning\u00fan otro grupo en la ciudad, aunque, parece, no preocupa tanto a Selva en t\u00e9rminos de votos como si de choques en espacios de gesti\u00f3n. Dicen en los pasillos.<\/p>\n<p>En el oficialismo comunal, es decir, el selvismo, est\u00e1 todo muy tranquilo. Mucha confianza. Las internas se viven hacia adentro. En Desarrollo Social las cosas no son tan amables como se pintan. Tampoco en otros sectores. Algunos sostienen que hay agotamientos que deber\u00edan atenderse, como cultura y prensa que no lanzan ideas nuevas. Melo quiz\u00e1s, desde turismo, es el m\u00e1s animado. Hace, se mueve y de hecho fue el \u00fanico que emiti\u00f3 un comunicado este 24, aunque, es real, lo hace desde el espacio del Partido para la Victoria que seg\u00fan dicen empezar\u00e1 a sumar a partir de ahora. Antes era quemarlo, sostienen. Melo es el aire fresco que hoy tiene Selva.<\/p>\n<p>Otro que anda dando vueltas es Banchero, pero, qu\u00e9 podemos decir de \u00e9l m\u00e1s all\u00e1 de alg\u00fan pasacalle que dice <em>\u201cBanchero: militancia social\u201d.<\/em> Acci\u00f3n que deber\u00edamos someter a comprobaci\u00f3n pues a la hora de escribir estas l\u00edneas no hallamos testigo alguno de dicha militancia. Quiz\u00e1s la haya y en ese caso la reflejaremos en el futuro, pero, por ahora, no la logramos ubicar en tiempo y espacio.<\/p>\n<p>Como vemos las pulseadas fuertes quedan reducidas entre miembros de un mismo partido. Ni la UCR ni la Coalici\u00f3n C\u00edvica \u2013 Ari logran generar expectativas. No necesariamente por incapacidad de sus dirigentes, por el contrario, algunos de ellos tienen una voluntad de trabajo genuina y enorme, sin embargo, siguen pegados a una estructura nacional que no logra penetrar en la sociedad. M\u00e1s a\u00fan, esas desorientaciones le juegan en contra a personas muy valiosas que no logran articular acciones en lo local.<\/p>\n<p>Ben\u00edtez, por su parte, empieza a mover m\u00e1s su avispero. Se presenta (ya anunciado) como candidato a intendente desde Uni\u00f3n Pro. Danza cerca de un Peronismo Federal que tiene cierto grado de respeto local, pero, no nacional. A\u00fan se debate en los pasillos cu\u00e1nto de la \u00faltima victoria podr\u00e1 sostener aunque no debe negarse trabaja para ello. Dirigentes locales buscan diferenciarlo. Dicen que una cosa puede aportar ac\u00e1, en la ciudad, y otra los referentes de esas fuerzas en plano nacional.<\/p>\n<p>El juego empez\u00f3. El tablero se mueve. Los pol\u00edticos quieren estar. Prensa. Actos. Definiciones de distinto tenor. Como en botica hay de todo, eso s\u00ed, lo innegable, el escenario en movimiento es m\u00e1s que interesante y da para varias tardes de caf\u00e9.<\/p>\n<p>&nbsp;<\/p>\n","protected":false},"excerpt":{"rendered":"<p>Por Sebasti\u00e1n Varcel\u00f3 No hay un solo pol\u00edtico en ninguna parte del planeta que no quiera estar en la cresta &#8230; <a title=\"Mercedes y el laberinto pol\u00edtico\" class=\"read-more\" href=\"https:\/\/www.hoymercedes.com.ar\/principal\/2011\/03\/28\/mercedes-y-el-laberinto-politico\/\" aria-label=\"Leer m\u00e1s sobre Mercedes y el laberinto pol\u00edtico\">Leer m\u00e1s<\/a><\/p>\n","protected":false},"author":1,"featured_media":0,"comment_status":"open","ping_status":"open","sticky":false,"template":"","format":"standard","meta":{"_monsterinsights_skip_tracking":false,"_monsterinsights_sitenote_active":false,"_monsterinsights_sitenote_note":"","_monsterinsights_sitenote_category":0,"jetpack_post_was_ever_published":false,"_jetpack_newsletter_access":"","_jetpack_dont_email_post_to_subs":false,"_jetpack_newsletter_tier_id":0,"_jetpack_memberships_contains_paywalled_content":false,"_jetpack_memberships_contains_paid_content":false,"footnotes":"","jetpack_publicize_message":"","jetpack_publicize_feature_enabled":true,"jetpack_social_post_already_shared":false,"jetpack_social_options":{"image_generator_settings":{"template":"highway","default_image_id":0,"font":"","enabled":false},"version":2},"_wpas_customize_per_network":false},"categories":[1,5],"tags":[10,210],"class_list":["post-3053","post","type-post","status-publish","format-standard","hentry","category-opinion","category-politica","tag-mercedes","tag-politica-mercedina","generate-columns","tablet-grid-50","mobile-grid-100","grid-parent","grid-50"],"jetpack_publicize_connections":[],"jetpack_featured_media_url":"","wps_subtitle":"","jetpack_sharing_enabled":true,"_links":{"self":[{"href":"https:\/\/www.hoymercedes.com.ar\/principal\/wp-json\/wp\/v2\/posts\/3053","targetHints":{"allow":["GET"]}}],"collection":[{"href":"https:\/\/www.hoymercedes.com.ar\/principal\/wp-json\/wp\/v2\/posts"}],"about":[{"href":"https:\/\/www.hoymercedes.com.ar\/principal\/wp-json\/wp\/v2\/types\/post"}],"author":[{"embeddable":true,"href":"https:\/\/www.hoymercedes.com.ar\/principal\/wp-json\/wp\/v2\/users\/1"}],"replies":[{"embeddable":true,"href":"https:\/\/www.hoymercedes.com.ar\/principal\/wp-json\/wp\/v2\/comments?post=3053"}],"version-history":[{"count":0,"href":"https:\/\/www.hoymercedes.com.ar\/principal\/wp-json\/wp\/v2\/posts\/3053\/revisions"}],"wp:attachment":[{"href":"https:\/\/www.hoymercedes.com.ar\/principal\/wp-json\/wp\/v2\/media?parent=3053"}],"wp:term":[{"taxonomy":"category","embeddable":true,"href":"https:\/\/www.hoymercedes.com.ar\/principal\/wp-json\/wp\/v2\/categories?post=3053"},{"taxonomy":"post_tag","embeddable":true,"href":"https:\/\/www.hoymercedes.com.ar\/principal\/wp-json\/wp\/v2\/tags?post=3053"}],"curies":[{"name":"wp","href":"https:\/\/api.w.org\/{rel}","templated":true}]}}