{"id":30533,"date":"2014-03-03T22:06:27","date_gmt":"2014-03-03T22:06:27","guid":{"rendered":"http:\/\/www.hoymercedes.com.ar\/principal\/?p=30533"},"modified":"2014-03-03T22:06:27","modified_gmt":"2014-03-03T22:06:27","slug":"comienzan-las-escuelas-de-deportes-municipales","status":"publish","type":"post","link":"https:\/\/www.hoymercedes.com.ar\/principal\/2014\/03\/03\/comienzan-las-escuelas-de-deportes-municipales\/","title":{"rendered":"Comienzan las Escuelas de Deportes Municipales"},"content":{"rendered":"<p><a href=\"https:\/\/www.hoymercedes.com.ar\/principal\/wp-content\/uploads\/2014\/03\/IMAG0004REDUCIDO.jpg\"><img loading=\"lazy\" decoding=\"async\" data-attachment-id=\"30535\" data-permalink=\"https:\/\/www.hoymercedes.com.ar\/principal\/2014\/03\/03\/comienzan-las-escuelas-de-deportes-municipales\/imag0004reducido\/#main\" data-orig-file=\"https:\/\/www.hoymercedes.com.ar\/principal\/wp-content\/uploads\/2014\/03\/IMAG0004REDUCIDO.jpg\" data-orig-size=\"620,422\" data-comments-opened=\"1\" data-image-meta=\"{&quot;aperture&quot;:&quot;0&quot;,&quot;credit&quot;:&quot;&quot;,&quot;camera&quot;:&quot;&quot;,&quot;caption&quot;:&quot;&quot;,&quot;created_timestamp&quot;:&quot;0&quot;,&quot;copyright&quot;:&quot;&quot;,&quot;focal_length&quot;:&quot;0&quot;,&quot;iso&quot;:&quot;0&quot;,&quot;shutter_speed&quot;:&quot;0&quot;,&quot;title&quot;:&quot;&quot;}\" data-image-title=\"IMAG0004REDUCIDO\" data-image-description=\"\" data-image-caption=\"\" data-large-file=\"https:\/\/www.hoymercedes.com.ar\/principal\/wp-content\/uploads\/2014\/03\/IMAG0004REDUCIDO.jpg\" class=\"aligncenter size-full wp-image-30535\" alt=\"IMAG0004REDUCIDO\" src=\"https:\/\/www.hoymercedes.com.ar\/principal\/wp-content\/uploads\/2014\/03\/IMAG0004REDUCIDO.jpg\" width=\"620\" height=\"422\" \/><\/a><\/p>\n<p><em><strong>A partir del mi\u00e9rcoles 5 de marzo comienzan las distintas escuelas municipales de deportes que a trav\u00e9s de la Direcci\u00f3n \u00a0de Deportes se llevan a cabo.<\/strong><\/em><\/p>\n<p>H\u00e1ndbol, Voleibol, f\u00fatbol, Educaci\u00f3n F\u00edsica infantil, Mini-atletismo, gimnasia para se\u00f1oras, escuela para arqueros ser\u00e1n algunas de las propuestas que este a\u00f1o 2014 se proponen en forma gratuita para la poblaci\u00f3n de Mercedes.<\/p>\n<p>As\u00ed mismo se seguir\u00e1n brindando apoyos con profesores de educaci\u00f3n f\u00edsica de la direcci\u00f3n de deportes a la Casa del Ni\u00f1o,\u00a0 a los SUM, al CIC\u00a0 y la granja hogar Arco Iris.<\/p>\n<p>Para mayor informaci\u00f3n dirigirse a las oficinas de la Direcci\u00f3n de Deportes calle 6 y 9 ( Mart\u00edn Rodriguez) de 8,00 a 12,00 hs o al tel\u00e9fono 434369.<\/p>\n<p><span style=\"color: #888888;\">Fuente: Direcci\u00f3n de Deportes<\/span><\/p>\n","protected":false},"excerpt":{"rendered":"<p>A partir del mi\u00e9rcoles 5 de marzo comienzan las distintas escuelas municipales de deportes que a trav\u00e9s de la Direcci\u00f3n &#8230; <a title=\"Comienzan las Escuelas de Deportes Municipales\" class=\"read-more\" href=\"https:\/\/www.hoymercedes.com.ar\/principal\/2014\/03\/03\/comienzan-las-escuelas-de-deportes-municipales\/\" aria-label=\"Leer m\u00e1s sobre Comienzan las Escuelas de Deportes Municipales\">Leer m\u00e1s<\/a><\/p>\n","protected":false},"author":1,"featured_media":0,"comment_status":"open","ping_status":"open","sticky":false,"template":"","format":"standard","meta":{"_monsterinsights_skip_tracking":false,"_monsterinsights_sitenote_active":false,"_monsterinsights_sitenote_note":"","_monsterinsights_sitenote_category":0,"jetpack_post_was_ever_published":false,"_jetpack_newsletter_access":"","_jetpack_dont_email_post_to_subs":false,"_jetpack_newsletter_tier_id":0,"_jetpack_memberships_contains_paywalled_content":false,"_jetpack_memberships_contains_paid_content":false,"footnotes":"","jetpack_publicize_message":"","jetpack_publicize_feature_enabled":true,"jetpack_social_post_already_shared":false,"jetpack_social_options":{"image_generator_settings":{"template":"highway","default_image_id":0,"font":"","enabled":false},"version":2},"_wpas_customize_per_network":false},"categories":[21],"tags":[4763,777,4764],"class_list":["post-30533","post","type-post","status-publish","format-standard","hentry","category-deportes","tag-comienzan-las-escuelas-de-deportes-municipales","tag-direccion-de-deportes","tag-julio-campoda","generate-columns","tablet-grid-50","mobile-grid-100","grid-parent","grid-50"],"jetpack_publicize_connections":[],"jetpack_featured_media_url":"","wps_subtitle":"Direcci\u00f3n de deportes","jetpack_sharing_enabled":true,"_links":{"self":[{"href":"https:\/\/www.hoymercedes.com.ar\/principal\/wp-json\/wp\/v2\/posts\/30533","targetHints":{"allow":["GET"]}}],"collection":[{"href":"https:\/\/www.hoymercedes.com.ar\/principal\/wp-json\/wp\/v2\/posts"}],"about":[{"href":"https:\/\/www.hoymercedes.com.ar\/principal\/wp-json\/wp\/v2\/types\/post"}],"author":[{"embeddable":true,"href":"https:\/\/www.hoymercedes.com.ar\/principal\/wp-json\/wp\/v2\/users\/1"}],"replies":[{"embeddable":true,"href":"https:\/\/www.hoymercedes.com.ar\/principal\/wp-json\/wp\/v2\/comments?post=30533"}],"version-history":[{"count":0,"href":"https:\/\/www.hoymercedes.com.ar\/principal\/wp-json\/wp\/v2\/posts\/30533\/revisions"}],"wp:attachment":[{"href":"https:\/\/www.hoymercedes.com.ar\/principal\/wp-json\/wp\/v2\/media?parent=30533"}],"wp:term":[{"taxonomy":"category","embeddable":true,"href":"https:\/\/www.hoymercedes.com.ar\/principal\/wp-json\/wp\/v2\/categories?post=30533"},{"taxonomy":"post_tag","embeddable":true,"href":"https:\/\/www.hoymercedes.com.ar\/principal\/wp-json\/wp\/v2\/tags?post=30533"}],"curies":[{"name":"wp","href":"https:\/\/api.w.org\/{rel}","templated":true}]}}