{"id":30541,"date":"2014-03-04T23:51:33","date_gmt":"2014-03-04T23:51:33","guid":{"rendered":"http:\/\/www.hoymercedes.com.ar\/principal\/?p=30541"},"modified":"2014-03-04T23:51:33","modified_gmt":"2014-03-04T23:51:33","slug":"se-atrasa-la-implementacion-del-estacionamiento-medido","status":"publish","type":"post","link":"https:\/\/www.hoymercedes.com.ar\/principal\/2014\/03\/04\/se-atrasa-la-implementacion-del-estacionamiento-medido\/","title":{"rendered":"Se atrasa la implementaci\u00f3n del estacionamiento medido"},"content":{"rendered":"<p><a href=\"https:\/\/www.hoymercedes.com.ar\/principal\/wp-content\/uploads\/2014\/03\/estacionamientomedido-mercedes.jpg\"><img loading=\"lazy\" decoding=\"async\" data-attachment-id=\"30543\" data-permalink=\"https:\/\/www.hoymercedes.com.ar\/principal\/2014\/03\/04\/se-atrasa-la-implementacion-del-estacionamiento-medido\/estacionamientomedido-mercedes\/#main\" data-orig-file=\"https:\/\/www.hoymercedes.com.ar\/principal\/wp-content\/uploads\/2014\/03\/estacionamientomedido-mercedes.jpg\" data-orig-size=\"620,827\" data-comments-opened=\"1\" data-image-meta=\"{&quot;aperture&quot;:&quot;0&quot;,&quot;credit&quot;:&quot;&quot;,&quot;camera&quot;:&quot;&quot;,&quot;caption&quot;:&quot;&quot;,&quot;created_timestamp&quot;:&quot;0&quot;,&quot;copyright&quot;:&quot;&quot;,&quot;focal_length&quot;:&quot;0&quot;,&quot;iso&quot;:&quot;0&quot;,&quot;shutter_speed&quot;:&quot;0&quot;,&quot;title&quot;:&quot;&quot;}\" data-image-title=\"estacionamientomedido-mercedes\" data-image-description=\"\" data-image-caption=\"\" data-large-file=\"https:\/\/www.hoymercedes.com.ar\/principal\/wp-content\/uploads\/2014\/03\/estacionamientomedido-mercedes.jpg\" class=\"aligncenter size-full wp-image-30543\" alt=\"estacionamientomedido-mercedes\" src=\"https:\/\/www.hoymercedes.com.ar\/principal\/wp-content\/uploads\/2014\/03\/estacionamientomedido-mercedes.jpg\" width=\"620\" height=\"827\" srcset=\"https:\/\/www.hoymercedes.com.ar\/principal\/wp-content\/uploads\/2014\/03\/estacionamientomedido-mercedes.jpg 620w, https:\/\/www.hoymercedes.com.ar\/principal\/wp-content\/uploads\/2014\/03\/estacionamientomedido-mercedes-464x620.jpg 464w\" sizes=\"auto, (max-width: 620px) 100vw, 620px\" \/><\/a><\/p>\n<p><em><strong>El anunciado estacionamiento medido que se iba a implementar en \u00e9stos primeros d\u00edas de marzo en nuestra ciudad y que tanto debate trajo se estar\u00eda atrasando en la implementaci\u00f3n por cuestiones empresariales<\/strong><\/em>.<\/p>\n<p>Seg\u00fan se supo deber\u00eda la empresa Elinpark a mediados de febrero haber instalado la carteler\u00eda correspondiente, entregado folletos y terminado de montar su espacio operativo. Ante \u00e9stos atrasados y la falta de designaci\u00f3n final de cu\u00e1les ser\u00edan los comercios adheridos al cobro as\u00ed como la correcta difusi\u00f3n de las novedades llev\u00f3 a que se decida atrasar por el momento.<\/p>\n<p>La implementaci\u00f3n, entonces, quedar\u00e1 para dentro de algunos d\u00edas, sin la certeza de cuando, mientras que empiezan a verse en la ciudad los carteles que a su vez dan datos que por el momento no est\u00e1n en funciones, como ser el sitio de internet que los mismos anuncian.<\/p>\n<p>El Municipio por su parte est\u00e1 siguiendo el tema de cerca pues hay un contrato firmado que deber\u00e1 cumplirse, remarcan.<\/p>\n<p>&nbsp;<\/p>\n","protected":false},"excerpt":{"rendered":"<p>El anunciado estacionamiento medido que se iba a implementar en \u00e9stos primeros d\u00edas de marzo en nuestra ciudad y que &#8230; <a title=\"Se atrasa la implementaci\u00f3n del estacionamiento medido\" class=\"read-more\" href=\"https:\/\/www.hoymercedes.com.ar\/principal\/2014\/03\/04\/se-atrasa-la-implementacion-del-estacionamiento-medido\/\" aria-label=\"Leer m\u00e1s sobre Se atrasa la implementaci\u00f3n del estacionamiento medido\">Leer m\u00e1s<\/a><\/p>\n","protected":false},"author":1,"featured_media":0,"comment_status":"open","ping_status":"open","sticky":false,"template":"","format":"standard","meta":{"_monsterinsights_skip_tracking":false,"_monsterinsights_sitenote_active":false,"_monsterinsights_sitenote_note":"","_monsterinsights_sitenote_category":0,"jetpack_post_was_ever_published":false,"_jetpack_newsletter_access":"","_jetpack_dont_email_post_to_subs":false,"_jetpack_newsletter_tier_id":0,"_jetpack_memberships_contains_paywalled_content":false,"_jetpack_memberships_contains_paid_content":false,"footnotes":"","jetpack_publicize_message":"","jetpack_publicize_feature_enabled":true,"jetpack_social_post_already_shared":false,"jetpack_social_options":{"image_generator_settings":{"template":"highway","default_image_id":0,"font":"","enabled":false},"version":2},"_wpas_customize_per_network":false},"categories":[30],"tags":[4765,4669],"class_list":["post-30541","post","type-post","status-publish","format-standard","hentry","category-municipio","tag-elinpark","tag-estacionamiento-medido-mercedes","generate-columns","tablet-grid-50","mobile-grid-100","grid-parent","grid-50"],"jetpack_publicize_connections":[],"jetpack_featured_media_url":"","wps_subtitle":"Por cuestiones operativas ","jetpack_sharing_enabled":true,"_links":{"self":[{"href":"https:\/\/www.hoymercedes.com.ar\/principal\/wp-json\/wp\/v2\/posts\/30541","targetHints":{"allow":["GET"]}}],"collection":[{"href":"https:\/\/www.hoymercedes.com.ar\/principal\/wp-json\/wp\/v2\/posts"}],"about":[{"href":"https:\/\/www.hoymercedes.com.ar\/principal\/wp-json\/wp\/v2\/types\/post"}],"author":[{"embeddable":true,"href":"https:\/\/www.hoymercedes.com.ar\/principal\/wp-json\/wp\/v2\/users\/1"}],"replies":[{"embeddable":true,"href":"https:\/\/www.hoymercedes.com.ar\/principal\/wp-json\/wp\/v2\/comments?post=30541"}],"version-history":[{"count":0,"href":"https:\/\/www.hoymercedes.com.ar\/principal\/wp-json\/wp\/v2\/posts\/30541\/revisions"}],"wp:attachment":[{"href":"https:\/\/www.hoymercedes.com.ar\/principal\/wp-json\/wp\/v2\/media?parent=30541"}],"wp:term":[{"taxonomy":"category","embeddable":true,"href":"https:\/\/www.hoymercedes.com.ar\/principal\/wp-json\/wp\/v2\/categories?post=30541"},{"taxonomy":"post_tag","embeddable":true,"href":"https:\/\/www.hoymercedes.com.ar\/principal\/wp-json\/wp\/v2\/tags?post=30541"}],"curies":[{"name":"wp","href":"https:\/\/api.w.org\/{rel}","templated":true}]}}