{"id":30579,"date":"2014-03-07T01:30:08","date_gmt":"2014-03-07T01:30:08","guid":{"rendered":"http:\/\/www.hoymercedes.com.ar\/principal\/?p=30579"},"modified":"2014-03-07T01:30:08","modified_gmt":"2014-03-07T01:30:08","slug":"union-de-usuarios-viales-debate-anuncios-tras-discurso-del-gobernador-scioli","status":"publish","type":"post","link":"https:\/\/www.hoymercedes.com.ar\/principal\/2014\/03\/07\/union-de-usuarios-viales-debate-anuncios-tras-discurso-del-gobernador-scioli\/","title":{"rendered":"Uni\u00f3n de Usuarios Viales debate anuncios tras discurso del Gobernador Scioli"},"content":{"rendered":"<figure id=\"attachment_30581\" aria-describedby=\"caption-attachment-30581\" style=\"width: 610px\" class=\"wp-caption aligncenter\"><a href=\"https:\/\/www.hoymercedes.com.ar\/principal\/wp-content\/uploads\/2014\/03\/asamblea-dos.jpg\"><img loading=\"lazy\" decoding=\"async\" data-attachment-id=\"30581\" data-permalink=\"https:\/\/www.hoymercedes.com.ar\/principal\/2014\/03\/07\/union-de-usuarios-viales-debate-anuncios-tras-discurso-del-gobernador-scioli\/asamblea-dos\/#main\" data-orig-file=\"https:\/\/www.hoymercedes.com.ar\/principal\/wp-content\/uploads\/2014\/03\/asamblea-dos.jpg\" data-orig-size=\"620,448\" data-comments-opened=\"1\" data-image-meta=\"{&quot;aperture&quot;:&quot;0&quot;,&quot;credit&quot;:&quot;&quot;,&quot;camera&quot;:&quot;&quot;,&quot;caption&quot;:&quot;&quot;,&quot;created_timestamp&quot;:&quot;0&quot;,&quot;copyright&quot;:&quot;&quot;,&quot;focal_length&quot;:&quot;0&quot;,&quot;iso&quot;:&quot;0&quot;,&quot;shutter_speed&quot;:&quot;0&quot;,&quot;title&quot;:&quot;&quot;}\" data-image-title=\"asamblea-dos\" data-image-description=\"\" data-image-caption=\"&lt;p&gt;Foto: Prensa Daniel Scioli&lt;\/p&gt;\n\" data-large-file=\"https:\/\/www.hoymercedes.com.ar\/principal\/wp-content\/uploads\/2014\/03\/asamblea-dos.jpg\" class=\"size-full wp-image-30581\" alt=\"Foto: Prensa Daniel Scioli\" src=\"https:\/\/www.hoymercedes.com.ar\/principal\/wp-content\/uploads\/2014\/03\/asamblea-dos.jpg\" width=\"620\" height=\"448\" \/><\/a><figcaption id=\"caption-attachment-30581\" class=\"wp-caption-text\">Foto: Prensa Daniel Scioli<\/figcaption><\/figure>\n<p><strong>Por Uni\u00f3n de Usuarios Viales\u00a0<\/strong><\/p>\n<p><em><strong>La UDUV consider\u00f3 que pregon\u00f3 una dial\u00e9ctica discursiva y una l\u00f3gica de exhibir anuncios repetidos, sin plasmarse obras en todos estos a\u00f1os<\/strong><\/em><\/p>\n<p>En alusi\u00f3n a los anuncios efectuados por el Sr. Gobernador Daniel Scioli, en el marco de la apertura de las Sesiones Ordinarias de la Honorable C\u00e1mara de Diputados de la provincia de Buenos Aires, llevada a cabo el mi\u00e9rcoles 5 de marzo \u00faltimo, la Uni\u00f3n de Usuarios Viales (UDUV) emiti\u00f3 una carta abierta, aclarando conceptos y ejemplos err\u00f3neos vertidos por el primer mandatario en cuanto al \u00e1mbito de Infraestructura Vial y otras pol\u00edticas cuya dial\u00e9ctica no condice con la praxis, m\u00e1xime en el interior de la inmensa geograf\u00eda bonaerense.<\/p>\n<p>LOGICA DE MENCIONAR CIFRAS GLOBALES Y REPETIR LAS MISMAS OBRAS<\/p>\n<p>En la inauguraci\u00f3n de las sesiones, el Gobernador exalt\u00f3 \u201cla gran inversi\u00f3n en infraestructura vial\u201d, y refiri\u00f3 a cifras brutas del inmenso territorio; infiri\u00e9ndose insignificancias (los 571 millones en rutas del interior, cubre menos del 20 % de la infraestructura demandada, siendo por ejemplo esa cifra equivalente a tan solo 4 veces lo necesitado para repavimentar el tramo Daireaux- Guamin\u00ed de Ruta 65) y de presupuestos que en parte son repetidos de a\u00f1os anteriores, sin plasmarse en obras de larga data. Por consiguiente, en los ejemplos de rutas, apenas se pudo citar la Ruta provincial 6 (de Berisso-La Plata hasta Z\u00e1rate-Campana, por 180 kil\u00f3metros), que reci\u00e9n comienza, despu\u00e9s de 10 a\u00f1os de promesas y gran cantidad de accidentes fatales.<\/p>\n<p>UN GRAN ANUNCIO DE AUTOPISTAS PARA LA OBRA DE UN CARRIL<\/p>\n<p>Tambi\u00e9n habl\u00f3 de grandes autopistas exaltando la Autopista Buenos Aires \u2013 La Plata, que ya est\u00e1 construida y solo se adicionar\u00e1 en esa obra anunciada un carril extra de circulaci\u00f3n.<\/p>\n<p>La UDUV recalc\u00f3 que hay grandes, pero pocas autopistas, de anta\u00f1o y la mayor\u00eda bajo la \u00f3rbita nacional. A su vez, se record\u00f3 que las 4 grandes obras solicitadas de Autov\u00eda en Rutas Nacionales 3, 5, 7 y 8 solo condicen con grandes anuncios, pero nunca se efectiviz\u00f3 ning\u00fan tramo de m\u00e1s de 50 kil\u00f3metros, sobre m\u00e1s de 700 kil\u00f3metros solicitados como prioritarios.<\/p>\n<p>ANTECEDENTE NEGATIVO DE CAMINOS RURALES EN EL IMAGINARIO OFICIAL<\/p>\n<p>En torno al anuncio de caminos rurales, donde el gobernador destac\u00f3 una gran inversi\u00f3n, la UDUV realiz\u00f3 un recuento detallando las condiciones de aislacionismo de muchos pueblos rurales durante 2012, donde hubo una inundaci\u00f3n muy prolongada, y las obras no llegaron nunca, pese a proyectos y pedidos. Valga recordar los anuncios de la otrora Ministra de Infraestructura Cristina Alvarez Rodr\u00edguez sobre que iba a realizarse el acceso asfaltado a Magdala (partido de Mones Caz\u00f3n); o la promesa de pavimentar el camino de acceso a Ruta 65 desde Henderson; el proyecto de pavimentar el asfalto a Bellocq (C. Casares), o la inconclusa Ruta 60 en Huanguel\u00e9n, que adem\u00e1s est\u00e1 en p\u00e9simo estado.<\/p>\n<p>En Julio de 2013, hasta el entonces Director Vial Ricardo Curetti pidi\u00f3 ayuda a los municipios de Zona Vial VIII, en reuni\u00f3n celebrada a puertas cerradas en Daireaux, pero donde particip\u00f3 la UDUV.<\/p>\n<p>A ello, agregarle la falta de las obras de alcantarillados de Rutas que se interponen al drenaje superficial y fre\u00e1tico, generando diques de inundaci\u00f3n y hundimiento de cinta asf\u00e1ltica, agravados con el paso del transporte pesado. As\u00ed por ejemplo, se generan gigantes \u201cpalanganas de agua\u201d durante los d\u00edas de lluvia, desviando a los automovilistas a la banquinas, con derivaciones que se materializan en accidentes de tr\u00e1nsito.<\/p>\n<p>NINGUNA RUTA NUEVA EN TODA UNA DECADA<\/p>\n<p>No hay tal gran inversi\u00f3n vial en los a\u00f1os recientes; ni una ruta nueva se ha pavimentado en 10 a\u00f1os. El ejemplo m\u00e1s emblem\u00e1tico, como es el caso de la \u201cRuta del Cereal\u201d, en su tramo Mones Caz\u00f3n \u2013 Salazar; o los proyectos de decir y no hacer que se emitieran desde 2009 en la zona de Pergamino, Col\u00f3n y Necochea, ponen a la luz la postergaci\u00f3n a la que se suman obras menores, como rotondas, d\u00e1rsenas y nuevas banquinas, tal como se visibiliza en las rutas 85 (Salliquel\u00f3) y 86 (Henderson).<\/p>\n<p>De haberse iniciado al menos alguna obra, no hubiera existido la demanda de recurrir en 2012 al Ej\u00e9rcito Argentino para comunicar decenas de pueblos aislados por el agua.<\/p>\n<p>Parad\u00f3jicamente donde no se empezaron obras o se pararon, se observa un gran despliegue de publicidad oficial, tal como \u201cVamos a la Playa\u201d, por parte de la Provincia; o a nivel nacional \u201cLa Naci\u00f3n aqu\u00ed tambi\u00e9n crece\u201d; entre otras estructuras costos\u00edsimas que se montan a veces en cruces o rotondas en las que no est\u00e1 el financiamiento correspondiente.<\/p>\n<p>CONCLUSIONES Y REFLEXIONES FINALES<\/p>\n<p>Desde la UDUV y la gran cantidad de organizaciones civiles que luchan para que se aplique el presupuesto \u00edntegramente a las mejoras de autopistas, rutas, accesos y caminos de los \u00f3rdenes nacional y provincial, creemos que la dial\u00e9ctica discursiva y la l\u00f3gica de exhibir anuncios repetidos, con cifras globales (que son geogr\u00e1ficamente poco proporcionales) y ejemplos muy acotados (como si en todo el territorio se plasmara id\u00e9nticamente), es una manera de camuflar la realidad, decorando la misma con el fundamento que el Estado provincial cuenta con financiamiento propio del Fondo Fiduciario Vial (creado por Ley 14.393 e implementado por el Decreto 129\/13). Esos fondos desburocratizan la mec\u00e1nica de transferencia de recursos, pero no garantizan m\u00e1s:<\/p>\n<p>&#8211; Pol\u00edticas de prevenci\u00f3n y seguridad vial.<\/p>\n<p>&#8211; Autopistas, rutas, accesos y caminos nuevos.<\/p>\n<p>&#8211; Autofinanciamiento, con rutas inteligentes.<\/p>\n<p>&#8211; Pol\u00edticas integrales, de largo plazo y con mirada federal a todo el territorio.<\/p>\n<p>Exhortamos as\u00ed, una vez m\u00e1s a los responsables de generar, financiar y aplicar fondos viales en nuestra infraestructura, vital para prevenir accidentes. De hecho, todav\u00eda queda pendiente la respuesta al pedido de audiencia efectuado el pasado 24 de Enero al Gobernador Daniel Scioli, quien al cabo de todo el verano no visit\u00f3 la mayor\u00eda de las zonas interiores de la provincia, algunas no conocidas oficialmente y que esperan responder a viejas postergaciones; en regiones donde precisamente la recaudaci\u00f3n fiscal increment\u00f3 m\u00e1s del 100% en sus per\u00edodos de gesti\u00f3n, contrariamente a la escasa cantidad de nuevas obras.<\/p>\n","protected":false},"excerpt":{"rendered":"<p>Por Uni\u00f3n de Usuarios Viales\u00a0 La UDUV consider\u00f3 que pregon\u00f3 una dial\u00e9ctica discursiva y una l\u00f3gica de exhibir anuncios repetidos, &#8230; <a title=\"Uni\u00f3n de Usuarios Viales debate anuncios tras discurso del Gobernador Scioli\" class=\"read-more\" href=\"https:\/\/www.hoymercedes.com.ar\/principal\/2014\/03\/07\/union-de-usuarios-viales-debate-anuncios-tras-discurso-del-gobernador-scioli\/\" aria-label=\"Leer m\u00e1s sobre Uni\u00f3n de Usuarios Viales debate anuncios tras discurso del Gobernador Scioli\">Leer m\u00e1s<\/a><\/p>\n","protected":false},"author":1,"featured_media":0,"comment_status":"open","ping_status":"open","sticky":false,"template":"","format":"standard","meta":{"_monsterinsights_skip_tracking":false,"_monsterinsights_sitenote_active":false,"_monsterinsights_sitenote_note":"","_monsterinsights_sitenote_category":0,"jetpack_post_was_ever_published":false,"_jetpack_newsletter_access":"","_jetpack_dont_email_post_to_subs":false,"_jetpack_newsletter_tier_id":0,"_jetpack_memberships_contains_paywalled_content":false,"_jetpack_memberships_contains_paid_content":false,"footnotes":"","jetpack_publicize_message":"","jetpack_publicize_feature_enabled":true,"jetpack_social_post_already_shared":false,"jetpack_social_options":{"image_generator_settings":{"template":"highway","default_image_id":0,"font":"","enabled":false},"version":2},"_wpas_customize_per_network":false},"categories":[1],"tags":[2204,4786,2754,4785],"class_list":["post-30579","post","type-post","status-publish","format-standard","hentry","category-opinion","tag-daniel-scioli","tag-gobernador-daniel-scioli","tag-union-de-usuarios-viales","tag-union-de-usuarios-viales-debate-anuncios-tras-discurso-del-gobernador-scioli","generate-columns","tablet-grid-50","mobile-grid-100","grid-parent","grid-50"],"jetpack_publicize_connections":[],"jetpack_featured_media_url":"","wps_subtitle":"usuarios rutas argentinas","jetpack_sharing_enabled":true,"_links":{"self":[{"href":"https:\/\/www.hoymercedes.com.ar\/principal\/wp-json\/wp\/v2\/posts\/30579","targetHints":{"allow":["GET"]}}],"collection":[{"href":"https:\/\/www.hoymercedes.com.ar\/principal\/wp-json\/wp\/v2\/posts"}],"about":[{"href":"https:\/\/www.hoymercedes.com.ar\/principal\/wp-json\/wp\/v2\/types\/post"}],"author":[{"embeddable":true,"href":"https:\/\/www.hoymercedes.com.ar\/principal\/wp-json\/wp\/v2\/users\/1"}],"replies":[{"embeddable":true,"href":"https:\/\/www.hoymercedes.com.ar\/principal\/wp-json\/wp\/v2\/comments?post=30579"}],"version-history":[{"count":0,"href":"https:\/\/www.hoymercedes.com.ar\/principal\/wp-json\/wp\/v2\/posts\/30579\/revisions"}],"wp:attachment":[{"href":"https:\/\/www.hoymercedes.com.ar\/principal\/wp-json\/wp\/v2\/media?parent=30579"}],"wp:term":[{"taxonomy":"category","embeddable":true,"href":"https:\/\/www.hoymercedes.com.ar\/principal\/wp-json\/wp\/v2\/categories?post=30579"},{"taxonomy":"post_tag","embeddable":true,"href":"https:\/\/www.hoymercedes.com.ar\/principal\/wp-json\/wp\/v2\/tags?post=30579"}],"curies":[{"name":"wp","href":"https:\/\/api.w.org\/{rel}","templated":true}]}}