{"id":30640,"date":"2014-03-09T17:27:22","date_gmt":"2014-03-09T17:27:22","guid":{"rendered":"http:\/\/www.hoymercedes.com.ar\/principal\/?p=30640"},"modified":"2014-03-09T17:27:22","modified_gmt":"2014-03-09T17:27:22","slug":"castelucci-cerro-jornada-reflexiva-en-dia-internacional-de-la-mujer","status":"publish","type":"post","link":"https:\/\/www.hoymercedes.com.ar\/principal\/2014\/03\/09\/castelucci-cerro-jornada-reflexiva-en-dia-internacional-de-la-mujer\/","title":{"rendered":"Castelucci cerr\u00f3 jornada reflexiva en D\u00eda Internacional de la Mujer"},"content":{"rendered":"<p><a href=\"https:\/\/www.hoymercedes.com.ar\/principal\/wp-content\/uploads\/2014\/03\/Castelucci-LaJaureche-DiadelaMujer-I.jpg\"><img loading=\"lazy\" decoding=\"async\" data-attachment-id=\"30642\" data-permalink=\"https:\/\/www.hoymercedes.com.ar\/principal\/2014\/03\/09\/castelucci-cerro-jornada-reflexiva-en-dia-internacional-de-la-mujer\/castelucci-lajaureche-diadelamujer-i\/#main\" data-orig-file=\"https:\/\/www.hoymercedes.com.ar\/principal\/wp-content\/uploads\/2014\/03\/Castelucci-LaJaureche-DiadelaMujer-I.jpg\" data-orig-size=\"620,465\" data-comments-opened=\"1\" data-image-meta=\"{&quot;aperture&quot;:&quot;2.8&quot;,&quot;credit&quot;:&quot;&quot;,&quot;camera&quot;:&quot;XT915&quot;,&quot;caption&quot;:&quot;&quot;,&quot;created_timestamp&quot;:&quot;1394308573&quot;,&quot;copyright&quot;:&quot;&quot;,&quot;focal_length&quot;:&quot;4.27&quot;,&quot;iso&quot;:&quot;585&quot;,&quot;shutter_speed&quot;:&quot;0.069984&quot;,&quot;title&quot;:&quot;&quot;}\" data-image-title=\"Castelucci-LaJaureche-DiadelaMujer-I\" data-image-description=\"\" data-image-caption=\"\" data-large-file=\"https:\/\/www.hoymercedes.com.ar\/principal\/wp-content\/uploads\/2014\/03\/Castelucci-LaJaureche-DiadelaMujer-I.jpg\" class=\"aligncenter size-full wp-image-30642\" alt=\"Castelucci-LaJaureche-DiadelaMujer-I\" src=\"https:\/\/www.hoymercedes.com.ar\/principal\/wp-content\/uploads\/2014\/03\/Castelucci-LaJaureche-DiadelaMujer-I.jpg\" width=\"620\" height=\"465\" \/><\/a><\/p>\n<p><em><strong>El pasado s\u00e1bado 8 de marzo, la agrupaci\u00f3n \u00abArturo Jauretche\u00bb Mercedes organiz\u00f3 un festejo diferente en el d\u00eda Internacional de la mujer. El evento se desarrollo en el sal\u00f3n ubicado en calle 24 entre 3 y 5. Mariano Castelucci fue parte de la actividad y cerr\u00f3 el encuentro.\u00a0<\/strong><\/em><\/p>\n<div>\n<div>Con importante participaci\u00f3n \u00a0de mujeres de nuestra ciudad, divididas en grupos, reflexionaron sobre la presencia de la mujer en la sociedad, su rol en diferentes \u00e1mbitos, la visi\u00f3n masculina sobre ellas \u00a0y la importancia de sus labores.<\/div>\n<p><img loading=\"lazy\" decoding=\"async\" data-attachment-id=\"30643\" data-permalink=\"https:\/\/www.hoymercedes.com.ar\/principal\/2014\/03\/09\/castelucci-cerro-jornada-reflexiva-en-dia-internacional-de-la-mujer\/castelucci-lajaureche-diadelamujer-ii\/#main\" data-orig-file=\"https:\/\/www.hoymercedes.com.ar\/principal\/wp-content\/uploads\/2014\/03\/Castelucci-LaJaureche-DiadelaMujer-II.jpg\" data-orig-size=\"620,481\" data-comments-opened=\"1\" data-image-meta=\"{&quot;aperture&quot;:&quot;2.8&quot;,&quot;credit&quot;:&quot;&quot;,&quot;camera&quot;:&quot;XT915&quot;,&quot;caption&quot;:&quot;&quot;,&quot;created_timestamp&quot;:&quot;1394309422&quot;,&quot;copyright&quot;:&quot;&quot;,&quot;focal_length&quot;:&quot;4.27&quot;,&quot;iso&quot;:&quot;585&quot;,&quot;shutter_speed&quot;:&quot;0.069984&quot;,&quot;title&quot;:&quot;&quot;}\" data-image-title=\"Castelucci-LaJaureche-DiadelaMujer-II\" data-image-description=\"\" data-image-caption=\"\" data-large-file=\"https:\/\/www.hoymercedes.com.ar\/principal\/wp-content\/uploads\/2014\/03\/Castelucci-LaJaureche-DiadelaMujer-II.jpg\" class=\"aligncenter size-full wp-image-30643\" alt=\"Castelucci-LaJaureche-DiadelaMujer-II\" src=\"https:\/\/www.hoymercedes.com.ar\/principal\/wp-content\/uploads\/2014\/03\/Castelucci-LaJaureche-DiadelaMujer-II.jpg\" width=\"620\" height=\"481\" \/><\/p>\n<div><\/div>\n<div>En un clima muy amistoso, sin dejar de lado el debate y el di\u00e1logo, Mariano Castelucci cerr\u00f3 el evento con una reflexi\u00f3n sobre la importancia de la mujer y la visi\u00f3n que se tiene de c\u00f3mo debemos actuar todos en sociedad, con individualismo, incentivando a los presentes a trabajar como comunidad, sin olvidar al \u00abOtro\u00bb.<\/div>\n<div><\/div>\n<div><span style=\"color: #888888;\">Fuente. La Jaureche<\/span><\/div>\n<\/div>\n","protected":false},"excerpt":{"rendered":"<p>El pasado s\u00e1bado 8 de marzo, la agrupaci\u00f3n \u00abArturo Jauretche\u00bb Mercedes organiz\u00f3 un festejo diferente en el d\u00eda Internacional de &#8230; <a title=\"Castelucci cerr\u00f3 jornada reflexiva en D\u00eda Internacional de la Mujer\" class=\"read-more\" href=\"https:\/\/www.hoymercedes.com.ar\/principal\/2014\/03\/09\/castelucci-cerro-jornada-reflexiva-en-dia-internacional-de-la-mujer\/\" aria-label=\"Leer m\u00e1s sobre Castelucci cerr\u00f3 jornada reflexiva en D\u00eda Internacional de la Mujer\">Leer m\u00e1s<\/a><\/p>\n","protected":false},"author":1,"featured_media":0,"comment_status":"open","ping_status":"open","sticky":false,"template":"","format":"standard","meta":{"_monsterinsights_skip_tracking":false,"_monsterinsights_sitenote_active":false,"_monsterinsights_sitenote_note":"","_monsterinsights_sitenote_category":0,"jetpack_post_was_ever_published":false,"_jetpack_newsletter_access":"","_jetpack_dont_email_post_to_subs":false,"_jetpack_newsletter_tier_id":0,"_jetpack_memberships_contains_paywalled_content":false,"_jetpack_memberships_contains_paid_content":false,"footnotes":"","jetpack_publicize_message":"","jetpack_publicize_feature_enabled":true,"jetpack_social_post_already_shared":false,"jetpack_social_options":{"image_generator_settings":{"template":"highway","default_image_id":0,"font":"","enabled":false},"version":2},"_wpas_customize_per_network":false},"categories":[5],"tags":[4801,4802,513],"class_list":["post-30640","post","type-post","status-publish","format-standard","hentry","category-politica","tag-castelucci-cerro-jornada-reflexiva-en-dia-internacional-de-la-mujer","tag-la-jaureche","tag-mariano-castelucci","generate-columns","tablet-grid-50","mobile-grid-100","grid-parent","grid-50"],"jetpack_publicize_connections":[],"jetpack_featured_media_url":"","wps_subtitle":"La Jaureche","jetpack_sharing_enabled":true,"_links":{"self":[{"href":"https:\/\/www.hoymercedes.com.ar\/principal\/wp-json\/wp\/v2\/posts\/30640","targetHints":{"allow":["GET"]}}],"collection":[{"href":"https:\/\/www.hoymercedes.com.ar\/principal\/wp-json\/wp\/v2\/posts"}],"about":[{"href":"https:\/\/www.hoymercedes.com.ar\/principal\/wp-json\/wp\/v2\/types\/post"}],"author":[{"embeddable":true,"href":"https:\/\/www.hoymercedes.com.ar\/principal\/wp-json\/wp\/v2\/users\/1"}],"replies":[{"embeddable":true,"href":"https:\/\/www.hoymercedes.com.ar\/principal\/wp-json\/wp\/v2\/comments?post=30640"}],"version-history":[{"count":0,"href":"https:\/\/www.hoymercedes.com.ar\/principal\/wp-json\/wp\/v2\/posts\/30640\/revisions"}],"wp:attachment":[{"href":"https:\/\/www.hoymercedes.com.ar\/principal\/wp-json\/wp\/v2\/media?parent=30640"}],"wp:term":[{"taxonomy":"category","embeddable":true,"href":"https:\/\/www.hoymercedes.com.ar\/principal\/wp-json\/wp\/v2\/categories?post=30640"},{"taxonomy":"post_tag","embeddable":true,"href":"https:\/\/www.hoymercedes.com.ar\/principal\/wp-json\/wp\/v2\/tags?post=30640"}],"curies":[{"name":"wp","href":"https:\/\/api.w.org\/{rel}","templated":true}]}}