{"id":30645,"date":"2014-03-09T18:02:26","date_gmt":"2014-03-09T18:02:26","guid":{"rendered":"http:\/\/www.hoymercedes.com.ar\/principal\/?p=30645"},"modified":"2014-03-09T18:02:26","modified_gmt":"2014-03-09T18:02:26","slug":"lunes-y-martes-continua-el-paro-docente","status":"publish","type":"post","link":"https:\/\/www.hoymercedes.com.ar\/principal\/2014\/03\/09\/lunes-y-martes-continua-el-paro-docente\/","title":{"rendered":"Lunes y Martes contin\u00faa el paro docente"},"content":{"rendered":"<p><a href=\"https:\/\/www.hoymercedes.com.ar\/principal\/wp-content\/uploads\/2014\/03\/docentes-paro.jpg\"><img loading=\"lazy\" decoding=\"async\" data-attachment-id=\"30647\" data-permalink=\"https:\/\/www.hoymercedes.com.ar\/principal\/2014\/03\/09\/lunes-y-martes-continua-el-paro-docente\/docentes-paro\/#main\" data-orig-file=\"https:\/\/www.hoymercedes.com.ar\/principal\/wp-content\/uploads\/2014\/03\/docentes-paro.jpg\" data-orig-size=\"620,465\" data-comments-opened=\"1\" data-image-meta=\"{&quot;aperture&quot;:&quot;0&quot;,&quot;credit&quot;:&quot;&quot;,&quot;camera&quot;:&quot;&quot;,&quot;caption&quot;:&quot;&quot;,&quot;created_timestamp&quot;:&quot;0&quot;,&quot;copyright&quot;:&quot;&quot;,&quot;focal_length&quot;:&quot;0&quot;,&quot;iso&quot;:&quot;0&quot;,&quot;shutter_speed&quot;:&quot;0&quot;,&quot;title&quot;:&quot;&quot;}\" data-image-title=\"docentes-paro\" data-image-description=\"\" data-image-caption=\"\" data-large-file=\"https:\/\/www.hoymercedes.com.ar\/principal\/wp-content\/uploads\/2014\/03\/docentes-paro.jpg\" class=\"aligncenter size-full wp-image-30647\" alt=\"docentes-paro\" src=\"https:\/\/www.hoymercedes.com.ar\/principal\/wp-content\/uploads\/2014\/03\/docentes-paro.jpg\" width=\"620\" height=\"465\" \/><\/a><\/p>\n<p><em><strong>Los docentes bonaerenses no llegaron a un acuerdo salarial y de condiciones laborales y determinaron efectuar 48hs m\u00e1s de paro y cese de actividades con lo cual lunes y martes las escuelas p\u00fablicas seguir\u00e1n sin dar clases.<\/strong><\/em><\/p>\n<p>Ante \u00e9sta situaci\u00f3n el Frente Gremial docente emiti\u00f3 el siguiente comunicado:<\/p>\n<p style=\"padding-left: 60px;\"><em>El Frente Gremial Docente Bonaerense ratifica la continuidad del plan de lucha<\/em><\/p>\n<p style=\"padding-left: 60px;\"><em><span style=\"line-height: 1.5em;\">Sin clases lunes 10 y martes 11 de marzo<\/span>\u00a0<\/em><\/p>\n<p style=\"padding-left: 60px;\"><em>El Frente Gremial Docente Bonaerense (FGDB) ratifica la continuidad del plan de lucha que fuera votado por las asambleas de las diferentes entidades para la pr\u00f3xima semana, hasta tanto no exista una oferta salarial oficial que pueda ser puesta a consideraci\u00f3n de los docentes.<\/em><\/p>\n<p style=\"padding-left: 60px;\"><em>Asimismo, el FGDB resuelve concurrir el pr\u00f3ximo martes a la nueva reuni\u00f3n Paritaria, a la espera de una propuesta sustancialmente superadora de la realizada por el Gobierno provincial, que fuera rechazada en dos oportunidades por resultar insuficiente y no contemplar ninguno de los pedidos del sector.<\/em><\/p>\n<p style=\"padding-left: 60px;\"><em>Esta nueva convocatoria del Gobierno es el resultado de la lucha constante y de la unidad de todos los docentes, por la defensa irrestricta de un salario digno y de mejores condiciones para ense\u00f1ar y aprender.<\/em><\/p>\n<p style=\"padding-left: 60px;\"><em>AMET \u2013 FEB \u2013 SUTEBA \u2013 UDA<\/em><\/p>\n<p style=\"padding-left: 60px;\">\n<p style=\"padding-left: 60px;\">\n<p style=\"padding-left: 60px;\">\n","protected":false},"excerpt":{"rendered":"<p>Los docentes bonaerenses no llegaron a un acuerdo salarial y de condiciones laborales y determinaron efectuar 48hs m\u00e1s de paro &#8230; <a title=\"Lunes y Martes contin\u00faa el paro docente\" class=\"read-more\" href=\"https:\/\/www.hoymercedes.com.ar\/principal\/2014\/03\/09\/lunes-y-martes-continua-el-paro-docente\/\" aria-label=\"Leer m\u00e1s sobre Lunes y Martes contin\u00faa el paro docente\">Leer m\u00e1s<\/a><\/p>\n","protected":false},"author":1,"featured_media":0,"comment_status":"open","ping_status":"open","sticky":false,"template":"","format":"standard","meta":{"_monsterinsights_skip_tracking":false,"_monsterinsights_sitenote_active":false,"_monsterinsights_sitenote_note":"","_monsterinsights_sitenote_category":0,"jetpack_post_was_ever_published":false,"_jetpack_newsletter_access":"","_jetpack_dont_email_post_to_subs":false,"_jetpack_newsletter_tier_id":0,"_jetpack_memberships_contains_paywalled_content":false,"_jetpack_memberships_contains_paid_content":false,"footnotes":"","jetpack_publicize_message":"","jetpack_publicize_feature_enabled":true,"jetpack_social_post_already_shared":false,"jetpack_social_options":{"image_generator_settings":{"template":"highway","default_image_id":0,"font":"","enabled":false},"version":2},"_wpas_customize_per_network":false},"categories":[23],"tags":[4804,24,2942,4803,37,4805],"class_list":["post-30645","post","type-post","status-publish","format-standard","hentry","category-educacion","tag-ameb","tag-feb","tag-frente-gremial-docente","tag-paro-docente-provincia-de-buenos-aires","tag-suteba","tag-uda-gramio","generate-columns","tablet-grid-50","mobile-grid-100","grid-parent","grid-50"],"jetpack_publicize_connections":[],"jetpack_featured_media_url":"","wps_subtitle":"Frente Gremial Docente","jetpack_sharing_enabled":true,"_links":{"self":[{"href":"https:\/\/www.hoymercedes.com.ar\/principal\/wp-json\/wp\/v2\/posts\/30645","targetHints":{"allow":["GET"]}}],"collection":[{"href":"https:\/\/www.hoymercedes.com.ar\/principal\/wp-json\/wp\/v2\/posts"}],"about":[{"href":"https:\/\/www.hoymercedes.com.ar\/principal\/wp-json\/wp\/v2\/types\/post"}],"author":[{"embeddable":true,"href":"https:\/\/www.hoymercedes.com.ar\/principal\/wp-json\/wp\/v2\/users\/1"}],"replies":[{"embeddable":true,"href":"https:\/\/www.hoymercedes.com.ar\/principal\/wp-json\/wp\/v2\/comments?post=30645"}],"version-history":[{"count":0,"href":"https:\/\/www.hoymercedes.com.ar\/principal\/wp-json\/wp\/v2\/posts\/30645\/revisions"}],"wp:attachment":[{"href":"https:\/\/www.hoymercedes.com.ar\/principal\/wp-json\/wp\/v2\/media?parent=30645"}],"wp:term":[{"taxonomy":"category","embeddable":true,"href":"https:\/\/www.hoymercedes.com.ar\/principal\/wp-json\/wp\/v2\/categories?post=30645"},{"taxonomy":"post_tag","embeddable":true,"href":"https:\/\/www.hoymercedes.com.ar\/principal\/wp-json\/wp\/v2\/tags?post=30645"}],"curies":[{"name":"wp","href":"https:\/\/api.w.org\/{rel}","templated":true}]}}