{"id":30657,"date":"2014-03-11T01:34:23","date_gmt":"2014-03-11T01:34:23","guid":{"rendered":"http:\/\/www.hoymercedes.com.ar\/principal\/?p=30657"},"modified":"2014-03-11T01:34:23","modified_gmt":"2014-03-11T01:34:23","slug":"comision-municipal-de-la-memoria-deliberativo-determino-sus-representantes","status":"publish","type":"post","link":"https:\/\/www.hoymercedes.com.ar\/principal\/2014\/03\/11\/comision-municipal-de-la-memoria-deliberativo-determino-sus-representantes\/","title":{"rendered":"Comisi\u00f3n Municipal de la Memoria: Deliberativo determin\u00f3 sus representantes"},"content":{"rendered":"<p><a href=\"https:\/\/www.hoymercedes.com.ar\/principal\/wp-content\/uploads\/2014\/03\/ConcejoDeliberante-Mercedes-2014.jpg\"><img loading=\"lazy\" decoding=\"async\" data-attachment-id=\"30659\" data-permalink=\"https:\/\/www.hoymercedes.com.ar\/principal\/2014\/03\/11\/comision-municipal-de-la-memoria-deliberativo-determino-sus-representantes\/concejodeliberante-mercedes-2014\/#main\" data-orig-file=\"https:\/\/www.hoymercedes.com.ar\/principal\/wp-content\/uploads\/2014\/03\/ConcejoDeliberante-Mercedes-2014.jpg\" data-orig-size=\"620,465\" data-comments-opened=\"1\" data-image-meta=\"{&quot;aperture&quot;:&quot;3.1&quot;,&quot;credit&quot;:&quot;&quot;,&quot;camera&quot;:&quot;DMC-S1&quot;,&quot;caption&quot;:&quot;&quot;,&quot;created_timestamp&quot;:&quot;1394006693&quot;,&quot;copyright&quot;:&quot;&quot;,&quot;focal_length&quot;:&quot;5&quot;,&quot;iso&quot;:&quot;800&quot;,&quot;shutter_speed&quot;:&quot;0.016666666666667&quot;,&quot;title&quot;:&quot;&quot;}\" data-image-title=\"ConcejoDeliberante-Mercedes-2014\" data-image-description=\"\" data-image-caption=\"\" data-large-file=\"https:\/\/www.hoymercedes.com.ar\/principal\/wp-content\/uploads\/2014\/03\/ConcejoDeliberante-Mercedes-2014.jpg\" class=\"aligncenter size-full wp-image-30659\" alt=\"ConcejoDeliberante-Mercedes-2014\" src=\"https:\/\/www.hoymercedes.com.ar\/principal\/wp-content\/uploads\/2014\/03\/ConcejoDeliberante-Mercedes-2014.jpg\" width=\"620\" height=\"465\" \/><\/a><\/p>\n<p>&nbsp;<\/p>\n<p><em><strong>Se volvi\u00f3 generar el mecanismo necesario para que la Comisi\u00f3n Municipal de la Memoria retome a pleno sus actividades a partir de la designaci\u00f3n de los representantes del Poder Legislativo de la Ciudad. Selva, Badano y Arenillas. Se aguarda el ejecutivo designe el suyo y se ratifique el espacio f\u00edsico de tareas.\u00a0<\/strong><\/em><\/p>\n<p>El Concejo Deliberante aprob\u00f3 en la sesi\u00f3n extraordinaria de d\u00edas atr\u00e1s los representantes del mencionado Cuerpo ante la Comisi\u00f3n que volver\u00e1 as\u00ed a contar con las formalidades necesarias para su funcionamiento, m\u00e1s all\u00e1 de que los familiares y amigos de los detenidos, desaparecidos, asesinados y secuestrados por la \u00faltima Dictadura C\u00edvico Militar nunca dejaron de trabajar en torno a actividades investigativas y de concientizaci\u00f3n.<\/p>\n<p>Ser\u00e1 un representante por bloque los que tendr\u00e1 en dicho espacio el Cuerpo Deliberativo. Fueron designados: Sabrina Selva pro el Frente Renovador, Marianela Arenillas por el Frente Mercedino para la Victoria y Carlos Badano por el Mercedes Independiente Comunal.<\/p>\n<p>A su vez se espera que el Poder Ejecutivo nombre a su representante mientras la comisi\u00f3n eval\u00faa c\u00f3mo quedar\u00e1 conformada en t\u00e9rminos internos, como ser presidencia y coordinador, a sabiendas que participan de ellos familiares, amigos y un grupo que oficia si es convocado de consultivo.<\/p>\n<p>Otra cuesti\u00f3n es el espacio f\u00edsico en que trabajaran que ser\u00eda la vivienda de calle 26 y 23 que se design\u00f3 como preferencia en la ordenanza generada.<\/p>\n","protected":false},"excerpt":{"rendered":"<p>&nbsp; Se volvi\u00f3 generar el mecanismo necesario para que la Comisi\u00f3n Municipal de la Memoria retome a pleno sus actividades &#8230; <a title=\"Comisi\u00f3n Municipal de la Memoria: Deliberativo determin\u00f3 sus representantes\" class=\"read-more\" href=\"https:\/\/www.hoymercedes.com.ar\/principal\/2014\/03\/11\/comision-municipal-de-la-memoria-deliberativo-determino-sus-representantes\/\" aria-label=\"Leer m\u00e1s sobre Comisi\u00f3n Municipal de la Memoria: Deliberativo determin\u00f3 sus representantes\">Leer m\u00e1s<\/a><\/p>\n","protected":false},"author":1,"featured_media":0,"comment_status":"open","ping_status":"open","sticky":false,"template":"","format":"standard","meta":{"_monsterinsights_skip_tracking":false,"_monsterinsights_sitenote_active":false,"_monsterinsights_sitenote_note":"","_monsterinsights_sitenote_category":0,"jetpack_post_was_ever_published":false,"_jetpack_newsletter_access":"","_jetpack_dont_email_post_to_subs":false,"_jetpack_newsletter_tier_id":0,"_jetpack_memberships_contains_paywalled_content":false,"_jetpack_memberships_contains_paid_content":false,"footnotes":"","jetpack_publicize_message":"","jetpack_publicize_feature_enabled":true,"jetpack_social_post_already_shared":false,"jetpack_social_options":{"image_generator_settings":{"template":"highway","default_image_id":0,"font":"","enabled":false},"version":2},"_wpas_customize_per_network":false},"categories":[5],"tags":[4115,41,379,3537,3705,3908,2854],"class_list":["post-30657","post","type-post","status-publish","format-standard","hentry","category-politica","tag-carlos-badano","tag-comision-municipal-de-la-memoria","tag-frente-mercedino-para-la-victoria","tag-frente-renovador","tag-marianela-arenillas","tag-mercedes-independiente-comunal","tag-sabrina-selva","generate-columns","tablet-grid-50","mobile-grid-100","grid-parent","grid-50"],"jetpack_publicize_connections":[],"jetpack_featured_media_url":"","wps_subtitle":"Derechos Humanos ","jetpack_sharing_enabled":true,"_links":{"self":[{"href":"https:\/\/www.hoymercedes.com.ar\/principal\/wp-json\/wp\/v2\/posts\/30657","targetHints":{"allow":["GET"]}}],"collection":[{"href":"https:\/\/www.hoymercedes.com.ar\/principal\/wp-json\/wp\/v2\/posts"}],"about":[{"href":"https:\/\/www.hoymercedes.com.ar\/principal\/wp-json\/wp\/v2\/types\/post"}],"author":[{"embeddable":true,"href":"https:\/\/www.hoymercedes.com.ar\/principal\/wp-json\/wp\/v2\/users\/1"}],"replies":[{"embeddable":true,"href":"https:\/\/www.hoymercedes.com.ar\/principal\/wp-json\/wp\/v2\/comments?post=30657"}],"version-history":[{"count":0,"href":"https:\/\/www.hoymercedes.com.ar\/principal\/wp-json\/wp\/v2\/posts\/30657\/revisions"}],"wp:attachment":[{"href":"https:\/\/www.hoymercedes.com.ar\/principal\/wp-json\/wp\/v2\/media?parent=30657"}],"wp:term":[{"taxonomy":"category","embeddable":true,"href":"https:\/\/www.hoymercedes.com.ar\/principal\/wp-json\/wp\/v2\/categories?post=30657"},{"taxonomy":"post_tag","embeddable":true,"href":"https:\/\/www.hoymercedes.com.ar\/principal\/wp-json\/wp\/v2\/tags?post=30657"}],"curies":[{"name":"wp","href":"https:\/\/api.w.org\/{rel}","templated":true}]}}