{"id":30699,"date":"2014-03-13T01:57:21","date_gmt":"2014-03-13T01:57:21","guid":{"rendered":"http:\/\/www.hoymercedes.com.ar\/principal\/?p=30699"},"modified":"2014-03-13T01:57:21","modified_gmt":"2014-03-13T01:57:21","slug":"selva-junto-a-massa-en-reunion-de-trabajo-por-temas-judiciales","status":"publish","type":"post","link":"https:\/\/www.hoymercedes.com.ar\/principal\/2014\/03\/13\/selva-junto-a-massa-en-reunion-de-trabajo-por-temas-judiciales\/","title":{"rendered":"Selva junto a Massa en reuni\u00f3n de trabajo por temas judiciales"},"content":{"rendered":"<p><a href=\"https:\/\/www.hoymercedes.com.ar\/principal\/wp-content\/uploads\/2014\/03\/selva-massa.jpg\"><img loading=\"lazy\" decoding=\"async\" data-attachment-id=\"30701\" data-permalink=\"https:\/\/www.hoymercedes.com.ar\/principal\/2014\/03\/13\/selva-junto-a-massa-en-reunion-de-trabajo-por-temas-judiciales\/selva-massa-4\/#main\" data-orig-file=\"https:\/\/www.hoymercedes.com.ar\/principal\/wp-content\/uploads\/2014\/03\/selva-massa.jpg\" data-orig-size=\"620,413\" data-comments-opened=\"1\" data-image-meta=\"{&quot;aperture&quot;:&quot;0&quot;,&quot;credit&quot;:&quot;Mariano Hotto&quot;,&quot;camera&quot;:&quot;&quot;,&quot;caption&quot;:&quot;&quot;,&quot;created_timestamp&quot;:&quot;0&quot;,&quot;copyright&quot;:&quot;2014 Mariano Hotto&quot;,&quot;focal_length&quot;:&quot;0&quot;,&quot;iso&quot;:&quot;0&quot;,&quot;shutter_speed&quot;:&quot;0&quot;,&quot;title&quot;:&quot;&quot;}\" data-image-title=\"selva-massa\" data-image-description=\"\" data-image-caption=\"\" data-large-file=\"https:\/\/www.hoymercedes.com.ar\/principal\/wp-content\/uploads\/2014\/03\/selva-massa.jpg\" class=\"aligncenter size-full wp-image-30701\" alt=\"selva-massa\" src=\"https:\/\/www.hoymercedes.com.ar\/principal\/wp-content\/uploads\/2014\/03\/selva-massa.jpg\" width=\"620\" height=\"413\" \/><\/a><\/p>\n<p><em><strong>El intendente Carlos Selva particip\u00f3 durante la ma\u00f1ana de \u00e9ste mi\u00e9rcoles de una mesa de trabajo junto a Sergio Massa, en lo que fue la presentaci\u00f3n oficial de la campa\u00f1a de 5 millones de firmas contra la no reforma del c\u00f3digo penal.<\/strong><\/em><\/p>\n<p>El intendente mercedino fue parte de este encuentro donde hubo legisladores provinciales, nacionales, referentes del Frente Renovador de varias provincias e intendentes. Massa encabez\u00f3 el encuentro, que tuvo como fin concordar acciones referidas a esta junta de firmas que se realizar\u00e1 en todo el pa\u00eds.<\/p>\n<p>Selva confirm\u00f3 que en Mercedes la junta de firmas comenzar\u00e1 este viernes y se desarrollar\u00e1 durante el fin de semana. Habr\u00e1 mesas desplegadas en el centro de la ciudad para tal fin y contar\u00e1 con la presencia de concejales, funcionarios y militantes del Frente Renovador.<\/p>\n<p><span style=\"color: #888888;\">Fuente: Frente Renovador<\/span><\/p>\n","protected":false},"excerpt":{"rendered":"<p>El intendente Carlos Selva particip\u00f3 durante la ma\u00f1ana de \u00e9ste mi\u00e9rcoles de una mesa de trabajo junto a Sergio Massa, &#8230; <a title=\"Selva junto a Massa en reuni\u00f3n de trabajo por temas judiciales\" class=\"read-more\" href=\"https:\/\/www.hoymercedes.com.ar\/principal\/2014\/03\/13\/selva-junto-a-massa-en-reunion-de-trabajo-por-temas-judiciales\/\" aria-label=\"Leer m\u00e1s sobre Selva junto a Massa en reuni\u00f3n de trabajo por temas judiciales\">Leer m\u00e1s<\/a><\/p>\n","protected":false},"author":1,"featured_media":0,"comment_status":"open","ping_status":"open","sticky":false,"template":"","format":"standard","meta":{"_monsterinsights_skip_tracking":false,"_monsterinsights_sitenote_active":false,"_monsterinsights_sitenote_note":"","_monsterinsights_sitenote_category":0,"jetpack_post_was_ever_published":false,"_jetpack_newsletter_access":"","_jetpack_dont_email_post_to_subs":false,"_jetpack_newsletter_tier_id":0,"_jetpack_memberships_contains_paywalled_content":false,"_jetpack_memberships_contains_paid_content":false,"footnotes":"","jetpack_publicize_message":"","jetpack_publicize_feature_enabled":true,"jetpack_social_post_already_shared":false,"jetpack_social_options":{"image_generator_settings":{"template":"highway","default_image_id":0,"font":"","enabled":false},"version":2},"_wpas_customize_per_network":false},"categories":[8],"tags":[39,2684],"class_list":["post-30699","post","type-post","status-publish","format-standard","hentry","category-sociedad","tag-carlos-selva","tag-sergio-massa","generate-columns","tablet-grid-50","mobile-grid-100","grid-parent","grid-50"],"jetpack_publicize_connections":[],"jetpack_featured_media_url":"","wps_subtitle":"Por la reforma penal ","jetpack_sharing_enabled":true,"_links":{"self":[{"href":"https:\/\/www.hoymercedes.com.ar\/principal\/wp-json\/wp\/v2\/posts\/30699","targetHints":{"allow":["GET"]}}],"collection":[{"href":"https:\/\/www.hoymercedes.com.ar\/principal\/wp-json\/wp\/v2\/posts"}],"about":[{"href":"https:\/\/www.hoymercedes.com.ar\/principal\/wp-json\/wp\/v2\/types\/post"}],"author":[{"embeddable":true,"href":"https:\/\/www.hoymercedes.com.ar\/principal\/wp-json\/wp\/v2\/users\/1"}],"replies":[{"embeddable":true,"href":"https:\/\/www.hoymercedes.com.ar\/principal\/wp-json\/wp\/v2\/comments?post=30699"}],"version-history":[{"count":0,"href":"https:\/\/www.hoymercedes.com.ar\/principal\/wp-json\/wp\/v2\/posts\/30699\/revisions"}],"wp:attachment":[{"href":"https:\/\/www.hoymercedes.com.ar\/principal\/wp-json\/wp\/v2\/media?parent=30699"}],"wp:term":[{"taxonomy":"category","embeddable":true,"href":"https:\/\/www.hoymercedes.com.ar\/principal\/wp-json\/wp\/v2\/categories?post=30699"},{"taxonomy":"post_tag","embeddable":true,"href":"https:\/\/www.hoymercedes.com.ar\/principal\/wp-json\/wp\/v2\/tags?post=30699"}],"curies":[{"name":"wp","href":"https:\/\/api.w.org\/{rel}","templated":true}]}}