{"id":30723,"date":"2014-03-13T22:15:49","date_gmt":"2014-03-13T22:15:49","guid":{"rendered":"http:\/\/www.hoymercedes.com.ar\/principal\/?p=30723"},"modified":"2014-03-13T22:15:49","modified_gmt":"2014-03-13T22:15:49","slug":"se-presento-remedios-para-la-patria-para-internas-en-la-unidad-n5","status":"publish","type":"post","link":"https:\/\/www.hoymercedes.com.ar\/principal\/2014\/03\/13\/se-presento-remedios-para-la-patria-para-internas-en-la-unidad-n5\/","title":{"rendered":"Se present\u00f3 \u00abRemedios para la patria\u00bb para internas en la Unidad N\u00b05"},"content":{"rendered":"<p><a href=\"https:\/\/www.hoymercedes.com.ar\/principal\/wp-content\/uploads\/2014\/03\/remediosparalapatria-1.jpg\"><img loading=\"lazy\" decoding=\"async\" data-attachment-id=\"30725\" data-permalink=\"https:\/\/www.hoymercedes.com.ar\/principal\/2014\/03\/13\/se-presento-remedios-para-la-patria-para-internas-en-la-unidad-n5\/remediosparalapatria-1\/#main\" data-orig-file=\"https:\/\/www.hoymercedes.com.ar\/principal\/wp-content\/uploads\/2014\/03\/remediosparalapatria-1.jpg\" data-orig-size=\"620,413\" data-comments-opened=\"1\" data-image-meta=\"{&quot;aperture&quot;:&quot;0&quot;,&quot;credit&quot;:&quot;&quot;,&quot;camera&quot;:&quot;&quot;,&quot;caption&quot;:&quot;&quot;,&quot;created_timestamp&quot;:&quot;0&quot;,&quot;copyright&quot;:&quot;&quot;,&quot;focal_length&quot;:&quot;0&quot;,&quot;iso&quot;:&quot;0&quot;,&quot;shutter_speed&quot;:&quot;0&quot;,&quot;title&quot;:&quot;&quot;}\" data-image-title=\"remediosparalapatria-1\" data-image-description=\"\" data-image-caption=\"\" data-large-file=\"https:\/\/www.hoymercedes.com.ar\/principal\/wp-content\/uploads\/2014\/03\/remediosparalapatria-1.jpg\" class=\"aligncenter size-full wp-image-30725\" alt=\"remediosparalapatria-1\" src=\"https:\/\/www.hoymercedes.com.ar\/principal\/wp-content\/uploads\/2014\/03\/remediosparalapatria-1.jpg\" width=\"620\" height=\"413\" \/><\/a><\/p>\n<p><em><strong><span style=\"font-family: 'Times New Roman'; font-size: medium;\">En el marco del Proyecto de Inclusi\u00f3n Social que lleva adelante\u00a0la Jefatura\u00a0de\u00a0la Unidad, a trav\u00e9s de diversas actividades, el pasado lunes 10 de Marzo, en el sal\u00f3n de usos m\u00faltiples del anexo femenino que funciona dentro de\u00a0la Unidad\u00a05 de Mercedes, se presento la obra hist\u00f3rica\u00a0\u00a0escrita y dirigida por\u00a0la Profesora\u00a0de teatro de Gabriela Lorusso.<\/span><\/strong><\/em><\/p>\n<p><span style=\"font-family: 'Times New Roman'; font-size: medium;\">La obra ambientada en el campamento del Ejercito del Norte, en el a\u00f1o 1819, en Tucum\u00e1n, dentro de la pobreza y el abandono que sufr\u00eda el General Belgrano y sus soldados, se encuentran dos mujeres de la vida del Pr\u00f3cer.<\/span><\/p>\n<p><span style=\"font-family: 'Times New Roman'; font-size: medium;\">Por un lado un personaje un poco olvidado de nuestra historia \u201cla capitana del Ejercito\u201d\u00a0\u00a0nombrada as\u00ed por el General a una mujer de color negra, que fue esclava hasta que dio su vida por la libertad llamada Maria Remedios del Valle, representada por\u00a0<b>Gabriela Lorusso<\/b>\u00a0y\u00a0\u00a0Dolores Helguero, interpretada por\u00a0<b>Carolina Baccardo<\/b>, amor de Belgrano y futura madre de su hija quien recurrir\u00e1 ella para pedirle que convenza al General de que se case con ella y se la lleve a Santa Fe.<\/span><\/p>\n<p><img loading=\"lazy\" decoding=\"async\" data-attachment-id=\"30726\" data-permalink=\"https:\/\/www.hoymercedes.com.ar\/principal\/2014\/03\/13\/se-presento-remedios-para-la-patria-para-internas-en-la-unidad-n5\/remediosparalapatria-2\/#main\" data-orig-file=\"https:\/\/www.hoymercedes.com.ar\/principal\/wp-content\/uploads\/2014\/03\/remediosparalapatria-2.jpg\" data-orig-size=\"620,413\" data-comments-opened=\"1\" data-image-meta=\"{&quot;aperture&quot;:&quot;0&quot;,&quot;credit&quot;:&quot;&quot;,&quot;camera&quot;:&quot;&quot;,&quot;caption&quot;:&quot;&quot;,&quot;created_timestamp&quot;:&quot;0&quot;,&quot;copyright&quot;:&quot;&quot;,&quot;focal_length&quot;:&quot;0&quot;,&quot;iso&quot;:&quot;0&quot;,&quot;shutter_speed&quot;:&quot;0&quot;,&quot;title&quot;:&quot;&quot;}\" data-image-title=\"remediosparalapatria-2\" data-image-description=\"\" data-image-caption=\"\" data-large-file=\"https:\/\/www.hoymercedes.com.ar\/principal\/wp-content\/uploads\/2014\/03\/remediosparalapatria-2.jpg\" class=\"aligncenter size-full wp-image-30726\" alt=\"remediosparalapatria-2\" src=\"https:\/\/www.hoymercedes.com.ar\/principal\/wp-content\/uploads\/2014\/03\/remediosparalapatria-2.jpg\" width=\"620\" height=\"413\" \/><\/p>\n<p><span style=\"font-family: 'Times New Roman'; font-size: medium;\">Se sucede un dialogo intimista, por momentos endurecidos, que revelara las diferencias ideol\u00f3gicas, de clase social, entre otras, llevando por mementos la angustia de una y otra muy bien lograda. Se entienden,\u00a0\u00a0estas dos mujeres de mundos diferentes por su condici\u00f3n femenina.<\/span><\/p>\n<p><span style=\"font-family: 'Times New Roman'; font-size: medium;\">Realizada totalmente por mujeres, autora, directora, actrices y\u00a0la Asistencia T\u00e9cnica\u00a0\u00a0que la realiza Lourdes Martinez, es una excelente presentaci\u00f3n que vale la pena disfrutar para conocer un poquito m\u00e1s de nuestra historia y de manera entretenida para el p\u00fablico.<\/span><\/p>\n<p><span style=\"font-family: 'Times New Roman'; font-size: medium;\">Las internas, fueron un p\u00fablico respetuoso y sumamente observador de la obra, y al final realizaron una charla debate con las actrices, a las cuales les agradecieron que se hayan llegado hasta\u00a0la Unidad\u00a0de manera solidaria para rendir este homenaje por el d\u00eda de la mujer, con ellas.<\/span><\/p>\n<p><span style=\"font-family: 'Times New Roman'; font-size: medium;\">Por otra parte el Departamento de Cultura del Servicio Penitenciario Bonaerense y\u00a0\u00a0Jefatura de\u00a0la Unidad\u00a0\u00a0tambi\u00e9n expresaron su agradecimiento y su apoyo a toda actividad cultural que se realice en pos de los internos, destacando el trabajo de Gabriela Lorusso que hace ya 4 a\u00f1os viene a dictar cursos de teatro de manera gratuita dentro de\u00a0la Unidad, con presentaciones de grandes obras en el Teatro Municipal con el grupo \u201cRenacer\u201d.<\/span><\/p>\n<p><span style=\"font-family: 'Times New Roman'; font-size: medium;\">Esta misma obra \u201cRemedios para\u00a0la Patria\u201d ser\u00e1 presentada este s\u00e1bado 15 de marzo en el Teatro Municipal Julio Cesar Gioscio, para el publico de Mercedes, al cual le decimos que no se lo pierdan porque vale la pena!<\/span><\/p>\n","protected":false},"excerpt":{"rendered":"<p>En el marco del Proyecto de Inclusi\u00f3n Social que lleva adelante\u00a0la Jefatura\u00a0de\u00a0la Unidad, a trav\u00e9s de diversas actividades, el pasado &#8230; <a title=\"Se present\u00f3 \u00abRemedios para la patria\u00bb para internas en la Unidad N\u00b05\" class=\"read-more\" href=\"https:\/\/www.hoymercedes.com.ar\/principal\/2014\/03\/13\/se-presento-remedios-para-la-patria-para-internas-en-la-unidad-n5\/\" aria-label=\"Leer m\u00e1s sobre Se present\u00f3 \u00abRemedios para la patria\u00bb para internas en la Unidad N\u00b05\">Leer m\u00e1s<\/a><\/p>\n","protected":false},"author":1,"featured_media":0,"comment_status":"open","ping_status":"open","sticky":false,"template":"","format":"standard","meta":{"_monsterinsights_skip_tracking":false,"_monsterinsights_sitenote_active":false,"_monsterinsights_sitenote_note":"","_monsterinsights_sitenote_category":0,"jetpack_post_was_ever_published":false,"_jetpack_newsletter_access":"","_jetpack_dont_email_post_to_subs":false,"_jetpack_newsletter_tier_id":0,"_jetpack_memberships_contains_paywalled_content":false,"_jetpack_memberships_contains_paid_content":false,"footnotes":"","jetpack_publicize_message":"","jetpack_publicize_feature_enabled":true,"jetpack_social_post_already_shared":false,"jetpack_social_options":{"image_generator_settings":{"template":"highway","default_image_id":0,"font":"","enabled":false},"version":2},"_wpas_customize_per_network":false},"categories":[8],"tags":[4819,113],"class_list":["post-30723","post","type-post","status-publish","format-standard","hentry","category-sociedad","tag-remedios-par-ala-patria","tag-unidad-5","generate-columns","tablet-grid-50","mobile-grid-100","grid-parent","grid-50"],"jetpack_publicize_connections":[],"jetpack_featured_media_url":"","wps_subtitle":"D\u00eda de la mujer en Unidad N\u00b05","jetpack_sharing_enabled":true,"_links":{"self":[{"href":"https:\/\/www.hoymercedes.com.ar\/principal\/wp-json\/wp\/v2\/posts\/30723","targetHints":{"allow":["GET"]}}],"collection":[{"href":"https:\/\/www.hoymercedes.com.ar\/principal\/wp-json\/wp\/v2\/posts"}],"about":[{"href":"https:\/\/www.hoymercedes.com.ar\/principal\/wp-json\/wp\/v2\/types\/post"}],"author":[{"embeddable":true,"href":"https:\/\/www.hoymercedes.com.ar\/principal\/wp-json\/wp\/v2\/users\/1"}],"replies":[{"embeddable":true,"href":"https:\/\/www.hoymercedes.com.ar\/principal\/wp-json\/wp\/v2\/comments?post=30723"}],"version-history":[{"count":0,"href":"https:\/\/www.hoymercedes.com.ar\/principal\/wp-json\/wp\/v2\/posts\/30723\/revisions"}],"wp:attachment":[{"href":"https:\/\/www.hoymercedes.com.ar\/principal\/wp-json\/wp\/v2\/media?parent=30723"}],"wp:term":[{"taxonomy":"category","embeddable":true,"href":"https:\/\/www.hoymercedes.com.ar\/principal\/wp-json\/wp\/v2\/categories?post=30723"},{"taxonomy":"post_tag","embeddable":true,"href":"https:\/\/www.hoymercedes.com.ar\/principal\/wp-json\/wp\/v2\/tags?post=30723"}],"curies":[{"name":"wp","href":"https:\/\/api.w.org\/{rel}","templated":true}]}}