{"id":30730,"date":"2014-03-14T00:04:19","date_gmt":"2014-03-14T00:04:19","guid":{"rendered":"http:\/\/www.hoymercedes.com.ar\/principal\/?p=30730"},"modified":"2014-03-14T00:04:19","modified_gmt":"2014-03-14T00:04:19","slug":"a-un-ano-de-su-asuncion-la-inclusion-y-la-igualdad-el-camino-que-nos-ensena-francisco","status":"publish","type":"post","link":"https:\/\/www.hoymercedes.com.ar\/principal\/2014\/03\/14\/a-un-ano-de-su-asuncion-la-inclusion-y-la-igualdad-el-camino-que-nos-ensena-francisco\/","title":{"rendered":"A un a\u00f1o de su asunci\u00f3n. La inclusi\u00f3n y la igualdad, el camino que nos ense\u00f1a Francisco"},"content":{"rendered":"<p><a href=\"https:\/\/www.hoymercedes.com.ar\/principal\/wp-content\/uploads\/2014\/03\/papafrancisco.jpg\"><img loading=\"lazy\" decoding=\"async\" data-attachment-id=\"30732\" data-permalink=\"https:\/\/www.hoymercedes.com.ar\/principal\/2014\/03\/14\/a-un-ano-de-su-asuncion-la-inclusion-y-la-igualdad-el-camino-que-nos-ensena-francisco\/papafrancisco\/#main\" data-orig-file=\"https:\/\/www.hoymercedes.com.ar\/principal\/wp-content\/uploads\/2014\/03\/papafrancisco.jpg\" data-orig-size=\"620,349\" data-comments-opened=\"1\" data-image-meta=\"{&quot;aperture&quot;:&quot;0&quot;,&quot;credit&quot;:&quot;&quot;,&quot;camera&quot;:&quot;&quot;,&quot;caption&quot;:&quot;&quot;,&quot;created_timestamp&quot;:&quot;0&quot;,&quot;copyright&quot;:&quot;&quot;,&quot;focal_length&quot;:&quot;0&quot;,&quot;iso&quot;:&quot;0&quot;,&quot;shutter_speed&quot;:&quot;0&quot;,&quot;title&quot;:&quot;&quot;}\" data-image-title=\"papafrancisco\" data-image-description=\"\" data-image-caption=\"\" data-large-file=\"https:\/\/www.hoymercedes.com.ar\/principal\/wp-content\/uploads\/2014\/03\/papafrancisco.jpg\" class=\"aligncenter size-full wp-image-30732\" alt=\"papafrancisco\" src=\"https:\/\/www.hoymercedes.com.ar\/principal\/wp-content\/uploads\/2014\/03\/papafrancisco.jpg\" width=\"620\" height=\"349\" \/><\/a><\/p>\n<p><strong>Por Juan Ignacio Ustarroz \/\/<\/strong><\/p>\n<p><em><strong>El 13 de marzo de 2013 los argentinos asistimos, emocionados, a un momento inolvidable: la consagraci\u00f3n de Jorge Mario Bergoglio como nuevo Papa. El Papa Francisco.<\/strong><\/em><\/p>\n<p>El primer Papa no europeo de la historia era \u2013es- argentino. Nuestro Papa.<\/p>\n<p>Hoy, a un a\u00f1o de aquel d\u00eda brillante, el recuerdo de algunas de sus frases nos indica que estamos en el camino correcto: el de la inclusi\u00f3n, el de la ampliaci\u00f3n de derechos.<\/p>\n<p>Francisco dijo, entre muchas otras lecciones: \u00abMe interesa procurar que aquellos que est\u00e1n esclavizados por una mentalidad individualista, indiferente y ego\u00edsta, puedan liberarse de esas cadenas indignas y alcancen un estilo de vida y de pensamiento m\u00e1s humano, m\u00e1s noble, m\u00e1s fecundo, que dignifique su paso por esta tierra\u201d.<\/p>\n<p>Dijo tambi\u00e9n: \u00abLa palabra \u2018solidaridad\u2019 est\u00e1 un poco desgastada y a veces se interpreta mal, pero es mucho m\u00e1s que algunos actos espor\u00e1dicos de generosidad\u201d.<\/p>\n<p>Y tambi\u00e9n: \u201cLos j\u00f3venes tienen que salir a la calle, hacerse valer. Hagan l\u00edo\u201d.<\/p>\n<p>Formamos parte de un proyecto pol\u00edtico que se sostiene en muchos de los se\u00f1alamientos que nos viene haciendo el Papa Francisco. \u201cA los j\u00f3venes les digo sean transgresores, opinen, la juventud tiene que ser un punto de inflexi\u00f3n del nuevo tiempo\u201d, dijo alguna vez N\u00e9stor Kirchner. \u201cMientras haya un pobre en la Patria, estaremos en deuda\u201d, resalt\u00f3 hace pocos d\u00edas nuestra Presidenta, Cristina Fern\u00e1ndez de Kirchner.<\/p>\n<p>Hay muchas cosas por corregir, est\u00e1 m\u00e1s que claro. Pero tambi\u00e9n son muchas las cosas que est\u00e1n mejor y que, como nos ense\u00f1a Francisco, apuntan a la b\u00fasqueda de un pa\u00eds m\u00e1s justo, una sociedad m\u00e1s igualitaria, tratando de proteger a los que menos tienen.<\/p>\n<p>Un proyecto que entiende, en definitiva, que \u201cla Patria es el otro\u201d. Y que la felicidad del otro es la que nos garantiza o nos permite la plenitud como individuos y como pueblo.<\/p>\n<p>Juan Ignacio Ustarroz<\/p>\n<p>Frente Mercedino para la Victoria<\/p>\n","protected":false},"excerpt":{"rendered":"<p>Por Juan Ignacio Ustarroz \/\/ El 13 de marzo de 2013 los argentinos asistimos, emocionados, a un momento inolvidable: la &#8230; <a title=\"A un a\u00f1o de su asunci\u00f3n. La inclusi\u00f3n y la igualdad, el camino que nos ense\u00f1a Francisco\" class=\"read-more\" href=\"https:\/\/www.hoymercedes.com.ar\/principal\/2014\/03\/14\/a-un-ano-de-su-asuncion-la-inclusion-y-la-igualdad-el-camino-que-nos-ensena-francisco\/\" aria-label=\"Leer m\u00e1s sobre A un a\u00f1o de su asunci\u00f3n. La inclusi\u00f3n y la igualdad, el camino que nos ense\u00f1a Francisco\">Leer m\u00e1s<\/a><\/p>\n","protected":false},"author":1,"featured_media":0,"comment_status":"open","ping_status":"open","sticky":false,"template":"","format":"standard","meta":{"_monsterinsights_skip_tracking":false,"_monsterinsights_sitenote_active":false,"_monsterinsights_sitenote_note":"","_monsterinsights_sitenote_category":0,"jetpack_post_was_ever_published":false,"_jetpack_newsletter_access":"","_jetpack_dont_email_post_to_subs":false,"_jetpack_newsletter_tier_id":0,"_jetpack_memberships_contains_paywalled_content":false,"_jetpack_memberships_contains_paid_content":false,"footnotes":"","jetpack_publicize_message":"","jetpack_publicize_feature_enabled":true,"jetpack_social_post_already_shared":false,"jetpack_social_options":{"image_generator_settings":{"template":"highway","default_image_id":0,"font":"","enabled":false},"version":2},"_wpas_customize_per_network":false},"categories":[1],"tags":[585,3293],"class_list":["post-30730","post","type-post","status-publish","format-standard","hentry","category-opinion","tag-juan-ustarroz","tag-papa-francisco","generate-columns","tablet-grid-50","mobile-grid-100","grid-parent","grid-50"],"jetpack_publicize_connections":[],"jetpack_featured_media_url":"","wps_subtitle":"Por Juan Ustarroz","jetpack_sharing_enabled":true,"_links":{"self":[{"href":"https:\/\/www.hoymercedes.com.ar\/principal\/wp-json\/wp\/v2\/posts\/30730","targetHints":{"allow":["GET"]}}],"collection":[{"href":"https:\/\/www.hoymercedes.com.ar\/principal\/wp-json\/wp\/v2\/posts"}],"about":[{"href":"https:\/\/www.hoymercedes.com.ar\/principal\/wp-json\/wp\/v2\/types\/post"}],"author":[{"embeddable":true,"href":"https:\/\/www.hoymercedes.com.ar\/principal\/wp-json\/wp\/v2\/users\/1"}],"replies":[{"embeddable":true,"href":"https:\/\/www.hoymercedes.com.ar\/principal\/wp-json\/wp\/v2\/comments?post=30730"}],"version-history":[{"count":0,"href":"https:\/\/www.hoymercedes.com.ar\/principal\/wp-json\/wp\/v2\/posts\/30730\/revisions"}],"wp:attachment":[{"href":"https:\/\/www.hoymercedes.com.ar\/principal\/wp-json\/wp\/v2\/media?parent=30730"}],"wp:term":[{"taxonomy":"category","embeddable":true,"href":"https:\/\/www.hoymercedes.com.ar\/principal\/wp-json\/wp\/v2\/categories?post=30730"},{"taxonomy":"post_tag","embeddable":true,"href":"https:\/\/www.hoymercedes.com.ar\/principal\/wp-json\/wp\/v2\/tags?post=30730"}],"curies":[{"name":"wp","href":"https:\/\/api.w.org\/{rel}","templated":true}]}}