{"id":30742,"date":"2014-03-14T01:52:27","date_gmt":"2014-03-14T01:52:27","guid":{"rendered":"http:\/\/www.hoymercedes.com.ar\/principal\/?p=30742"},"modified":"2014-03-14T01:52:27","modified_gmt":"2014-03-14T01:52:27","slug":"reclaman-justicia-en-mercedes-por-caso-de-gatillo-facil","status":"publish","type":"post","link":"https:\/\/www.hoymercedes.com.ar\/principal\/2014\/03\/14\/reclaman-justicia-en-mercedes-por-caso-de-gatillo-facil\/","title":{"rendered":"Reclaman justicia en Mercedes por caso de \u00abgatillo f\u00e1cil\u00bb"},"content":{"rendered":"<p><a href=\"https:\/\/www.hoymercedes.com.ar\/principal\/wp-content\/uploads\/2014\/03\/justiciaxcheppo.jpg\"><img loading=\"lazy\" decoding=\"async\" data-attachment-id=\"30745\" data-permalink=\"https:\/\/www.hoymercedes.com.ar\/principal\/2014\/03\/14\/reclaman-justicia-en-mercedes-por-caso-de-gatillo-facil\/justiciaxcheppo\/#main\" data-orig-file=\"https:\/\/www.hoymercedes.com.ar\/principal\/wp-content\/uploads\/2014\/03\/justiciaxcheppo.jpg\" data-orig-size=\"372,496\" data-comments-opened=\"1\" data-image-meta=\"{&quot;aperture&quot;:&quot;0&quot;,&quot;credit&quot;:&quot;&quot;,&quot;camera&quot;:&quot;&quot;,&quot;caption&quot;:&quot;&quot;,&quot;created_timestamp&quot;:&quot;0&quot;,&quot;copyright&quot;:&quot;&quot;,&quot;focal_length&quot;:&quot;0&quot;,&quot;iso&quot;:&quot;0&quot;,&quot;shutter_speed&quot;:&quot;0&quot;,&quot;title&quot;:&quot;&quot;}\" data-image-title=\"justiciaxcheppo\" data-image-description=\"\" data-image-caption=\"\" data-large-file=\"https:\/\/www.hoymercedes.com.ar\/principal\/wp-content\/uploads\/2014\/03\/justiciaxcheppo.jpg\" class=\"aligncenter size-full wp-image-30745\" alt=\"justiciaxcheppo\" src=\"https:\/\/www.hoymercedes.com.ar\/principal\/wp-content\/uploads\/2014\/03\/justiciaxcheppo.jpg\" width=\"372\" height=\"496\" \/><\/a><\/p>\n<p><em><strong>Se produjo frente al Palacio de Tribunales local una nueva movilizaci\u00f3n de familiares y amigos de un joven que muri\u00f3 tras ser alcanzado por dos balas salidas del arma de un polic\u00eda. El caso, seg\u00fan la Correpi (Coordinadora contra la represi\u00f3n policial e institucional) est\u00e1 enmarcado en lo que se denomina \u201cgatillo f\u00e1cil\u201d. La justicia local est\u00e1 desarrollando el juicio y la semana pr\u00f3xima podr\u00eda conocerse el veredicto donde un polic\u00eda de la Federal es el acusado. Se trata de un resonado caso donde Sergio \u00c1ngel Ignacio Casal, conocido como \u201cChecho\u201d perdi\u00f3 la vida con tan s\u00f3lo 16 a\u00f1os de edad.<\/strong><\/em><\/p>\n<p>Seg\u00fan se relata Checho ven\u00eda de jugar al f\u00fatbol y en el camino se encontr\u00f3 con amigos. Previo permiso de sus padres se qued\u00f3 un rato m\u00e1s y ah\u00ed se produce el confuso episodio.<\/p>\n<p>Una importante cantidad de amigos, familiares y vecinos de Sergio estuvieron en Mercedes reclamando Justicia.<\/p>\n<p>Lorena, hermana de \u00c1ngel \u201cChecho\u201d Casal manifest\u00f3: \u201cEstamos reclamando justicia para Ignacio Casal que ten\u00eda 16 a\u00f1os y el 3 de julio de 2010 fue fusilado por un polic\u00eda de la Federal, N\u00e9stor Gonzales. El hecho sucedi\u00f3 en Parada las Flores, calle Dem\u00f3stenes y Ruta 23, en Moreno. Ellos dicen que fue un supuesto enfrentamiento, pero, un enfrentamiento no puede ser as\u00ed, le dieron dos tiros por la espalda. El oficial nunca estuvo detenido en todo el proceso. Reclamamos que sea condenado y cumpla la condena efectiva en la c\u00e1rcel, que no quede impune.\u201d Agregando: \u201cNosotros somos de Moreno, tuvimos la suerte de que mucha gente nos apoy\u00f3. Partidos pol\u00edticos, Correpi, mucha gente para que podamos estar hoy ac\u00e1 en el inicio del juicio.\u201d<\/p>\n<p>El juicio se inici\u00f3 \u00e9sta semana y se espera la pr\u00f3xima tenga veredicto, tal como coment\u00f3 la hermana: \u201cEstimamos ser\u00e1n jueves y viernes y la semana que viene tendr\u00edamos que tener el veredicto.\u201d<\/p>\n<p>Juan Ger\u00e9z, uno de los representantes de las organizaciones sociales que acompa\u00f1a a la familia manifest\u00f3: \u201cEn Moreno venimos participando desde la Correpi en \u00e9ste claro caso de gatillo f\u00e1cil porque los tiros le ingresaron a Checho por la espalda. Uno en la nuca y otro en el gl\u00fateo. MST, Organizaciones sociales, Derechos Humanos, la CTA con su Secretar\u00eda de Derechos Humanos y organizaciones de g\u00e9nero y dem\u00e1s vienen participando. Creemos que la caracter\u00edstica muestra un caso de gatillo f\u00e1cil donde se criminaliza y persigue a los pibes en los barrios por gorrita, forma de vestir y en \u00e9ste caso las pruebas dejan dos tiros y un muerto por la espalda.\u201d<\/p>\n<p>&nbsp;<\/p>\n","protected":false},"excerpt":{"rendered":"<p>Se produjo frente al Palacio de Tribunales local una nueva movilizaci\u00f3n de familiares y amigos de un joven que muri\u00f3 &#8230; <a title=\"Reclaman justicia en Mercedes por caso de \u00abgatillo f\u00e1cil\u00bb\" class=\"read-more\" href=\"https:\/\/www.hoymercedes.com.ar\/principal\/2014\/03\/14\/reclaman-justicia-en-mercedes-por-caso-de-gatillo-facil\/\" aria-label=\"Leer m\u00e1s sobre Reclaman justicia en Mercedes por caso de \u00abgatillo f\u00e1cil\u00bb\">Leer m\u00e1s<\/a><\/p>\n","protected":false},"author":1,"featured_media":0,"comment_status":"open","ping_status":"open","sticky":false,"template":"","format":"standard","meta":{"_monsterinsights_skip_tracking":false,"_monsterinsights_sitenote_active":false,"_monsterinsights_sitenote_note":"","_monsterinsights_sitenote_category":0,"jetpack_post_was_ever_published":false,"_jetpack_newsletter_access":"","_jetpack_dont_email_post_to_subs":false,"_jetpack_newsletter_tier_id":0,"_jetpack_memberships_contains_paywalled_content":false,"_jetpack_memberships_contains_paid_content":false,"footnotes":"","jetpack_publicize_message":"","jetpack_publicize_feature_enabled":true,"jetpack_social_post_already_shared":false,"jetpack_social_options":{"image_generator_settings":{"template":"highway","default_image_id":0,"font":"","enabled":false},"version":2},"_wpas_customize_per_network":false},"categories":[85],"tags":[4824,527,4823,4822],"class_list":["post-30742","post","type-post","status-publish","format-standard","hentry","category-policial","tag-checho-casal","tag-correpi","tag-gatillo-facil-moreno","tag-reclaman-justicia-en-mercedes-por-caso-de-gatillo-facil-segun-correpi","generate-columns","tablet-grid-50","mobile-grid-100","grid-parent","grid-50"],"jetpack_publicize_connections":[],"jetpack_featured_media_url":"","wps_subtitle":"Piden se haga justicia ","jetpack_sharing_enabled":true,"_links":{"self":[{"href":"https:\/\/www.hoymercedes.com.ar\/principal\/wp-json\/wp\/v2\/posts\/30742","targetHints":{"allow":["GET"]}}],"collection":[{"href":"https:\/\/www.hoymercedes.com.ar\/principal\/wp-json\/wp\/v2\/posts"}],"about":[{"href":"https:\/\/www.hoymercedes.com.ar\/principal\/wp-json\/wp\/v2\/types\/post"}],"author":[{"embeddable":true,"href":"https:\/\/www.hoymercedes.com.ar\/principal\/wp-json\/wp\/v2\/users\/1"}],"replies":[{"embeddable":true,"href":"https:\/\/www.hoymercedes.com.ar\/principal\/wp-json\/wp\/v2\/comments?post=30742"}],"version-history":[{"count":0,"href":"https:\/\/www.hoymercedes.com.ar\/principal\/wp-json\/wp\/v2\/posts\/30742\/revisions"}],"wp:attachment":[{"href":"https:\/\/www.hoymercedes.com.ar\/principal\/wp-json\/wp\/v2\/media?parent=30742"}],"wp:term":[{"taxonomy":"category","embeddable":true,"href":"https:\/\/www.hoymercedes.com.ar\/principal\/wp-json\/wp\/v2\/categories?post=30742"},{"taxonomy":"post_tag","embeddable":true,"href":"https:\/\/www.hoymercedes.com.ar\/principal\/wp-json\/wp\/v2\/tags?post=30742"}],"curies":[{"name":"wp","href":"https:\/\/api.w.org\/{rel}","templated":true}]}}