{"id":3075,"date":"2011-03-29T02:43:32","date_gmt":"2011-03-29T02:43:32","guid":{"rendered":"http:\/\/www.hoymercedes.com.ar\/principal\/?p=3075"},"modified":"2011-03-29T02:49:39","modified_gmt":"2011-03-29T02:49:39","slug":"muere-joven-de-25-anos-al-chocar-con-su-moto-en-avenida-de-los-inmigrantes-y-121","status":"publish","type":"post","link":"https:\/\/www.hoymercedes.com.ar\/principal\/2011\/03\/29\/muere-joven-de-25-anos-al-chocar-con-su-moto-en-avenida-de-los-inmigrantes-y-121\/","title":{"rendered":"Muere joven de 25 a\u00f1os al chocar con su moto en Avenida de los Inmigrantes y 121"},"content":{"rendered":"<p>Un joven de 25 a\u00f1os identificado como Daniel Defelicce perdi\u00f3 la vida al colisionar la moto que tripulaba contra un cantero divisor de tr\u00e1nsito en las primeras horas del lunes.<\/p>\n<p>El hecho de acuerdo al informe brindado en la Estaci\u00f3n de Polic\u00eda Comunal de Mercedes por el Comisario Carlos Benaghi ocurri\u00f3 en la Avenida de los Inmigrantes y 121 alrededor de las 3.30 del este lunes 28.<\/p>\n<p>El funcionario policial sostuvo que de acuerdo a los primeros testimonios brindados por la esposa de la v\u00edctima este se encontraba probando la moto cuando por causas que se desconocen habr\u00eda perdido el control de la misma impactando de manera violenta contra el cantero divisor de circulaci\u00f3n de veh\u00edculos golpeando con su cabeza de manera muy violenta.<\/p>\n<p>Benaghi precis\u00f3 \u00abfuimos alertados de lo que estaba ocurriendo a trav\u00e9s de un llamado telef\u00f3nico y al concurrir al lugar un patrullero, nuestros efectivos pudieron comprobar que en el piso se encontraba un hombre joven con signos evidentes de haber sufrido un serio accidente por lo cual se solicit\u00f3 la presencia de una ambulancia que lo condujo hasta el Hospital Dubarry desde donde minutos despu\u00e9s se nos informaba oficialmente que esta persona hab\u00eda fallecido.<\/p>\n<p>Si bien la esposa de la v\u00edctima dio los primeros detalles, en virtud que se encontraba en un virtual estado emocinal muy fuerte decidimos aguardar 24 horas para volver a tomarle declaraci\u00f3n pero el m\u00e9dico policial que realiz\u00f3 la autopsia correspondiente\u00a0 inform\u00f3 que el deceso se hab\u00eda producido como consecuencia del fuerte golpe recibido por<\/p>\n<p>Defelicce en su cabeza y que en el resto del cuerpo no presentaba lesi\u00f3n alguna.<\/p>\n<p>Uno podr\u00eda decir casi con cierta seguridad que si el desafortunado joven hubiese tenido puesto el casco reglamentario que por ley debe usar quien conduce una moto otro ser\u00eda el resultado del accidente, pero eso es tan solo una opini\u00f3n particular\u00bb.<\/p>\n<p>Por \u00faltimo el Comisario Carlos Benaghi agreg\u00f3 \u00abpor el momento queda la duda si la persona muerta estaba realmente probando la moto tal cual lo manifestara su esposa o bien se encontraba participando de una de las cl\u00e1sicas competencias entre mtoos denominadas \u00abpicadas\u00bb junto a otras personas.<\/p>\n<p>Lo cierto es que la mujer hab\u00eda bajado del rodado tan solo unos minutos antes de producirse el tr\u00e1gico desenlace. Nosotros hemos iniciado averiguaciones entre los responsables de la estaci\u00f3n de servicios que se encuentra sobre la Avenida de los Inmigrantes a poca distancia de donde ocurri\u00f3 el accidente y en un pool ubicado tambi\u00e9n a pocos metros del lugar de los hechos para ver si alguien m\u00e1s pudo ver de que manera ocurri\u00f3\u00a0 el penoso hecho\u00bb.<\/p>\n<p>&nbsp;<\/p>\n<p>&nbsp;<\/p>\n<p>&nbsp;<\/p>\n","protected":false},"excerpt":{"rendered":"<p>Un joven de 25 a\u00f1os identificado como Daniel Defelicce perdi\u00f3 la vida al colisionar la moto que tripulaba contra un &#8230; <a title=\"Muere joven de 25 a\u00f1os al chocar con su moto en Avenida de los Inmigrantes y 121\" class=\"read-more\" href=\"https:\/\/www.hoymercedes.com.ar\/principal\/2011\/03\/29\/muere-joven-de-25-anos-al-chocar-con-su-moto-en-avenida-de-los-inmigrantes-y-121\/\" aria-label=\"Leer m\u00e1s sobre Muere joven de 25 a\u00f1os al chocar con su moto en Avenida de los Inmigrantes y 121\">Leer m\u00e1s<\/a><\/p>\n","protected":false},"author":1,"featured_media":0,"comment_status":"open","ping_status":"open","sticky":false,"template":"","format":"standard","meta":{"_monsterinsights_skip_tracking":false,"_monsterinsights_sitenote_active":false,"_monsterinsights_sitenote_note":"","_monsterinsights_sitenote_category":0,"jetpack_post_was_ever_published":false,"_jetpack_newsletter_access":"","_jetpack_dont_email_post_to_subs":false,"_jetpack_newsletter_tier_id":0,"_jetpack_memberships_contains_paywalled_content":false,"_jetpack_memberships_contains_paid_content":false,"footnotes":"","jetpack_publicize_message":"","jetpack_publicize_feature_enabled":true,"jetpack_social_post_already_shared":false,"jetpack_social_options":{"image_generator_settings":{"template":"highway","default_image_id":0,"font":"","enabled":false},"version":2},"_wpas_customize_per_network":false},"categories":[85],"tags":[],"class_list":["post-3075","post","type-post","status-publish","format-standard","hentry","category-policial","generate-columns","tablet-grid-50","mobile-grid-100","grid-parent","grid-50"],"jetpack_publicize_connections":[],"jetpack_featured_media_url":"","wps_subtitle":"","jetpack_sharing_enabled":true,"_links":{"self":[{"href":"https:\/\/www.hoymercedes.com.ar\/principal\/wp-json\/wp\/v2\/posts\/3075","targetHints":{"allow":["GET"]}}],"collection":[{"href":"https:\/\/www.hoymercedes.com.ar\/principal\/wp-json\/wp\/v2\/posts"}],"about":[{"href":"https:\/\/www.hoymercedes.com.ar\/principal\/wp-json\/wp\/v2\/types\/post"}],"author":[{"embeddable":true,"href":"https:\/\/www.hoymercedes.com.ar\/principal\/wp-json\/wp\/v2\/users\/1"}],"replies":[{"embeddable":true,"href":"https:\/\/www.hoymercedes.com.ar\/principal\/wp-json\/wp\/v2\/comments?post=3075"}],"version-history":[{"count":0,"href":"https:\/\/www.hoymercedes.com.ar\/principal\/wp-json\/wp\/v2\/posts\/3075\/revisions"}],"wp:attachment":[{"href":"https:\/\/www.hoymercedes.com.ar\/principal\/wp-json\/wp\/v2\/media?parent=3075"}],"wp:term":[{"taxonomy":"category","embeddable":true,"href":"https:\/\/www.hoymercedes.com.ar\/principal\/wp-json\/wp\/v2\/categories?post=3075"},{"taxonomy":"post_tag","embeddable":true,"href":"https:\/\/www.hoymercedes.com.ar\/principal\/wp-json\/wp\/v2\/tags?post=3075"}],"curies":[{"name":"wp","href":"https:\/\/api.w.org\/{rel}","templated":true}]}}