{"id":30751,"date":"2014-03-14T13:53:58","date_gmt":"2014-03-14T13:53:58","guid":{"rendered":"http:\/\/www.hoymercedes.com.ar\/principal\/?p=30751"},"modified":"2014-03-14T13:53:58","modified_gmt":"2014-03-14T13:53:58","slug":"mic-que-hacemos-con-la-basura-en-mercedes","status":"publish","type":"post","link":"https:\/\/www.hoymercedes.com.ar\/principal\/2014\/03\/14\/mic-que-hacemos-con-la-basura-en-mercedes\/","title":{"rendered":"MIC: \u00bfQu\u00e9 hacemos con la basura en Mercedes?"},"content":{"rendered":"<p><strong>Por MIC Mercedes \/\/<\/strong><\/p>\n<p><em><strong>En esta sociedad en la que vivimos utilizamos recursos naturales y arrojamos desechos, en gran parte sin tratamiento previo, agrediendo al ambiente mercedino.<\/strong><\/em><\/p>\n<p>El gobierno Municipal decidi\u00f3 que los vecinos separen en el hogar los residuos s\u00f3lidos domiciliarios clasific\u00e1ndolos en secos y h\u00famedos. La Planta de Tratamiento de Residuos S\u00f3lidos Urbanos, que trajo una oposici\u00f3n justa por parte de los vecinos de La Florida, se inaugur\u00f3 y nunca alcanz\u00f3 a procesar la totalidad de la basura que llevan los veh\u00edculos municipales de domingo a jueves.<\/p>\n<p>La zona de recolecci\u00f3n se ampli\u00f3 y la situaci\u00f3n sigui\u00f3 empeorando.<\/p>\n<p>Se comenzaron a colocar contenedores, de color verde pero siempre con el sutil toque negro, amarillo y rojo. El desastre ambiental se potenci\u00f3.<\/p>\n<p>Cada vez hay m\u00e1s basurales clandestinos desde 1983, las dos gestiones municipales que gobernaron no pudieron solucionar la problem\u00e1tica.<\/p>\n<p>Ante el anuncio del Secretario de Obras P\u00fablicas, Gustavo Salomone, que se firm\u00f3 un convenio entre el CEAMSE (Coordinaci\u00f3n Ecol\u00f3gica \u00c1rea Metropolitana Sociedad del Estado) y el Intendente Municipal, en el mes de febrero, para que reciba parte de los residuos de la ciudad.<\/p>\n<p>Los concejales del MIC, Juan Carlos Badano y Jos\u00e9 Cestari, trataron de conseguir una copia del convenio mencionado pero no lo lograron.<\/p>\n<p>Es as\u00ed que se reunieron con el Secretario de Obras P\u00fablicas, Gustavo Salomone, y la representante ambiental del Municipio, Moira Morrow.<\/p>\n<p>El Ingeniero detall\u00f3 algunas cuestiones del anuncio:<\/p>\n<p>En el Presupuesto 2014, aprobado por mayor\u00eda, hay $ 2.100.000 que se destinar\u00edan a disposici\u00f3n final de residuos: otros servicios, que el Ejecutivo utilizar\u00eda para llevar a cabo este Convenio que tiene que ser aprobado por el HCD.<\/p>\n<p>La idea es hacer un play\u00f3n de hormig\u00f3n, donde se deposite el 50 % de los residuos s\u00f3lidos urbanos sin clasificar, para que luego Empresas de Transporte que tengan veh\u00edculos adecuados se presenten a licitaci\u00f3n para llevar la basura al CEAMSE de lunes a viernes.<\/p>\n<p>El otro 50 % de los residuos s\u00f3lidos urbanos se seguir\u00e1 clasificando y reciclando en la Planta de Tratamiento de La Florida. A partir del 1 de abril se incorporar\u00e1n ocho personas para agregar un turno m\u00e1s de clasificaci\u00f3n y proceso de la basura.<\/p>\n<p>El Ingeniero estima que se gastar\u00e1n $ 94.000 por mes en la Empresa Transportista a eso hay que sumarle el costo del CEAMSE para recibir la basura (los concejales averiguaron que se debe pagar $ 350 por tonelada) y se transportar\u00e1n 25 toneladas diarias.<\/p>\n<p>Conclusiones del MIC:<\/p>\n<p>Problem\u00e1ticas:<\/p>\n<p>Desde el punto de vista social la agresi\u00f3n al ambiente a trav\u00e9s de los RSU es por falta de decisi\u00f3n pol\u00edtica en la educaci\u00f3n ambiental y en la implementaci\u00f3n de los correctivos.<\/p>\n<p>Desde la visi\u00f3n econ\u00f3mica, la basura es considerada como un negocio, y los n\u00fameros no nos cierran:<\/p>\n<p>El Presupuesto para este gasto es de $ 2.100.000.<\/p>\n<p>Considerando que de los 365 d\u00edas del a\u00f1o, se emplear\u00edan 260 d\u00edas para transportar de Mercedes al CEAMSE.<\/p>\n<p>Se necesitar\u00edan para el transporte de basura al CEAMSE $ 94.000 por 12 meses = $ 1.128.000<\/p>\n<p>El CEAMSE cobra por tonelada $ 350, por d\u00eda se llevar\u00e1n 25 toneladas, por a\u00f1o 6.500 toneladas = $ 2.275.000<\/p>\n<p>TOTAL (sin incluir la construcci\u00f3n del play\u00f3n de hormig\u00f3n) $ 3.403.000.<\/p>\n<p>Posibles soluciones:<\/p>\n<p>Hacer campa\u00f1as de concientizaci\u00f3n y educaci\u00f3n ambiental, sostenibles en el tiempo, para:<\/p>\n<p>&#8211; Disminuir la generaci\u00f3n de residuos s\u00f3lidos urbanos, la pol\u00edtica de las tres RRR (Reducir el consumo, Reciclar y Reutilizar).<\/p>\n<p>&#8211; Separaci\u00f3n en origen: Residuos H\u00famedos y Residuos Secos. Clasificaci\u00f3n, d\u00edas y horarios. Etc.<\/p>\n<p>&#8211; Erradicar la Planta de Tratamiento de RSU de La Florida y localizarlo en el predio aleda\u00f1o a la Planta de Tratamiento de efluentes cloacales, Crear un centro de tratamiento de chatarra electr\u00f3nica. Procesar todo en Mercedes. Recordemos que a nadie le gusta que le traigan basura de otro lado, algo que se intent\u00f3 en 2004 para traer basura externa a Mercedes a cambio de dinero.<\/p>\n<p>&#8211; Aplicar la Ordenanza 5650\/03 del Juzgado de Faltas. Multas a los que agreden al ambiente.<\/p>\n<p>&#8211; Colocar c\u00e1maras de seguridad en los principales contenedores comunitarios y en los basurales a cielo abierto no autorizados.<\/p>\n<p>&#8211; Si generamos menos RSU el Municipio tendr\u00e1 que gastar menos y podr\u00e1 destinar dichos recursos a otros rubros importantes para mejorar la calidad de vida de los mercedinos.<\/p>\n","protected":false},"excerpt":{"rendered":"<p>Por MIC Mercedes \/\/ En esta sociedad en la que vivimos utilizamos recursos naturales y arrojamos desechos, en gran parte &#8230; <a title=\"MIC: \u00bfQu\u00e9 hacemos con la basura en Mercedes?\" class=\"read-more\" href=\"https:\/\/www.hoymercedes.com.ar\/principal\/2014\/03\/14\/mic-que-hacemos-con-la-basura-en-mercedes\/\" aria-label=\"Leer m\u00e1s sobre MIC: \u00bfQu\u00e9 hacemos con la basura en Mercedes?\">Leer m\u00e1s<\/a><\/p>\n","protected":false},"author":1,"featured_media":0,"comment_status":"open","ping_status":"open","sticky":false,"template":"","format":"standard","meta":{"_monsterinsights_skip_tracking":false,"_monsterinsights_sitenote_active":false,"_monsterinsights_sitenote_note":"","_monsterinsights_sitenote_category":0,"jetpack_post_was_ever_published":false,"_jetpack_newsletter_access":"","_jetpack_dont_email_post_to_subs":false,"_jetpack_newsletter_tier_id":0,"_jetpack_memberships_contains_paywalled_content":false,"_jetpack_memberships_contains_paid_content":false,"footnotes":"","jetpack_publicize_message":"","jetpack_publicize_feature_enabled":true,"jetpack_social_post_already_shared":false,"jetpack_social_options":{"image_generator_settings":{"template":"highway","default_image_id":0,"font":"","enabled":false},"version":2},"_wpas_customize_per_network":false},"categories":[5],"tags":[4115,321,1956],"class_list":["post-30751","post","type-post","status-publish","format-standard","hentry","category-politica","tag-carlos-badano","tag-jose-cestari","tag-mic-mercedes","generate-columns","tablet-grid-50","mobile-grid-100","grid-parent","grid-50"],"jetpack_publicize_connections":[],"jetpack_featured_media_url":"","wps_subtitle":"Cestari y Badano ","jetpack_sharing_enabled":true,"_links":{"self":[{"href":"https:\/\/www.hoymercedes.com.ar\/principal\/wp-json\/wp\/v2\/posts\/30751","targetHints":{"allow":["GET"]}}],"collection":[{"href":"https:\/\/www.hoymercedes.com.ar\/principal\/wp-json\/wp\/v2\/posts"}],"about":[{"href":"https:\/\/www.hoymercedes.com.ar\/principal\/wp-json\/wp\/v2\/types\/post"}],"author":[{"embeddable":true,"href":"https:\/\/www.hoymercedes.com.ar\/principal\/wp-json\/wp\/v2\/users\/1"}],"replies":[{"embeddable":true,"href":"https:\/\/www.hoymercedes.com.ar\/principal\/wp-json\/wp\/v2\/comments?post=30751"}],"version-history":[{"count":0,"href":"https:\/\/www.hoymercedes.com.ar\/principal\/wp-json\/wp\/v2\/posts\/30751\/revisions"}],"wp:attachment":[{"href":"https:\/\/www.hoymercedes.com.ar\/principal\/wp-json\/wp\/v2\/media?parent=30751"}],"wp:term":[{"taxonomy":"category","embeddable":true,"href":"https:\/\/www.hoymercedes.com.ar\/principal\/wp-json\/wp\/v2\/categories?post=30751"},{"taxonomy":"post_tag","embeddable":true,"href":"https:\/\/www.hoymercedes.com.ar\/principal\/wp-json\/wp\/v2\/tags?post=30751"}],"curies":[{"name":"wp","href":"https:\/\/api.w.org\/{rel}","templated":true}]}}