{"id":30754,"date":"2014-03-14T15:09:50","date_gmt":"2014-03-14T15:09:50","guid":{"rendered":"http:\/\/www.hoymercedes.com.ar\/principal\/?p=30754"},"modified":"2014-03-14T15:09:50","modified_gmt":"2014-03-14T15:09:50","slug":"selva-junto-a-massa-en-lanzamiento-de-campana-contra-la-reforma-al-codigo-penal","status":"publish","type":"post","link":"https:\/\/www.hoymercedes.com.ar\/principal\/2014\/03\/14\/selva-junto-a-massa-en-lanzamiento-de-campana-contra-la-reforma-al-codigo-penal\/","title":{"rendered":"Selva, junto a Massa en lanzamiento de campa\u00f1a contra la reforma al c\u00f3digo penal"},"content":{"rendered":"<p><a href=\"https:\/\/www.hoymercedes.com.ar\/principal\/wp-content\/uploads\/2014\/03\/selva-massa1.jpg\"><img loading=\"lazy\" decoding=\"async\" data-attachment-id=\"30757\" data-permalink=\"https:\/\/www.hoymercedes.com.ar\/principal\/2014\/03\/14\/selva-junto-a-massa-en-lanzamiento-de-campana-contra-la-reforma-al-codigo-penal\/selva-massa-5\/#main\" data-orig-file=\"https:\/\/www.hoymercedes.com.ar\/principal\/wp-content\/uploads\/2014\/03\/selva-massa1.jpg\" data-orig-size=\"620,467\" data-comments-opened=\"1\" data-image-meta=\"{&quot;aperture&quot;:&quot;0&quot;,&quot;credit&quot;:&quot;&quot;,&quot;camera&quot;:&quot;&quot;,&quot;caption&quot;:&quot;&quot;,&quot;created_timestamp&quot;:&quot;0&quot;,&quot;copyright&quot;:&quot;&quot;,&quot;focal_length&quot;:&quot;0&quot;,&quot;iso&quot;:&quot;0&quot;,&quot;shutter_speed&quot;:&quot;0&quot;,&quot;title&quot;:&quot;&quot;}\" data-image-title=\"selva-massa\" data-image-description=\"\" data-image-caption=\"\" data-large-file=\"https:\/\/www.hoymercedes.com.ar\/principal\/wp-content\/uploads\/2014\/03\/selva-massa1.jpg\" class=\"aligncenter size-full wp-image-30757\" alt=\"selva-massa\" src=\"https:\/\/www.hoymercedes.com.ar\/principal\/wp-content\/uploads\/2014\/03\/selva-massa1.jpg\" width=\"620\" height=\"467\" \/><\/a><\/p>\n<p><em><strong>El intendente Carlos Selva estuvo este jueves a la tarde en el teatro Nin\u00ed Marshall de la localidad de Tigre, donde el diputado nacional Sergio Massa presento oficialmente la campa\u00f1a de junta de 5 millones de firmas contra la reforma del c\u00f3digo penal.<\/strong><\/em><\/p>\n<p>El primer mandatario mercedino fue parte del lanzamiento nacional de la campa\u00f1a de junta de firmas para evitar que el anteproyecto de reforma al c\u00f3digo penal que promueve el gobierno nacional no se concrete. Estuvo acompa\u00f1ado del presidente del Concejo Deliberante Marceo Den\u00e1pole. \u201cNosotros acompa\u00f1amos esta propuesta porque estamos convencidos que esta reforma del c\u00f3digo penal viene a garantizar la impunidad para los delincuentes. En Mercedes comenzamos ma\u00f1ana y la gente se podr\u00e1 acercar a las mesas que estar\u00e1n dispuestas en el centro de la ciudad y dejar estampada su firma en esta campa\u00f1a que tiene como finalidad juntar 5 millones de firmas en el pa\u00eds. Sabemos que lo vamos a lograr porque la gente apoya masiv<\/p>\n<p><img loading=\"lazy\" decoding=\"async\" data-attachment-id=\"30756\" data-permalink=\"https:\/\/www.hoymercedes.com.ar\/principal\/2014\/03\/14\/selva-junto-a-massa-en-lanzamiento-de-campana-contra-la-reforma-al-codigo-penal\/selva-denapole-tigre\/#main\" data-orig-file=\"https:\/\/www.hoymercedes.com.ar\/principal\/wp-content\/uploads\/2014\/03\/selva-denapole-tigre.jpg\" data-orig-size=\"620,413\" data-comments-opened=\"1\" data-image-meta=\"{&quot;aperture&quot;:&quot;0&quot;,&quot;credit&quot;:&quot;&quot;,&quot;camera&quot;:&quot;&quot;,&quot;caption&quot;:&quot;&quot;,&quot;created_timestamp&quot;:&quot;0&quot;,&quot;copyright&quot;:&quot;&quot;,&quot;focal_length&quot;:&quot;0&quot;,&quot;iso&quot;:&quot;0&quot;,&quot;shutter_speed&quot;:&quot;0&quot;,&quot;title&quot;:&quot;&quot;}\" data-image-title=\"selva-denapole-tigre\" data-image-description=\"\" data-image-caption=\"\" data-large-file=\"https:\/\/www.hoymercedes.com.ar\/principal\/wp-content\/uploads\/2014\/03\/selva-denapole-tigre.jpg\" class=\"aligncenter size-full wp-image-30756\" alt=\"selva-denapole-tigre\" src=\"https:\/\/www.hoymercedes.com.ar\/principal\/wp-content\/uploads\/2014\/03\/selva-denapole-tigre.jpg\" width=\"620\" height=\"413\" \/><\/p>\n<p>amente esta iniciativa\u201d, sostuvo el intendente Carlos Selva al terminar el evento.<\/p>\n<p>El acto se desarroll\u00f3 en el teatro Nin\u00ed Marshall, ubicado en la localidad de Tigre, y tuvo como protagonistas al diputado nacional Sergio Massa. Con la compa\u00f1\u00eda de legisladores e intendentes del Frente Renovador y 50 familias v\u00edctimas de hechos de violencia e inseguridad, el diputado nacional present\u00f3 formalmente la campa\u00f1a nacional de recolecci\u00f3n de firmas contra el anteproyecto de reforma del C\u00f3digo Penal. Massa subray\u00f3: \u201cLa pol\u00edtica tiene que saber que hay guardianes que est\u00e1n mirando el comportamiento de toda la dirigencia pol\u00edtica a partir de su propia experiencia y lucha. En cada rinc\u00f3n de la Argentina, con mesas en las calles, con foros de debate, vamos explicar por qu\u00e9 el \u2018no\u2019 al C\u00f3digo Penal\u201d.<\/p>\n<p>Tras un extenso recorrido por casos delictivos que marcaron a la sociedad, el diputado nacional por el Frente Renovador, Sergio Massa, manifest\u00f3: \u201cEste es el lanzamiento formal de la campa\u00f1a para juntar cinco millones de firmas contra este proyecto de reforma del C\u00f3digo Penal con la idea de que la gente sepa cu\u00e1les son las cuestiones\u00a0 a las que nos oponemos, como las rebajas de penas\u00a0 y la eliminaci\u00f3n de la reincidencia, lo que significa, en t\u00e9rminos judiciales, que los jueces no s\u00f3lo van a tener que atender las causas nuevas, sino tambi\u00e9n aquellas en las que ya hubo condenas\u201d.<\/p>\n<p>A su vez, Sergio Massa a\u00f1adi\u00f3: \u201cBajarle la pena a delitos como el robo con arma, la violaci\u00f3n agravada o el narcotr\u00e1fico es un mensaje nocivo para la sociedad y permisivo para los delincuentes. Queremos vivir en una sociedad donde el que se esfuerza tenga recompensa, y el que vive fuera de la ley sea castigado, por eso no elegimos el camino de la discusi\u00f3n te\u00f3rica, sino el de la democracia: el camino de la gente\u201d.<\/p>\n<p><span style=\"color: #888888;\">\u00a0Fuente: Frente Renovador<\/span><\/p>\n","protected":false},"excerpt":{"rendered":"<p>El intendente Carlos Selva estuvo este jueves a la tarde en el teatro Nin\u00ed Marshall de la localidad de Tigre, &#8230; <a title=\"Selva, junto a Massa en lanzamiento de campa\u00f1a contra la reforma al c\u00f3digo penal\" class=\"read-more\" href=\"https:\/\/www.hoymercedes.com.ar\/principal\/2014\/03\/14\/selva-junto-a-massa-en-lanzamiento-de-campana-contra-la-reforma-al-codigo-penal\/\" aria-label=\"Leer m\u00e1s sobre Selva, junto a Massa en lanzamiento de campa\u00f1a contra la reforma al c\u00f3digo penal\">Leer m\u00e1s<\/a><\/p>\n","protected":false},"author":1,"featured_media":0,"comment_status":"open","ping_status":"open","sticky":false,"template":"","format":"standard","meta":{"_monsterinsights_skip_tracking":false,"_monsterinsights_sitenote_active":false,"_monsterinsights_sitenote_note":"","_monsterinsights_sitenote_category":0,"jetpack_post_was_ever_published":false,"_jetpack_newsletter_access":"","_jetpack_dont_email_post_to_subs":false,"_jetpack_newsletter_tier_id":0,"_jetpack_memberships_contains_paywalled_content":false,"_jetpack_memberships_contains_paid_content":false,"footnotes":"","jetpack_publicize_message":"","jetpack_publicize_feature_enabled":true,"jetpack_social_post_already_shared":false,"jetpack_social_options":{"image_generator_settings":{"template":"highway","default_image_id":0,"font":"","enabled":false},"version":2},"_wpas_customize_per_network":false},"categories":[5],"tags":[39,3537,4826,18,2684],"class_list":["post-30754","post","type-post","status-publish","format-standard","hentry","category-politica","tag-carlos-selva","tag-frente-renovador","tag-junto-a-massa-en-lanzamiento-de-campana-contra-la-reforma-al-codigo-penal","tag-selva","tag-sergio-massa","generate-columns","tablet-grid-50","mobile-grid-100","grid-parent","grid-50"],"jetpack_publicize_connections":[],"jetpack_featured_media_url":"","wps_subtitle":"Justicia y debate ","jetpack_sharing_enabled":true,"_links":{"self":[{"href":"https:\/\/www.hoymercedes.com.ar\/principal\/wp-json\/wp\/v2\/posts\/30754","targetHints":{"allow":["GET"]}}],"collection":[{"href":"https:\/\/www.hoymercedes.com.ar\/principal\/wp-json\/wp\/v2\/posts"}],"about":[{"href":"https:\/\/www.hoymercedes.com.ar\/principal\/wp-json\/wp\/v2\/types\/post"}],"author":[{"embeddable":true,"href":"https:\/\/www.hoymercedes.com.ar\/principal\/wp-json\/wp\/v2\/users\/1"}],"replies":[{"embeddable":true,"href":"https:\/\/www.hoymercedes.com.ar\/principal\/wp-json\/wp\/v2\/comments?post=30754"}],"version-history":[{"count":0,"href":"https:\/\/www.hoymercedes.com.ar\/principal\/wp-json\/wp\/v2\/posts\/30754\/revisions"}],"wp:attachment":[{"href":"https:\/\/www.hoymercedes.com.ar\/principal\/wp-json\/wp\/v2\/media?parent=30754"}],"wp:term":[{"taxonomy":"category","embeddable":true,"href":"https:\/\/www.hoymercedes.com.ar\/principal\/wp-json\/wp\/v2\/categories?post=30754"},{"taxonomy":"post_tag","embeddable":true,"href":"https:\/\/www.hoymercedes.com.ar\/principal\/wp-json\/wp\/v2\/tags?post=30754"}],"curies":[{"name":"wp","href":"https:\/\/api.w.org\/{rel}","templated":true}]}}