{"id":30796,"date":"2014-03-16T00:48:43","date_gmt":"2014-03-16T00:48:43","guid":{"rendered":"http:\/\/www.hoymercedes.com.ar\/principal\/?p=30796"},"modified":"2014-03-16T00:55:22","modified_gmt":"2014-03-16T00:55:22","slug":"selva-primero-en-firma-contra-reforma-del-codigo-penal","status":"publish","type":"post","link":"https:\/\/www.hoymercedes.com.ar\/principal\/2014\/03\/16\/selva-primero-en-firma-contra-reforma-del-codigo-penal\/","title":{"rendered":"Selva primero en firmar contra reforma del c\u00f3digo penal"},"content":{"rendered":"<p><a href=\"https:\/\/www.hoymercedes.com.ar\/principal\/wp-content\/uploads\/2014\/03\/Selva-NoReformaCodigoPenal.jpg\"><img loading=\"lazy\" decoding=\"async\" data-attachment-id=\"30798\" data-permalink=\"https:\/\/www.hoymercedes.com.ar\/principal\/2014\/03\/16\/selva-primero-en-firma-contra-reforma-del-codigo-penal\/selva-noreformacodigopenal\/#main\" data-orig-file=\"https:\/\/www.hoymercedes.com.ar\/principal\/wp-content\/uploads\/2014\/03\/Selva-NoReformaCodigoPenal.jpg\" data-orig-size=\"620,413\" data-comments-opened=\"1\" data-image-meta=\"{&quot;aperture&quot;:&quot;0&quot;,&quot;credit&quot;:&quot;&quot;,&quot;camera&quot;:&quot;&quot;,&quot;caption&quot;:&quot;&quot;,&quot;created_timestamp&quot;:&quot;0&quot;,&quot;copyright&quot;:&quot;&quot;,&quot;focal_length&quot;:&quot;0&quot;,&quot;iso&quot;:&quot;0&quot;,&quot;shutter_speed&quot;:&quot;0&quot;,&quot;title&quot;:&quot;&quot;}\" data-image-title=\"Selva-NoReformaCodigoPenal\" data-image-description=\"\" data-image-caption=\"\" data-large-file=\"https:\/\/www.hoymercedes.com.ar\/principal\/wp-content\/uploads\/2014\/03\/Selva-NoReformaCodigoPenal.jpg\" class=\"aligncenter size-full wp-image-30798\" alt=\"Selva-NoReformaCodigoPenal\" src=\"https:\/\/www.hoymercedes.com.ar\/principal\/wp-content\/uploads\/2014\/03\/Selva-NoReformaCodigoPenal.jpg\" width=\"620\" height=\"413\" \/><\/a><\/p>\n<p><em><strong>El intendente Carlos Selva estamp\u00f3 la primera firma de la campa\u00f1a de \u201cNo al c\u00f3digo penal\u201d que se promueve desde el Frente Renovador y que busca la r\u00fabrica de 5 millones de argentinos.<\/strong><\/em><\/p>\n<p>La militancia del Frente Renovador Mercedes dispuso mesas en el centro de la ciudad para que los vecinos que est\u00e9n en contra de la reforma del c\u00f3digo penal que encara el gobierno nacional se expresen libremente. La campa\u00f1a fue lanzada hace un par de d\u00edas por el l\u00edder del FR el diputado nacional Sergio Massa. \u201c<em>Nosotros ponemos estas mesas porque sabemos que hay muchos mercedinos que quieren expresar la negativa a este c\u00f3digo, que por sobre todas las cosas parece hecho para beneficiar a los delincuentes\u201d<\/em>, dijo el primer mandatario mercedino.<\/p>\n<p>El s\u00e1bado a la ma\u00f1ana centenares de mercedinos ya se acercaron a firmar por la negativa a la reforma del c\u00f3digo penal, y convencidos de que es el camino para frenar este anteproyecto del gobierno.<em> \u201cEs muy buena esta iniciativa porque le damos participaci\u00f3n a la gente para que se exprese. Lo que te comentan los ciudadanos hace referencia esencialmente a que no pueden creer que se elimine la reincidencia; que sea lo mismo robar una o cien veces. Adem\u00e1s la gente manifiesta abiertamente en charlas con nosotros que est\u00e1 preocupada con el avance de la venta de drogas en el pa\u00eds\u201d<\/em>, defini\u00f3 Carlos Selva.<\/p>\n<p>La campa\u00f1a de junta de firmas contin\u00faa durante el fin de semana en Mercedes y seguramente habr\u00e1 m\u00e1s operativos en la semana entrante.<\/p>\n<p><span style=\"color: #888888;\">Fuente: Frente Renovador\u00a0<\/span><\/p>\n","protected":false},"excerpt":{"rendered":"<p>El intendente Carlos Selva estamp\u00f3 la primera firma de la campa\u00f1a de \u201cNo al c\u00f3digo penal\u201d que se promueve desde &#8230; <a title=\"Selva primero en firmar contra reforma del c\u00f3digo penal\" class=\"read-more\" href=\"https:\/\/www.hoymercedes.com.ar\/principal\/2014\/03\/16\/selva-primero-en-firma-contra-reforma-del-codigo-penal\/\" aria-label=\"Leer m\u00e1s sobre Selva primero en firmar contra reforma del c\u00f3digo penal\">Leer m\u00e1s<\/a><\/p>\n","protected":false},"author":1,"featured_media":0,"comment_status":"open","ping_status":"open","sticky":false,"template":"","format":"standard","meta":{"_monsterinsights_skip_tracking":false,"_monsterinsights_sitenote_active":false,"_monsterinsights_sitenote_note":"","_monsterinsights_sitenote_category":0,"jetpack_post_was_ever_published":false,"_jetpack_newsletter_access":"","_jetpack_dont_email_post_to_subs":false,"_jetpack_newsletter_tier_id":0,"_jetpack_memberships_contains_paywalled_content":false,"_jetpack_memberships_contains_paid_content":false,"footnotes":"","jetpack_publicize_message":"","jetpack_publicize_feature_enabled":true,"jetpack_social_post_already_shared":false,"jetpack_social_options":{"image_generator_settings":{"template":"highway","default_image_id":0,"font":"","enabled":false},"version":2},"_wpas_customize_per_network":false},"categories":[5],"tags":[3711,3537,3647,4836],"class_list":["post-30796","post","type-post","status-publish","format-standard","hentry","category-politica","tag-carlos-selva-frente-renovador","tag-frente-renovador","tag-frente-renovador-mercedes","tag-selva-primero-en-firma-contra-reforma-del-codigo-penal","generate-columns","tablet-grid-50","mobile-grid-100","grid-parent","grid-50"],"jetpack_publicize_connections":[],"jetpack_featured_media_url":"","wps_subtitle":"Frente Renovador ","jetpack_sharing_enabled":true,"_links":{"self":[{"href":"https:\/\/www.hoymercedes.com.ar\/principal\/wp-json\/wp\/v2\/posts\/30796","targetHints":{"allow":["GET"]}}],"collection":[{"href":"https:\/\/www.hoymercedes.com.ar\/principal\/wp-json\/wp\/v2\/posts"}],"about":[{"href":"https:\/\/www.hoymercedes.com.ar\/principal\/wp-json\/wp\/v2\/types\/post"}],"author":[{"embeddable":true,"href":"https:\/\/www.hoymercedes.com.ar\/principal\/wp-json\/wp\/v2\/users\/1"}],"replies":[{"embeddable":true,"href":"https:\/\/www.hoymercedes.com.ar\/principal\/wp-json\/wp\/v2\/comments?post=30796"}],"version-history":[{"count":0,"href":"https:\/\/www.hoymercedes.com.ar\/principal\/wp-json\/wp\/v2\/posts\/30796\/revisions"}],"wp:attachment":[{"href":"https:\/\/www.hoymercedes.com.ar\/principal\/wp-json\/wp\/v2\/media?parent=30796"}],"wp:term":[{"taxonomy":"category","embeddable":true,"href":"https:\/\/www.hoymercedes.com.ar\/principal\/wp-json\/wp\/v2\/categories?post=30796"},{"taxonomy":"post_tag","embeddable":true,"href":"https:\/\/www.hoymercedes.com.ar\/principal\/wp-json\/wp\/v2\/tags?post=30796"}],"curies":[{"name":"wp","href":"https:\/\/api.w.org\/{rel}","templated":true}]}}