{"id":30843,"date":"2014-03-17T11:51:36","date_gmt":"2014-03-17T11:51:36","guid":{"rendered":"http:\/\/www.hoymercedes.com.ar\/principal\/?p=30843"},"modified":"2014-03-17T11:51:36","modified_gmt":"2014-03-17T11:51:36","slug":"denapole-procrear-otro-contraste-de-ansiedades-y-realidades","status":"publish","type":"post","link":"https:\/\/www.hoymercedes.com.ar\/principal\/2014\/03\/17\/denapole-procrear-otro-contraste-de-ansiedades-y-realidades\/","title":{"rendered":"Den\u00e1pole: PROCREAR: otro contraste de ansiedades y realidades"},"content":{"rendered":"<p><strong>Por Marcelo Den\u00e1pole,<\/strong> concejal del Frente Renovador \/\/<\/p>\n<p>Siempre son controversiales los temas que tratan el planeamiento y ejecuci\u00f3n de unidades de vivienda en nuestra ciudad.<\/p>\n<p>M\u00e1s a\u00fan, cuando los lapsos electorales apuraron la ejecuci\u00f3n de un programa virtuoso contrastando con los tiempos de la planificaci\u00f3n territorial de su operatoria.<\/p>\n<p>Toda estrategia de programaci\u00f3n pol\u00edtica debe contemplar las Fortalezas, Oportunidades, Debilidades y Amenazas, en el territorio donde debe aplicarse, previamente a su implementaci\u00f3n.<\/p>\n<p>Nadie puede negar las bondades del plan PROCREAR y su c\u00edrculo virtuoso sobre la econom\u00eda local.<\/p>\n<p>Pero lo que resulta inconveniente al haberse cortado el previo v\u00ednculo diagn\u00f3stico institucional con las \u00e1reas t\u00e9cnico-sociales municipales, es cumplir a posteriori los requerimientos emergentes de una operatoria no planificada.<\/p>\n<p>En el otorgamiento de cupos, no se tuvo en cuenta la oferta local de tierras de disponibilidad instant\u00e1nea ni estatal ni privada en su valor venal de mercado.<\/p>\n<p>Tampoco se valu\u00f3 la provisi\u00f3n de servicios b\u00e1sicos para el agregado de una extensi\u00f3n de vivienda del tama\u00f1o de dos pueblos rurales al ejido urbano actual y menos a\u00fan se valor\u00f3 el c\u00famulo de expectativas y ansiedades en los beneficiarios sorteados, agregando un peso m\u00e1s a su cargada mochila de frustraciones.<\/p>\n<p>Presentados estos inconvenientes, la misma facci\u00f3n pol\u00edtica que se acredit\u00f3 las mieles del anuncio, quiere ahora despegarse de las hieles de la realidad, pretendiendo una aprobaci\u00f3n instant\u00e1nea de la venta de terrenos municipales con destino social destinados a ciudadanos que no califican en bancos ni entran en sorteos.<\/p>\n<p>De esta manera se apuna a crear un Registro, anteriormente denegado al pedido del Intendente en el a\u00f1o 13, para que ahora sea \u00c9l quien reciba los reclamos que esta improvisaci\u00f3n trajo.<\/p>\n<p>A todo esto, se suma la exigencia disyuntiva de aprobaci\u00f3n inmediata sobre tablas o la calificaci\u00f3n de politiquer\u00eda, palos en la rueda, ignorancia, etc. Toda con la oportuna citaci\u00f3n y presencia de una tribuna con l\u00f3gica ansiedad para la cual se efectu\u00f3 la puesta en escena.<\/p>\n<p>La postura del bloque oficialista lejos de descartar el proyecto, no fue otra que el env\u00edo de tama\u00f1a propuesta a su estudio t\u00e9cnico en comisi\u00f3n, el mismo proceder que se considera razonable para un \u201csimple foquito\u201d y que ahora se juzga irracional para tama\u00f1o emprendimiento de magnitud urban\u00edstica. Toda una proeza del planeamiento sustentable.<\/p>\n<p>De todas maneras el Intendente ha mostrado buena predisposici\u00f3n para destinar una parte de los lotes existentes a esta operatoria, sin olvidar que a \u00e9l le toca gobernar para todos y no para un sector espec\u00edfico.<\/p>\n<p>Personalmente no he encontrado esta postura reflejada en los medios informativos y me creo en derecho y obligaci\u00f3n de expresarla a los ciudadanos que orgullosamente represento.<\/p>\n<p>&nbsp;<\/p>\n","protected":false},"excerpt":{"rendered":"<p>Por Marcelo Den\u00e1pole, concejal del Frente Renovador \/\/ Siempre son controversiales los temas que tratan el planeamiento y ejecuci\u00f3n de &#8230; <a title=\"Den\u00e1pole: PROCREAR: otro contraste de ansiedades y realidades\" class=\"read-more\" href=\"https:\/\/www.hoymercedes.com.ar\/principal\/2014\/03\/17\/denapole-procrear-otro-contraste-de-ansiedades-y-realidades\/\" aria-label=\"Leer m\u00e1s sobre Den\u00e1pole: PROCREAR: otro contraste de ansiedades y realidades\">Leer m\u00e1s<\/a><\/p>\n","protected":false},"author":1,"featured_media":0,"comment_status":"open","ping_status":"open","sticky":false,"template":"","format":"standard","meta":{"_monsterinsights_skip_tracking":false,"_monsterinsights_sitenote_active":false,"_monsterinsights_sitenote_note":"","_monsterinsights_sitenote_category":0,"jetpack_post_was_ever_published":false,"_jetpack_newsletter_access":"","_jetpack_dont_email_post_to_subs":false,"_jetpack_newsletter_tier_id":0,"_jetpack_memberships_contains_paywalled_content":false,"_jetpack_memberships_contains_paid_content":false,"footnotes":"","jetpack_publicize_message":"","jetpack_publicize_feature_enabled":true,"jetpack_social_post_already_shared":false,"jetpack_social_options":{"image_generator_settings":{"template":"highway","default_image_id":0,"font":"","enabled":false},"version":2},"_wpas_customize_per_network":false},"categories":[1],"tags":[436,3435],"class_list":["post-30843","post","type-post","status-publish","format-standard","hentry","category-opinion","tag-marcelo-denapole","tag-procrear","generate-columns","tablet-grid-50","mobile-grid-100","grid-parent","grid-50"],"jetpack_publicize_connections":[],"jetpack_featured_media_url":"","wps_subtitle":"Opina el Presidente del Concejo Deliberante","jetpack_sharing_enabled":true,"jetpack-related-posts":[{"id":124403,"url":"https:\/\/www.hoymercedes.com.ar\/principal\/2021\/02\/05\/marcelo-denapole-dejo-la-direccion-de-produccion\/","url_meta":{"origin":30843,"position":0},"title":"Marcelo Den\u00e1pole dej\u00f3 la Direcci\u00f3n de Producci\u00f3n","author":"hoymercedes","date":"5 febrero, 2021","format":false,"excerpt":"Con la jubilaci\u00f3n docente en su poder, Marcelo Den\u00e1pole decidi\u00f3 tambi\u00e9n dejar la funci\u00f3n p\u00fablica en el Municipio de Mercedes. Casi 20 a\u00f1os trabaj\u00f3 en la comuna con cargos en el Ejecutivo y en el Legislativo. No obstante, anticip\u00f3 que no dejar\u00e1 la vida pol\u00edtica ni su tarea como Ingeniero\u2026","rel":"","context":"En \u00abPol\u00edtica\u00bb","block_context":{"text":"Pol\u00edtica","link":"https:\/\/www.hoymercedes.com.ar\/principal\/category\/politica\/"},"img":{"alt_text":"","src":"https:\/\/i0.wp.com\/www.hoymercedes.com.ar\/principal\/wp-content\/uploads\/2015\/07\/MarceloDenapole.jpg?resize=350%2C200&ssl=1","width":350,"height":200,"srcset":"https:\/\/i0.wp.com\/www.hoymercedes.com.ar\/principal\/wp-content\/uploads\/2015\/07\/MarceloDenapole.jpg?resize=350%2C200&ssl=1 1x, https:\/\/i0.wp.com\/www.hoymercedes.com.ar\/principal\/wp-content\/uploads\/2015\/07\/MarceloDenapole.jpg?resize=525%2C300&ssl=1 1.5x"},"classes":[]},{"id":116089,"url":"https:\/\/www.hoymercedes.com.ar\/principal\/2020\/09\/03\/procrear-44-mercedinos-sorteados-para-los-creditos\/","url_meta":{"origin":30843,"position":1},"title":"PROCREAR: 44 mercedinos sorteados para los cr\u00e9ditos","author":"hoymercedes","date":"3 septiembre, 2020","format":false,"excerpt":"Este pasado 28 de agosto se realiz\u00f3 el primer sorteo de las diferentes l\u00edneas de cr\u00e9dito del programa nacional Procrear y varios mercedinos salieron beneficiados con la posibilidad de sacar el pr\u00e9stamo. \u00a0En esta oportunidad, 44 vecinos salieron sorteados para los cr\u00e9ditos de refacci\u00f3n y mejoramiento. La Provincia de Buenos\u2026","rel":"","context":"En \u00abPol\u00edtica Nacional\u00bb","block_context":{"text":"Pol\u00edtica Nacional","link":"https:\/\/www.hoymercedes.com.ar\/principal\/category\/politica-nacional\/"},"img":{"alt_text":"","src":"https:\/\/i0.wp.com\/www.hoymercedes.com.ar\/principal\/wp-content\/uploads\/2020\/09\/plan-procrear-2020-anses.jpg?resize=350%2C200&ssl=1","width":350,"height":200,"srcset":"https:\/\/i0.wp.com\/www.hoymercedes.com.ar\/principal\/wp-content\/uploads\/2020\/09\/plan-procrear-2020-anses.jpg?resize=350%2C200&ssl=1 1x, https:\/\/i0.wp.com\/www.hoymercedes.com.ar\/principal\/wp-content\/uploads\/2020\/09\/plan-procrear-2020-anses.jpg?resize=525%2C300&ssl=1 1.5x, https:\/\/i0.wp.com\/www.hoymercedes.com.ar\/principal\/wp-content\/uploads\/2020\/09\/plan-procrear-2020-anses.jpg?resize=700%2C400&ssl=1 2x"},"classes":[]},{"id":116251,"url":"https:\/\/www.hoymercedes.com.ar\/principal\/2020\/09\/07\/mercedes-seria-el-primer-municipio-en-firmar-convenio-con-procrear\/","url_meta":{"origin":30843,"position":2},"title":"Mercedes ser\u00eda el primer municipio en firmar convenio con Procrear","author":"hoymercedes","date":"7 septiembre, 2020","format":false,"excerpt":"El Procrear reconocer\u00e1 a Mercedes como el primer municipio del pa\u00eds para llevar adelante trabajos que generen la posibilidad que los mercedinos puedan llegar a su casa propia. El gobierno nacional que conduce Alberto Fern\u00e1ndez dio inicio al recreado programa Procrear y la ciudad de Mercedes \u201cpica en punta\u201d para\u2026","rel":"","context":"En \u00abMunicipio\u00bb","block_context":{"text":"Municipio","link":"https:\/\/www.hoymercedes.com.ar\/principal\/category\/municipio\/"},"img":{"alt_text":"","src":"https:\/\/i0.wp.com\/www.hoymercedes.com.ar\/principal\/wp-content\/uploads\/2020\/03\/Ustarroz-hcd-04.03.2020.jpeg?resize=350%2C200&ssl=1","width":350,"height":200,"srcset":"https:\/\/i0.wp.com\/www.hoymercedes.com.ar\/principal\/wp-content\/uploads\/2020\/03\/Ustarroz-hcd-04.03.2020.jpeg?resize=350%2C200&ssl=1 1x, https:\/\/i0.wp.com\/www.hoymercedes.com.ar\/principal\/wp-content\/uploads\/2020\/03\/Ustarroz-hcd-04.03.2020.jpeg?resize=525%2C300&ssl=1 1.5x, https:\/\/i0.wp.com\/www.hoymercedes.com.ar\/principal\/wp-content\/uploads\/2020\/03\/Ustarroz-hcd-04.03.2020.jpeg?resize=700%2C400&ssl=1 2x, https:\/\/i0.wp.com\/www.hoymercedes.com.ar\/principal\/wp-content\/uploads\/2020\/03\/Ustarroz-hcd-04.03.2020.jpeg?resize=1050%2C600&ssl=1 3x, https:\/\/i0.wp.com\/www.hoymercedes.com.ar\/principal\/wp-content\/uploads\/2020\/03\/Ustarroz-hcd-04.03.2020.jpeg?resize=1400%2C800&ssl=1 4x"},"classes":[]},{"id":138004,"url":"https:\/\/www.hoymercedes.com.ar\/principal\/2021\/09\/28\/entregan-lotes-de-mi-terreno-planes-procrear-y-planos-de-vivienda-bonaerense\/","url_meta":{"origin":30843,"position":3},"title":"Entregan lotes de Mi Terreno, planes ProCreAr y planos de Vivienda Bonaerense","author":"hoymercedes","date":"28 septiembre, 2021","format":false,"excerpt":"El intendente Ustarroz encabez\u00f3 la entrega de lotes de familias beneficiadas a trav\u00e9s del programa \u201cMI Terreno\u201d. Adem\u00e1s, desde Vivienda, planos para casas desde el plan \u201cVivienda bonaerense \u201cSolidaridad 2\u201d, otros nueve cr\u00e9ditos del programa nacional Procrear y \u201cCasa Propia\u201d.\u00a0 \"Algunos de estos programas fueron gestionados con el Estado Nacional\u2026","rel":"","context":"En \u00abMunicipio\u00bb","block_context":{"text":"Municipio","link":"https:\/\/www.hoymercedes.com.ar\/principal\/category\/municipio\/"},"img":{"alt_text":"","src":"https:\/\/i0.wp.com\/www.hoymercedes.com.ar\/principal\/wp-content\/uploads\/2021\/09\/DSC02913.jpg?resize=350%2C200&ssl=1","width":350,"height":200,"srcset":"https:\/\/i0.wp.com\/www.hoymercedes.com.ar\/principal\/wp-content\/uploads\/2021\/09\/DSC02913.jpg?resize=350%2C200&ssl=1 1x, https:\/\/i0.wp.com\/www.hoymercedes.com.ar\/principal\/wp-content\/uploads\/2021\/09\/DSC02913.jpg?resize=525%2C300&ssl=1 1.5x, https:\/\/i0.wp.com\/www.hoymercedes.com.ar\/principal\/wp-content\/uploads\/2021\/09\/DSC02913.jpg?resize=700%2C400&ssl=1 2x"},"classes":[]},{"id":115830,"url":"https:\/\/www.hoymercedes.com.ar\/principal\/2020\/08\/29\/procrear-sortearon-los-primeros-creditos\/","url_meta":{"origin":30843,"position":4},"title":"PROCREAR: Sortearon los primeros cr\u00e9ditos","author":"hoymercedes","date":"29 agosto, 2020","format":false,"excerpt":"En el marco del Programa de Cr\u00e9dito Argentino (Procrear 2020) este viernes se sorte\u00f3 la primera tanda de 4 l\u00edneas crediticias para la refacci\u00f3n y el mejoramiento de viviendas. Estas herramientas financieras van desde los 50 mil a los 500 mil pesos y todas poseen tasas del 24% anual. El\u2026","rel":"","context":"En \u00abSociedad\u00bb","block_context":{"text":"Sociedad","link":"https:\/\/www.hoymercedes.com.ar\/principal\/category\/sociedad\/"},"img":{"alt_text":"","src":"https:\/\/i0.wp.com\/www.hoymercedes.com.ar\/principal\/wp-content\/uploads\/2020\/08\/SorteoPROCREAR.jpeg?resize=350%2C200&ssl=1","width":350,"height":200,"srcset":"https:\/\/i0.wp.com\/www.hoymercedes.com.ar\/principal\/wp-content\/uploads\/2020\/08\/SorteoPROCREAR.jpeg?resize=350%2C200&ssl=1 1x, https:\/\/i0.wp.com\/www.hoymercedes.com.ar\/principal\/wp-content\/uploads\/2020\/08\/SorteoPROCREAR.jpeg?resize=525%2C300&ssl=1 1.5x, https:\/\/i0.wp.com\/www.hoymercedes.com.ar\/principal\/wp-content\/uploads\/2020\/08\/SorteoPROCREAR.jpeg?resize=700%2C400&ssl=1 2x"},"classes":[]},{"id":130156,"url":"https:\/\/www.hoymercedes.com.ar\/principal\/2021\/05\/15\/firman-convenio-que-permitira-agilizar-tramites-de-procrear\/","url_meta":{"origin":30843,"position":5},"title":"Firman convenio que permitir\u00e1 agilizar tr\u00e1mites de ProCreAr","author":"hoymercedes","date":"15 mayo, 2021","format":false,"excerpt":"El jefe comunal de Mercedes, Juan Ignacio Ustarroz firm\u00f3 un nuevo convenio con el ministro de Desarrollo Territorial y H\u00e1bitat Jorge Ferraresi en el marco del programa ProCreAr. Tambi\u00e9n fue parte del encuentro Luciano Scatolini y Santiago Maggioti. El Ministerio de Desarrollo Territorial y H\u00e1bitat que conduce Jorge Ferraresi sigue\u2026","rel":"","context":"En \u00abMunicipio\u00bb","block_context":{"text":"Municipio","link":"https:\/\/www.hoymercedes.com.ar\/principal\/category\/municipio\/"},"img":{"alt_text":"","src":"https:\/\/i0.wp.com\/www.hoymercedes.com.ar\/principal\/wp-content\/uploads\/2021\/05\/980.jpeg?resize=350%2C200&ssl=1","width":350,"height":200,"srcset":"https:\/\/i0.wp.com\/www.hoymercedes.com.ar\/principal\/wp-content\/uploads\/2021\/05\/980.jpeg?resize=350%2C200&ssl=1 1x, https:\/\/i0.wp.com\/www.hoymercedes.com.ar\/principal\/wp-content\/uploads\/2021\/05\/980.jpeg?resize=525%2C300&ssl=1 1.5x, https:\/\/i0.wp.com\/www.hoymercedes.com.ar\/principal\/wp-content\/uploads\/2021\/05\/980.jpeg?resize=700%2C400&ssl=1 2x"},"classes":[]}],"_links":{"self":[{"href":"https:\/\/www.hoymercedes.com.ar\/principal\/wp-json\/wp\/v2\/posts\/30843","targetHints":{"allow":["GET"]}}],"collection":[{"href":"https:\/\/www.hoymercedes.com.ar\/principal\/wp-json\/wp\/v2\/posts"}],"about":[{"href":"https:\/\/www.hoymercedes.com.ar\/principal\/wp-json\/wp\/v2\/types\/post"}],"author":[{"embeddable":true,"href":"https:\/\/www.hoymercedes.com.ar\/principal\/wp-json\/wp\/v2\/users\/1"}],"replies":[{"embeddable":true,"href":"https:\/\/www.hoymercedes.com.ar\/principal\/wp-json\/wp\/v2\/comments?post=30843"}],"version-history":[{"count":0,"href":"https:\/\/www.hoymercedes.com.ar\/principal\/wp-json\/wp\/v2\/posts\/30843\/revisions"}],"wp:attachment":[{"href":"https:\/\/www.hoymercedes.com.ar\/principal\/wp-json\/wp\/v2\/media?parent=30843"}],"wp:term":[{"taxonomy":"category","embeddable":true,"href":"https:\/\/www.hoymercedes.com.ar\/principal\/wp-json\/wp\/v2\/categories?post=30843"},{"taxonomy":"post_tag","embeddable":true,"href":"https:\/\/www.hoymercedes.com.ar\/principal\/wp-json\/wp\/v2\/tags?post=30843"}],"curies":[{"name":"wp","href":"https:\/\/api.w.org\/{rel}","templated":true}]}}