{"id":30877,"date":"2014-03-17T23:09:44","date_gmt":"2014-03-17T23:09:44","guid":{"rendered":"http:\/\/www.hoymercedes.com.ar\/principal\/?p=30877"},"modified":"2014-03-17T23:09:44","modified_gmt":"2014-03-17T23:09:44","slug":"frente-mercedino-pide-informes-tras-encuentro-de-motos-2014","status":"publish","type":"post","link":"https:\/\/www.hoymercedes.com.ar\/principal\/2014\/03\/17\/frente-mercedino-pide-informes-tras-encuentro-de-motos-2014\/","title":{"rendered":"Frente Mercedino pide informes tras Encuentro de Motos 2014"},"content":{"rendered":"<p><em><strong>El bloque de concejales del Frente Mercedino para la Victoria elevar\u00e1 al Ejecutivo un pedido de informes para conocer las medidas de prevenci\u00f3n y seguridad que se tomaron durante el encuentro internacional de motos realizado el fin de semana, a ra\u00edz de los m\u00faltiples reclamos de los vecinos por distintas situaciones ocurridas en la ciudad.<\/strong><\/em><\/p>\n<p>\u201c<em>Nosotros no estamos en contra de un evento que es beneficioso para Mercedes en muchos aspectos, pero consideramos que deben tomarse diferentes medidas de higiene, seguridad y organizaci\u00f3n para garantizar que sea algo disfrutable y no un dolor de cabeza para los vecinos\u201d,<\/em> especificaron desde el bloque que conduce Juan Ignacio Ustarroz.<\/p>\n<p><em>\u201cHemos recogido much\u00edsimas quejas por ruidos molestos, por picadas, por motociclistas en aparente estado de ebriedad, hasta por agresiones verbales a alg\u00fan vecino que sal\u00eda a pedir que le permitieran dormir. Esas cosas no pueden pasar m\u00e1s. Por eso queremos saber cu\u00e1les fueron las medidas previas que se tomaron\u201d<\/em>, agregaron desde el FMPV.<\/p>\n<p>El encuentro, que seg\u00fan los organizadores reuni\u00f3 a unas 7.000 motos en el Parque Municipal y se cerr\u00f3 con la presentaci\u00f3n de la banda \u00abCarajo\u00bb, gener\u00f3 en las redes sociales una innumerable lista de reclamos que fueron en ese sentido: la necesidad de darle al evento una organizaci\u00f3n que impida o limite sus \u201cefectos secundarios\u201d tanto en la seguridad en el tr\u00e1nsito como en la tranquilidad cotidiana de los vecinos de Mercedes.<\/p>\n<p>El pedido de informes elevado por el bloque del Frente Mercedino expresa:<\/p>\n<p>Visto: que el \u00faltimo fin de semana, del jueves 13 al domingo 16 de marzo, se ha desarrollado en nuestra ciudad un encuentro internacional de motos, y que dicho encuentro ha tenido una gran repercusi\u00f3n en cuanto a la asistencia de p\u00fablico.<\/p>\n<p>Considerando: la gran cantidad de reclamos existentes por parte de los vecinos de nuestra ciudad referidos a ruidos molestos, a motociclistas conduciendo a altas velocidades en presunto estado de ebriedad, a suciedad ocasionada por los asistencias a dicho encuentro.<\/p>\n<p>Resoluci\u00f3n: el HCD resuelve dirigirse al DE a fin de que informe. Qu\u00e9 medidas de seguridad fueron previstas y ejecutadas por el municipio a fin de contener a la gran cantidad de asistentes al encuentro.<\/p>\n<p>Qu\u00e9 cantidad de controles de alcoholemia fueron realizados a fin de disuadir y evitar posibles accidentes en la v\u00eda p\u00fablica.<\/p>\n<p><span style=\"color: #888888;\">Fuente: FMPV<\/span><\/p>\n","protected":false},"excerpt":{"rendered":"<p>El bloque de concejales del Frente Mercedino para la Victoria elevar\u00e1 al Ejecutivo un pedido de informes para conocer las &#8230; <a title=\"Frente Mercedino pide informes tras Encuentro de Motos 2014\" class=\"read-more\" href=\"https:\/\/www.hoymercedes.com.ar\/principal\/2014\/03\/17\/frente-mercedino-pide-informes-tras-encuentro-de-motos-2014\/\" aria-label=\"Leer m\u00e1s sobre Frente Mercedino pide informes tras Encuentro de Motos 2014\">Leer m\u00e1s<\/a><\/p>\n","protected":false},"author":1,"featured_media":0,"comment_status":"open","ping_status":"open","sticky":false,"template":"","format":"standard","meta":{"_monsterinsights_skip_tracking":false,"_monsterinsights_sitenote_active":false,"_monsterinsights_sitenote_note":"","_monsterinsights_sitenote_category":0,"jetpack_post_was_ever_published":false,"_jetpack_newsletter_access":"","_jetpack_dont_email_post_to_subs":false,"_jetpack_newsletter_tier_id":0,"_jetpack_memberships_contains_paywalled_content":false,"_jetpack_memberships_contains_paid_content":false,"footnotes":"","jetpack_publicize_message":"","jetpack_publicize_feature_enabled":true,"jetpack_social_post_already_shared":false,"jetpack_social_options":{"image_generator_settings":{"template":"highway","default_image_id":0,"font":"","enabled":false},"version":2},"_wpas_customize_per_network":false},"categories":[5],"tags":[1007,379,585],"class_list":["post-30877","post","type-post","status-publish","format-standard","hentry","category-politica","tag-frente-mercedino","tag-frente-mercedino-para-la-victoria","tag-juan-ustarroz","generate-columns","tablet-grid-50","mobile-grid-100","grid-parent","grid-50"],"jetpack_publicize_connections":[],"jetpack_featured_media_url":"","wps_subtitle":"Pedir\u00e1n al ejecutivo local ","jetpack_sharing_enabled":true,"_links":{"self":[{"href":"https:\/\/www.hoymercedes.com.ar\/principal\/wp-json\/wp\/v2\/posts\/30877","targetHints":{"allow":["GET"]}}],"collection":[{"href":"https:\/\/www.hoymercedes.com.ar\/principal\/wp-json\/wp\/v2\/posts"}],"about":[{"href":"https:\/\/www.hoymercedes.com.ar\/principal\/wp-json\/wp\/v2\/types\/post"}],"author":[{"embeddable":true,"href":"https:\/\/www.hoymercedes.com.ar\/principal\/wp-json\/wp\/v2\/users\/1"}],"replies":[{"embeddable":true,"href":"https:\/\/www.hoymercedes.com.ar\/principal\/wp-json\/wp\/v2\/comments?post=30877"}],"version-history":[{"count":0,"href":"https:\/\/www.hoymercedes.com.ar\/principal\/wp-json\/wp\/v2\/posts\/30877\/revisions"}],"wp:attachment":[{"href":"https:\/\/www.hoymercedes.com.ar\/principal\/wp-json\/wp\/v2\/media?parent=30877"}],"wp:term":[{"taxonomy":"category","embeddable":true,"href":"https:\/\/www.hoymercedes.com.ar\/principal\/wp-json\/wp\/v2\/categories?post=30877"},{"taxonomy":"post_tag","embeddable":true,"href":"https:\/\/www.hoymercedes.com.ar\/principal\/wp-json\/wp\/v2\/tags?post=30877"}],"curies":[{"name":"wp","href":"https:\/\/api.w.org\/{rel}","templated":true}]}}