{"id":30926,"date":"2014-03-19T19:55:43","date_gmt":"2014-03-19T19:55:43","guid":{"rendered":"http:\/\/www.hoymercedes.com.ar\/principal\/?p=30926"},"modified":"2014-03-19T19:55:43","modified_gmt":"2014-03-19T19:55:43","slug":"ustarroz-anses-y-banco-nacion-en-capacitacion-a-mujeres-del-programa-ellas-hacen","status":"publish","type":"post","link":"https:\/\/www.hoymercedes.com.ar\/principal\/2014\/03\/19\/ustarroz-anses-y-banco-nacion-en-capacitacion-a-mujeres-del-programa-ellas-hacen\/","title":{"rendered":"Ustarroz, Anses y Banco Naci\u00f3n en capacitaci\u00f3n a mujeres del programa \u00abEllas hacen\u00bb"},"content":{"rendered":"<p><a href=\"https:\/\/www.hoymercedes.com.ar\/principal\/wp-content\/uploads\/2014\/03\/capacitacion.ellashacen.jpg\"><img loading=\"lazy\" decoding=\"async\" data-attachment-id=\"30928\" data-permalink=\"https:\/\/www.hoymercedes.com.ar\/principal\/2014\/03\/19\/ustarroz-anses-y-banco-nacion-en-capacitacion-a-mujeres-del-programa-ellas-hacen\/capacitacion-ellashacen\/#main\" data-orig-file=\"https:\/\/www.hoymercedes.com.ar\/principal\/wp-content\/uploads\/2014\/03\/capacitacion.ellashacen.jpg\" data-orig-size=\"620,350\" data-comments-opened=\"1\" data-image-meta=\"{&quot;aperture&quot;:&quot;0&quot;,&quot;credit&quot;:&quot;&quot;,&quot;camera&quot;:&quot;&quot;,&quot;caption&quot;:&quot;&quot;,&quot;created_timestamp&quot;:&quot;0&quot;,&quot;copyright&quot;:&quot;&quot;,&quot;focal_length&quot;:&quot;0&quot;,&quot;iso&quot;:&quot;0&quot;,&quot;shutter_speed&quot;:&quot;0&quot;,&quot;title&quot;:&quot;&quot;}\" data-image-title=\"capacitacion.ellashacen\" data-image-description=\"\" data-image-caption=\"\" data-large-file=\"https:\/\/www.hoymercedes.com.ar\/principal\/wp-content\/uploads\/2014\/03\/capacitacion.ellashacen.jpg\" class=\"aligncenter size-full wp-image-30928\" alt=\"capacitacion.ellashacen\" src=\"https:\/\/www.hoymercedes.com.ar\/principal\/wp-content\/uploads\/2014\/03\/capacitacion.ellashacen.jpg\" width=\"620\" height=\"350\" \/><\/a><\/p>\n<p><em><strong>El jefe regional de la ANSES y presidente del bloque de concejales del Frente Mercedino para la Victoria, Juan Ignacio Ustarroz, y personal del Banco Naci\u00f3n ofrecieron un curso de capacitaci\u00f3n para el uso de cajeros autom\u00e1ticos a las mujeres inscriptas en el programa Ellas Hacen, del Ministerio de Desarrollo Social de la Naci\u00f3n.<\/strong><\/em><\/p>\n<p>El encuentro se realiz\u00f3 en el Centro de Referencia del Ministerio en Mercedes (que funciona en el ex instituto Mart\u00edn Rodr\u00edguez), fue organizado por la articuladora Jorgelina Silva y cont\u00f3 con la participaci\u00f3n de unas 40 vecinas inscriptas en el programa.<\/p>\n<p>Durante el curso, personal del Banco Naci\u00f3n explic\u00f3 c\u00f3mo extraer dinero en efectivo y adelantos utilizando la tarjeta de d\u00e9bito, la forma de realizar consulta de saldos y extracci\u00f3n de comprobantes, y c\u00f3mo utilizar las claves de acceso \u201cPIN\u201d destacando su caracter\u00edstica de personal e intransferible.<\/p>\n<p>En forma din\u00e1mica las mujeres pudieron visualizar paso a paso las pantallas que ofrece el cajero autom\u00e1tico para realizar los distintos tipos de operaciones.<\/p>\n<p>ELLAS HACEN es una iniciativa enmarcada en el programa Ingreso Social con Trabajo \u201cArgentina Trabaja\u201d y est\u00e1 destinado a 100 mil mujeres de todo el pa\u00eds, para que puedan formar parte de una cooperativa y trabajar para mejorar sus barrios, capacitarse, y terminar sus estudios primarios y\/o secundarios. El programa da prioridad a aquellas que atraviesan una situaci\u00f3n de mayor vulnerabilidad.<\/p>\n<p>Las trabajadoras del Ellas Hacen tienen ingreso al Monotributo Social que les garantiza una obra social y aportes jubilatorios. Adem\u00e1s, reciben por su trabajo un ingreso en forma directa, sin intermediarios, a trav\u00e9s de una tarjeta personal del Banco de la Naci\u00f3n Argentina. Las cooperativistas realizan jornadas laborales previstas en el programa Ingreso Social con Trabajo y cumplen con capacitaciones y la terminalidad educativa.<\/p>\n","protected":false},"excerpt":{"rendered":"<p>El jefe regional de la ANSES y presidente del bloque de concejales del Frente Mercedino para la Victoria, Juan Ignacio &#8230; <a title=\"Ustarroz, Anses y Banco Naci\u00f3n en capacitaci\u00f3n a mujeres del programa \u00abEllas hacen\u00bb\" class=\"read-more\" href=\"https:\/\/www.hoymercedes.com.ar\/principal\/2014\/03\/19\/ustarroz-anses-y-banco-nacion-en-capacitacion-a-mujeres-del-programa-ellas-hacen\/\" aria-label=\"Leer m\u00e1s sobre Ustarroz, Anses y Banco Naci\u00f3n en capacitaci\u00f3n a mujeres del programa \u00abEllas hacen\u00bb\">Leer m\u00e1s<\/a><\/p>\n","protected":false},"author":1,"featured_media":0,"comment_status":"open","ping_status":"open","sticky":false,"template":"","format":"standard","meta":{"_monsterinsights_skip_tracking":false,"_monsterinsights_sitenote_active":false,"_monsterinsights_sitenote_note":"","_monsterinsights_sitenote_category":0,"jetpack_post_was_ever_published":false,"_jetpack_newsletter_access":"","_jetpack_dont_email_post_to_subs":false,"_jetpack_newsletter_tier_id":0,"_jetpack_memberships_contains_paywalled_content":false,"_jetpack_memberships_contains_paid_content":false,"footnotes":"","jetpack_publicize_message":"","jetpack_publicize_feature_enabled":true,"jetpack_social_post_already_shared":false,"jetpack_social_options":{"image_generator_settings":{"template":"highway","default_image_id":0,"font":"","enabled":false},"version":2},"_wpas_customize_per_network":false},"categories":[5],"tags":[35,814,585],"class_list":["post-30926","post","type-post","status-publish","format-standard","hentry","category-politica","tag-anses-mercedes","tag-banco-nacion","tag-juan-ustarroz","generate-columns","tablet-grid-50","mobile-grid-100","grid-parent","grid-50"],"jetpack_publicize_connections":[],"jetpack_featured_media_url":"","wps_subtitle":"Ministerio de Desarrollo de la Naci\u00f3n ","jetpack_sharing_enabled":true,"_links":{"self":[{"href":"https:\/\/www.hoymercedes.com.ar\/principal\/wp-json\/wp\/v2\/posts\/30926","targetHints":{"allow":["GET"]}}],"collection":[{"href":"https:\/\/www.hoymercedes.com.ar\/principal\/wp-json\/wp\/v2\/posts"}],"about":[{"href":"https:\/\/www.hoymercedes.com.ar\/principal\/wp-json\/wp\/v2\/types\/post"}],"author":[{"embeddable":true,"href":"https:\/\/www.hoymercedes.com.ar\/principal\/wp-json\/wp\/v2\/users\/1"}],"replies":[{"embeddable":true,"href":"https:\/\/www.hoymercedes.com.ar\/principal\/wp-json\/wp\/v2\/comments?post=30926"}],"version-history":[{"count":0,"href":"https:\/\/www.hoymercedes.com.ar\/principal\/wp-json\/wp\/v2\/posts\/30926\/revisions"}],"wp:attachment":[{"href":"https:\/\/www.hoymercedes.com.ar\/principal\/wp-json\/wp\/v2\/media?parent=30926"}],"wp:term":[{"taxonomy":"category","embeddable":true,"href":"https:\/\/www.hoymercedes.com.ar\/principal\/wp-json\/wp\/v2\/categories?post=30926"},{"taxonomy":"post_tag","embeddable":true,"href":"https:\/\/www.hoymercedes.com.ar\/principal\/wp-json\/wp\/v2\/tags?post=30926"}],"curies":[{"name":"wp","href":"https:\/\/api.w.org\/{rel}","templated":true}]}}