{"id":30935,"date":"2014-03-19T20:15:48","date_gmt":"2014-03-19T20:15:48","guid":{"rendered":"http:\/\/www.hoymercedes.com.ar\/principal\/?p=30935"},"modified":"2014-03-19T20:15:48","modified_gmt":"2014-03-19T20:15:48","slug":"ate-mercedes-se-movilizo-solidariamente-a-navarro-por-despido-en-hospital","status":"publish","type":"post","link":"https:\/\/www.hoymercedes.com.ar\/principal\/2014\/03\/19\/ate-mercedes-se-movilizo-solidariamente-a-navarro-por-despido-en-hospital\/","title":{"rendered":"ATE Mercedes se moviliz\u00f3 solidariamente a Navarro por despido en Hospital"},"content":{"rendered":"<p><a href=\"https:\/\/www.hoymercedes.com.ar\/principal\/wp-content\/uploads\/2014\/03\/AteMercedesNavarro-1.jpg\"><img loading=\"lazy\" decoding=\"async\" data-attachment-id=\"30937\" data-permalink=\"https:\/\/www.hoymercedes.com.ar\/principal\/2014\/03\/19\/ate-mercedes-se-movilizo-solidariamente-a-navarro-por-despido-en-hospital\/atemercedesnavarro-1\/#main\" data-orig-file=\"https:\/\/www.hoymercedes.com.ar\/principal\/wp-content\/uploads\/2014\/03\/AteMercedesNavarro-1.jpg\" data-orig-size=\"620,465\" data-comments-opened=\"1\" data-image-meta=\"{&quot;aperture&quot;:&quot;0&quot;,&quot;credit&quot;:&quot;&quot;,&quot;camera&quot;:&quot;&quot;,&quot;caption&quot;:&quot;&quot;,&quot;created_timestamp&quot;:&quot;0&quot;,&quot;copyright&quot;:&quot;&quot;,&quot;focal_length&quot;:&quot;0&quot;,&quot;iso&quot;:&quot;0&quot;,&quot;shutter_speed&quot;:&quot;0&quot;,&quot;title&quot;:&quot;&quot;}\" data-image-title=\"AteMercedesNavarro (1)\" data-image-description=\"\" data-image-caption=\"\" data-large-file=\"https:\/\/www.hoymercedes.com.ar\/principal\/wp-content\/uploads\/2014\/03\/AteMercedesNavarro-1.jpg\" class=\"aligncenter size-full wp-image-30937\" alt=\"AteMercedesNavarro (1)\" src=\"https:\/\/www.hoymercedes.com.ar\/principal\/wp-content\/uploads\/2014\/03\/AteMercedesNavarro-1.jpg\" width=\"620\" height=\"465\" \/><\/a><\/p>\n<p><em><strong>Trabajadores de ATE Mercedes se movilizaron en reclamo del despido de una compa\u00f1era Jimena Garc\u00eda delegada de esta Seccional que fue despedida del hospital municipal San Antonio de Padua de la ciudad de Navarro, esto transcurre luego que la trabajadora de la salud decide organizar a los compa\u00f1eros en el gremio de ATE, esto se suma a que tampoco el intendente de esa ciudad no le otorga el c\u00f3digo de descuento\u00a0 interfiriendo con la libertad sindical de afiliarse a esta organizaci\u00f3n.<\/strong><\/em><\/p>\n<p><img loading=\"lazy\" decoding=\"async\" data-attachment-id=\"30938\" data-permalink=\"https:\/\/www.hoymercedes.com.ar\/principal\/2014\/03\/19\/ate-mercedes-se-movilizo-solidariamente-a-navarro-por-despido-en-hospital\/atemercedesnavarro-2\/#main\" data-orig-file=\"https:\/\/www.hoymercedes.com.ar\/principal\/wp-content\/uploads\/2014\/03\/AteMercedesNavarro-2.jpg\" data-orig-size=\"620,349\" data-comments-opened=\"1\" data-image-meta=\"{&quot;aperture&quot;:&quot;0&quot;,&quot;credit&quot;:&quot;&quot;,&quot;camera&quot;:&quot;&quot;,&quot;caption&quot;:&quot;&quot;,&quot;created_timestamp&quot;:&quot;0&quot;,&quot;copyright&quot;:&quot;&quot;,&quot;focal_length&quot;:&quot;0&quot;,&quot;iso&quot;:&quot;0&quot;,&quot;shutter_speed&quot;:&quot;0&quot;,&quot;title&quot;:&quot;&quot;}\" data-image-title=\"AteMercedesNavarro (2)\" data-image-description=\"\" data-image-caption=\"\" data-large-file=\"https:\/\/www.hoymercedes.com.ar\/principal\/wp-content\/uploads\/2014\/03\/AteMercedesNavarro-2.jpg\" class=\"aligncenter size-full wp-image-30938\" alt=\"AteMercedesNavarro (2)\" src=\"https:\/\/www.hoymercedes.com.ar\/principal\/wp-content\/uploads\/2014\/03\/AteMercedesNavarro-2.jpg\" width=\"620\" height=\"349\" \/><\/p>\n<p>Los trabajadores\u00a0 permanecieron dentro del municipio por varias horas, sin ser recibido por el ejecutivo, los principales dirigente de ATE y el secretario de la seccional Mercedes Hugo Bonafina manifestaron que este reclamo se agudizara m\u00e1s si el intendente no normaliza la situaci\u00f3n laboral de esta compa\u00f1era y se les realiza los descuentos para que los municipales puedan afiliarse.<\/p>\n<p>Trabajadores de Suipacha, Hurlingan, Mor\u00f3n, Moreno, \u00a0Ca\u00f1uelas, Pilar, Ituzaingo\u00a0 y del consejo directivo de la plata participaron de este reclamo.<\/p>\n","protected":false},"excerpt":{"rendered":"<p>Trabajadores de ATE Mercedes se movilizaron en reclamo del despido de una compa\u00f1era Jimena Garc\u00eda delegada de esta Seccional que &#8230; <a title=\"ATE Mercedes se moviliz\u00f3 solidariamente a Navarro por despido en Hospital\" class=\"read-more\" href=\"https:\/\/www.hoymercedes.com.ar\/principal\/2014\/03\/19\/ate-mercedes-se-movilizo-solidariamente-a-navarro-por-despido-en-hospital\/\" aria-label=\"Leer m\u00e1s sobre ATE Mercedes se moviliz\u00f3 solidariamente a Navarro por despido en Hospital\">Leer m\u00e1s<\/a><\/p>\n","protected":false},"author":1,"featured_media":0,"comment_status":"open","ping_status":"open","sticky":false,"template":"","format":"standard","meta":{"_monsterinsights_skip_tracking":false,"_monsterinsights_sitenote_active":false,"_monsterinsights_sitenote_note":"","_monsterinsights_sitenote_category":0,"jetpack_post_was_ever_published":false,"_jetpack_newsletter_access":"","_jetpack_dont_email_post_to_subs":false,"_jetpack_newsletter_tier_id":0,"_jetpack_memberships_contains_paywalled_content":false,"_jetpack_memberships_contains_paid_content":false,"footnotes":"","jetpack_publicize_message":"","jetpack_publicize_feature_enabled":true,"jetpack_social_post_already_shared":false,"jetpack_social_options":{"image_generator_settings":{"template":"highway","default_image_id":0,"font":"","enabled":false},"version":2},"_wpas_customize_per_network":false},"categories":[8],"tags":[418,308,4872,4871],"class_list":["post-30935","post","type-post","status-publish","format-standard","hentry","category-sociedad","tag-ate","tag-ate-mercedes","tag-ate-navarro","tag-despido-romina-navarro","generate-columns","tablet-grid-50","mobile-grid-100","grid-parent","grid-50"],"jetpack_publicize_connections":[],"jetpack_featured_media_url":"","wps_subtitle":"Apoyo regional ","jetpack_sharing_enabled":true,"_links":{"self":[{"href":"https:\/\/www.hoymercedes.com.ar\/principal\/wp-json\/wp\/v2\/posts\/30935","targetHints":{"allow":["GET"]}}],"collection":[{"href":"https:\/\/www.hoymercedes.com.ar\/principal\/wp-json\/wp\/v2\/posts"}],"about":[{"href":"https:\/\/www.hoymercedes.com.ar\/principal\/wp-json\/wp\/v2\/types\/post"}],"author":[{"embeddable":true,"href":"https:\/\/www.hoymercedes.com.ar\/principal\/wp-json\/wp\/v2\/users\/1"}],"replies":[{"embeddable":true,"href":"https:\/\/www.hoymercedes.com.ar\/principal\/wp-json\/wp\/v2\/comments?post=30935"}],"version-history":[{"count":0,"href":"https:\/\/www.hoymercedes.com.ar\/principal\/wp-json\/wp\/v2\/posts\/30935\/revisions"}],"wp:attachment":[{"href":"https:\/\/www.hoymercedes.com.ar\/principal\/wp-json\/wp\/v2\/media?parent=30935"}],"wp:term":[{"taxonomy":"category","embeddable":true,"href":"https:\/\/www.hoymercedes.com.ar\/principal\/wp-json\/wp\/v2\/categories?post=30935"},{"taxonomy":"post_tag","embeddable":true,"href":"https:\/\/www.hoymercedes.com.ar\/principal\/wp-json\/wp\/v2\/tags?post=30935"}],"curies":[{"name":"wp","href":"https:\/\/api.w.org\/{rel}","templated":true}]}}