{"id":30943,"date":"2014-03-19T20:31:49","date_gmt":"2014-03-19T20:31:49","guid":{"rendered":"http:\/\/www.hoymercedes.com.ar\/principal\/?p=30943"},"modified":"2014-03-19T20:31:49","modified_gmt":"2014-03-19T20:31:49","slug":"pami-presente-en-el-barrio-san-jose-en-centro-de-actividades","status":"publish","type":"post","link":"https:\/\/www.hoymercedes.com.ar\/principal\/2014\/03\/19\/pami-presente-en-el-barrio-san-jose-en-centro-de-actividades\/","title":{"rendered":"PAMI presente en el barrio San Jos\u00e9 en Centro de Actividades"},"content":{"rendered":"<p><a href=\"https:\/\/www.hoymercedes.com.ar\/principal\/wp-content\/uploads\/2014\/03\/Dematei.Pami_.BarrioSanJose1.jpg\"><img loading=\"lazy\" decoding=\"async\" data-attachment-id=\"30946\" data-permalink=\"https:\/\/www.hoymercedes.com.ar\/principal\/2014\/03\/19\/pami-presente-en-el-barrio-san-jose-en-centro-de-actividades\/dematei-pami-barriosanjose-2\/#main\" data-orig-file=\"https:\/\/www.hoymercedes.com.ar\/principal\/wp-content\/uploads\/2014\/03\/Dematei.Pami_.BarrioSanJose1.jpg\" data-orig-size=\"620,465\" data-comments-opened=\"1\" data-image-meta=\"{&quot;aperture&quot;:&quot;0&quot;,&quot;credit&quot;:&quot;&quot;,&quot;camera&quot;:&quot;&quot;,&quot;caption&quot;:&quot;&quot;,&quot;created_timestamp&quot;:&quot;0&quot;,&quot;copyright&quot;:&quot;&quot;,&quot;focal_length&quot;:&quot;0&quot;,&quot;iso&quot;:&quot;0&quot;,&quot;shutter_speed&quot;:&quot;0&quot;,&quot;title&quot;:&quot;&quot;}\" data-image-title=\"Dematei.Pami.BarrioSanJose\" data-image-description=\"\" data-image-caption=\"\" data-large-file=\"https:\/\/www.hoymercedes.com.ar\/principal\/wp-content\/uploads\/2014\/03\/Dematei.Pami_.BarrioSanJose1.jpg\" class=\"aligncenter size-full wp-image-30946\" alt=\"Dematei.Pami.BarrioSanJose\" src=\"https:\/\/www.hoymercedes.com.ar\/principal\/wp-content\/uploads\/2014\/03\/Dematei.Pami_.BarrioSanJose1.jpg\" width=\"620\" height=\"465\" \/><\/a><\/p>\n<p><em><strong>El PAMI, a trav\u00e9s de las gestiones de su director local -el concejal del Frente Mercedino para la Victoria Mat\u00edas Dematei-, y la trabajadora social Marcela Larribau, ya comenz\u00f3 a organizar actividades en el Centro de Jubilados del Barrio San Jos\u00e9.<\/strong><\/em><\/p>\n<p>\u201cHace tiempo que venimos trabajando con los diferentes centros de jubilados y pensionados de Mercedes y ahora pudimos incluir al del barrio San Jos\u00e9 en el cronograma de actividades que se desarrollan desde el PAMI \u2013explic\u00f3 Dematei-. Nos pone contentos y orgullosos esta posibilidad de llegar cada d\u00eda a m\u00e1s abuelos de nuestra ciudad\u201d.<\/p>\n<p>El centro de jubilados del San Jos\u00e9 est\u00e1 ubicado en la calle 50, entre 21 y 23, y por el momento las actividades que ofrecer\u00e1n los especialistas del PAMI ser\u00e1n enfermer\u00eda, pedicur\u00eda y masoterapia. \u201cCon el tiempo vamos a ir sumando actividades, servicios y distintos talleres\u201d, agreg\u00f3 el concejal de la agrupaci\u00f3n que conduce \u2019Juani\u2019 Ustarroz<\/p>\n<p>\u201cPara lograr esto fue muy importante el esfuerzo que hicieron todos los integrantes de la Comisi\u00f3n Directiva del centro de jubilados, que fue inaugurado hace un tiempo pero que todav\u00eda no estaba dentro de los que reciben nuestras actividades \u2013cont\u00f3 Dematei-. Como nos indica la experiencia, va a ser de mucha utilidad para los abuelos del barrio\u201d.<\/p>\n<p>El director del PAMI record\u00f3 adem\u00e1s que \u201clos afiliados al PAMI est\u00e1n exentos de todo pago adicional en consultas m\u00e9dicas y prestaciones como radiograf\u00edas, an\u00e1lisis cl\u00ednicos o intervenciones quir\u00fargicas, para dar tres ejemplos, y que ante cualquier duda pueden asistir a nuestra sede de 16 y 25, llamar al tel\u00e9fono 420169 o realizar cualquier tipo de denuncias al 138 (PAMI Escucha)\u201d.<\/p>\n<p>\u201cPara evitar este tipo de especulaciones y para garantizar que se cumplan todos los derechos de los afiliados tambi\u00e9n son muy \u00fatiles estos convenios con los centros de jubilados, porque vamos a armar un programa de visitas para ofrecer asesoramiento, informaci\u00f3n y responder toda clase de inquietudes\u201d, concluy\u00f3 Dematei.<\/p>\n<p><span style=\"color: #888888;\">Fuente: FMPV<\/span><\/p>\n","protected":false},"excerpt":{"rendered":"<p>El PAMI, a trav\u00e9s de las gestiones de su director local -el concejal del Frente Mercedino para la Victoria Mat\u00edas &#8230; <a title=\"PAMI presente en el barrio San Jos\u00e9 en Centro de Actividades\" class=\"read-more\" href=\"https:\/\/www.hoymercedes.com.ar\/principal\/2014\/03\/19\/pami-presente-en-el-barrio-san-jose-en-centro-de-actividades\/\" aria-label=\"Leer m\u00e1s sobre PAMI presente en el barrio San Jos\u00e9 en Centro de Actividades\">Leer m\u00e1s<\/a><\/p>\n","protected":false},"author":1,"featured_media":0,"comment_status":"open","ping_status":"open","sticky":false,"template":"","format":"standard","meta":{"_monsterinsights_skip_tracking":false,"_monsterinsights_sitenote_active":false,"_monsterinsights_sitenote_note":"","_monsterinsights_sitenote_category":0,"jetpack_post_was_ever_published":false,"_jetpack_newsletter_access":"","_jetpack_dont_email_post_to_subs":false,"_jetpack_newsletter_tier_id":0,"_jetpack_memberships_contains_paywalled_content":false,"_jetpack_memberships_contains_paid_content":false,"footnotes":"","jetpack_publicize_message":"","jetpack_publicize_feature_enabled":true,"jetpack_social_post_already_shared":false,"jetpack_social_options":{"image_generator_settings":{"template":"highway","default_image_id":0,"font":"","enabled":false},"version":2},"_wpas_customize_per_network":false},"categories":[8],"tags":[1868,3810,500],"class_list":["post-30943","post","type-post","status-publish","format-standard","hentry","category-sociedad","tag-barrio-san-jose","tag-matias-dematei","tag-pami-mercedes","generate-columns","tablet-grid-50","mobile-grid-100","grid-parent","grid-50"],"jetpack_publicize_connections":[],"jetpack_featured_media_url":"","wps_subtitle":"Para todos los abuelos ","jetpack_sharing_enabled":true,"_links":{"self":[{"href":"https:\/\/www.hoymercedes.com.ar\/principal\/wp-json\/wp\/v2\/posts\/30943","targetHints":{"allow":["GET"]}}],"collection":[{"href":"https:\/\/www.hoymercedes.com.ar\/principal\/wp-json\/wp\/v2\/posts"}],"about":[{"href":"https:\/\/www.hoymercedes.com.ar\/principal\/wp-json\/wp\/v2\/types\/post"}],"author":[{"embeddable":true,"href":"https:\/\/www.hoymercedes.com.ar\/principal\/wp-json\/wp\/v2\/users\/1"}],"replies":[{"embeddable":true,"href":"https:\/\/www.hoymercedes.com.ar\/principal\/wp-json\/wp\/v2\/comments?post=30943"}],"version-history":[{"count":0,"href":"https:\/\/www.hoymercedes.com.ar\/principal\/wp-json\/wp\/v2\/posts\/30943\/revisions"}],"wp:attachment":[{"href":"https:\/\/www.hoymercedes.com.ar\/principal\/wp-json\/wp\/v2\/media?parent=30943"}],"wp:term":[{"taxonomy":"category","embeddable":true,"href":"https:\/\/www.hoymercedes.com.ar\/principal\/wp-json\/wp\/v2\/categories?post=30943"},{"taxonomy":"post_tag","embeddable":true,"href":"https:\/\/www.hoymercedes.com.ar\/principal\/wp-json\/wp\/v2\/tags?post=30943"}],"curies":[{"name":"wp","href":"https:\/\/api.w.org\/{rel}","templated":true}]}}