{"id":30949,"date":"2014-03-20T02:27:21","date_gmt":"2014-03-20T02:27:21","guid":{"rendered":"http:\/\/www.hoymercedes.com.ar\/principal\/?p=30949"},"modified":"2014-03-20T02:27:21","modified_gmt":"2014-03-20T02:27:21","slug":"unidad-y-lealtad-entregara-manuales-a-escuelas-rurales","status":"publish","type":"post","link":"https:\/\/www.hoymercedes.com.ar\/principal\/2014\/03\/20\/unidad-y-lealtad-entregara-manuales-a-escuelas-rurales\/","title":{"rendered":"Unidad y Lealtad entregar\u00e1 manuales a escuelas rurales"},"content":{"rendered":"<p><a href=\"https:\/\/www.hoymercedes.com.ar\/principal\/wp-content\/uploads\/2014\/03\/CAM01320.jpg\"><img loading=\"lazy\" decoding=\"async\" data-attachment-id=\"30955\" data-permalink=\"https:\/\/www.hoymercedes.com.ar\/principal\/2014\/03\/20\/unidad-y-lealtad-entregara-manuales-a-escuelas-rurales\/cam01320\/#main\" data-orig-file=\"https:\/\/www.hoymercedes.com.ar\/principal\/wp-content\/uploads\/2014\/03\/CAM01320.jpg\" data-orig-size=\"620,465\" data-comments-opened=\"1\" data-image-meta=\"{&quot;aperture&quot;:&quot;2.8&quot;,&quot;credit&quot;:&quot;&quot;,&quot;camera&quot;:&quot;LG-E451g&quot;,&quot;caption&quot;:&quot;&quot;,&quot;created_timestamp&quot;:&quot;1395229858&quot;,&quot;copyright&quot;:&quot;&quot;,&quot;focal_length&quot;:&quot;3.5&quot;,&quot;iso&quot;:&quot;249&quot;,&quot;shutter_speed&quot;:&quot;0.060007&quot;,&quot;title&quot;:&quot;&quot;}\" data-image-title=\"CAM01320\" data-image-description=\"\" data-image-caption=\"\" data-large-file=\"https:\/\/www.hoymercedes.com.ar\/principal\/wp-content\/uploads\/2014\/03\/CAM01320.jpg\" class=\"aligncenter size-full wp-image-30955\" alt=\"CAM01320\" src=\"https:\/\/www.hoymercedes.com.ar\/principal\/wp-content\/uploads\/2014\/03\/CAM01320.jpg\" width=\"620\" height=\"465\" \/><\/a><\/p>\n<p><em><strong>Durante la ma\u00f1ana de \u00e9ste mi\u00e9rcoles desde \u201cUnidad y Lealtad\u201d, la agrupaci\u00f3n pol\u00edtica que tiene como referente a Juan Carlos Ben\u00edtez efectuaron la presentaci\u00f3n de lo que ser\u00e1 la distribuci\u00f3n de materiales educativos en escuelas del \u00e1mbito rural. M\u00e1s de dos docenas de cajas con manuales estuvieron expuestos. Ben\u00edtez afirm\u00f3 que es el dinero que no usaron para la campa\u00f1a.<\/strong><\/em><\/p>\n<p>Al respecto, Juan Carlos Ben\u00edtez sostuvo: <i>\u201cNuestra agrupaci\u00f3n, Unidad y Lealtad, desde hace tiempo\u00a0 realiza reuniones, comidas, y recauda fondos que\u00a0 no se utilizaron en la campa\u00f1a, donde gastamos menos de lo provisto y decidimos invertirlo en elementos para el \u00a0\u00e1mbito educativo, que son manuales de segundo y tercer grado de educaci\u00f3n b\u00e1sica. Manuales que vamos a distribuir entre las escuelas rurales que son lugares donde la acci\u00f3n pol\u00edtica no llega muchas veces porque se elige los barrios m\u00e1s numerosos y de alg\u00fan modo decidimos que ese dinero no fuera a parar a cuestiones proselitistas y lo usamos en educaci\u00f3n.\u201d<\/i><\/p>\n<p><i>Respecto a si ten\u00edan ya un listado de instituciones coment\u00f3:\u201d<\/i>No hemos tenido ocasi\u00f3n a partir de la adquisici\u00f3n de los manuales de hablar con las autoridades educativas porque est\u00e1n las escuelas cerradas. La prioridad es la escuela rural. Todas las escuelas rurales que vamos a visitas.\u201d<\/p>\n<p>Finalmente, consultado por qu\u00e9 no lo hizo desde el Frente Renovador, desde donde comparte bancada en el Concejo Deliberante coment\u00f3: <i>\u201cPorque somos una agrupaci\u00f3n separada. Hemos ido electoralmente junto, pero no significa que nuestro agrupamiento desaparece.\u201d<\/i><\/p>\n","protected":false},"excerpt":{"rendered":"<p>Durante la ma\u00f1ana de \u00e9ste mi\u00e9rcoles desde \u201cUnidad y Lealtad\u201d, la agrupaci\u00f3n pol\u00edtica que tiene como referente a Juan Carlos &#8230; <a title=\"Unidad y Lealtad entregar\u00e1 manuales a escuelas rurales\" class=\"read-more\" href=\"https:\/\/www.hoymercedes.com.ar\/principal\/2014\/03\/20\/unidad-y-lealtad-entregara-manuales-a-escuelas-rurales\/\" aria-label=\"Leer m\u00e1s sobre Unidad y Lealtad entregar\u00e1 manuales a escuelas rurales\">Leer m\u00e1s<\/a><\/p>\n","protected":false},"author":1,"featured_media":0,"comment_status":"open","ping_status":"open","sticky":false,"template":"","format":"standard","meta":{"_monsterinsights_skip_tracking":false,"_monsterinsights_sitenote_active":false,"_monsterinsights_sitenote_note":"","_monsterinsights_sitenote_category":0,"jetpack_post_was_ever_published":false,"_jetpack_newsletter_access":"","_jetpack_dont_email_post_to_subs":false,"_jetpack_newsletter_tier_id":0,"_jetpack_memberships_contains_paywalled_content":false,"_jetpack_memberships_contains_paid_content":false,"footnotes":"","jetpack_publicize_message":"","jetpack_publicize_feature_enabled":true,"jetpack_social_post_already_shared":false,"jetpack_social_options":{"image_generator_settings":{"template":"highway","default_image_id":0,"font":"","enabled":false},"version":2},"_wpas_customize_per_network":false},"categories":[5],"tags":[313,129],"class_list":["post-30949","post","type-post","status-publish","format-standard","hentry","category-politica","tag-juan-carlos-benitez","tag-unidad-y-lealtad","generate-columns","tablet-grid-50","mobile-grid-100","grid-parent","grid-50"],"jetpack_publicize_connections":[],"jetpack_featured_media_url":"","wps_subtitle":"Elementos educativos ","jetpack_sharing_enabled":true,"_links":{"self":[{"href":"https:\/\/www.hoymercedes.com.ar\/principal\/wp-json\/wp\/v2\/posts\/30949","targetHints":{"allow":["GET"]}}],"collection":[{"href":"https:\/\/www.hoymercedes.com.ar\/principal\/wp-json\/wp\/v2\/posts"}],"about":[{"href":"https:\/\/www.hoymercedes.com.ar\/principal\/wp-json\/wp\/v2\/types\/post"}],"author":[{"embeddable":true,"href":"https:\/\/www.hoymercedes.com.ar\/principal\/wp-json\/wp\/v2\/users\/1"}],"replies":[{"embeddable":true,"href":"https:\/\/www.hoymercedes.com.ar\/principal\/wp-json\/wp\/v2\/comments?post=30949"}],"version-history":[{"count":0,"href":"https:\/\/www.hoymercedes.com.ar\/principal\/wp-json\/wp\/v2\/posts\/30949\/revisions"}],"wp:attachment":[{"href":"https:\/\/www.hoymercedes.com.ar\/principal\/wp-json\/wp\/v2\/media?parent=30949"}],"wp:term":[{"taxonomy":"category","embeddable":true,"href":"https:\/\/www.hoymercedes.com.ar\/principal\/wp-json\/wp\/v2\/categories?post=30949"},{"taxonomy":"post_tag","embeddable":true,"href":"https:\/\/www.hoymercedes.com.ar\/principal\/wp-json\/wp\/v2\/tags?post=30949"}],"curies":[{"name":"wp","href":"https:\/\/api.w.org\/{rel}","templated":true}]}}