{"id":30970,"date":"2014-03-21T00:45:23","date_gmt":"2014-03-21T00:45:23","guid":{"rendered":"http:\/\/www.hoymercedes.com.ar\/principal\/?p=30970"},"modified":"2014-03-21T00:45:23","modified_gmt":"2014-03-21T00:45:23","slug":"anses-y-pami-dieron-charla-sobre-tarjeta-argenta","status":"publish","type":"post","link":"https:\/\/www.hoymercedes.com.ar\/principal\/2014\/03\/21\/anses-y-pami-dieron-charla-sobre-tarjeta-argenta\/","title":{"rendered":"Anses y PAMI dieron charla sobre Tarjeta Argenta"},"content":{"rendered":"<p><a href=\"https:\/\/www.hoymercedes.com.ar\/principal\/wp-content\/uploads\/2014\/03\/argenta.jpg\"><img loading=\"lazy\" decoding=\"async\" data-attachment-id=\"30972\" data-permalink=\"https:\/\/www.hoymercedes.com.ar\/principal\/2014\/03\/21\/anses-y-pami-dieron-charla-sobre-tarjeta-argenta\/argenta\/#main\" data-orig-file=\"https:\/\/www.hoymercedes.com.ar\/principal\/wp-content\/uploads\/2014\/03\/argenta.jpg\" data-orig-size=\"620,349\" data-comments-opened=\"1\" data-image-meta=\"{&quot;aperture&quot;:&quot;0.68&quot;,&quot;credit&quot;:&quot;&quot;,&quot;camera&quot;:&quot;GT-I9300&quot;,&quot;caption&quot;:&quot;&quot;,&quot;created_timestamp&quot;:&quot;0&quot;,&quot;copyright&quot;:&quot;&quot;,&quot;focal_length&quot;:&quot;3.7&quot;,&quot;iso&quot;:&quot;0&quot;,&quot;shutter_speed&quot;:&quot;0&quot;,&quot;title&quot;:&quot;&quot;}\" data-image-title=\"argenta\" data-image-description=\"\" data-image-caption=\"\" data-large-file=\"https:\/\/www.hoymercedes.com.ar\/principal\/wp-content\/uploads\/2014\/03\/argenta.jpg\" class=\"aligncenter size-full wp-image-30972\" alt=\"argenta\" src=\"https:\/\/www.hoymercedes.com.ar\/principal\/wp-content\/uploads\/2014\/03\/argenta.jpg\" width=\"620\" height=\"349\" \/><\/a><\/p>\n<p><em><strong>M\u00e1s de 150 jubilados de Mercedes recibieron una capacitaci\u00f3n para el uso de cajeros autom\u00e1ticos y una charla informativa sobre los beneficios y posibilidades de la tarjeta Argenta, en un encuentro en el restaurante El Establo propiciado por la ANSES y el PAMI<\/strong><\/em>.<\/p>\n<p>El acto, al que fueron invitados los centros de jubilados de la ciudad, estuvo encabezado por el gerente regional de ANSES y presidente del bloque de concejales del Frente Mercedino para al Victoria, Juan Ignacio Ustarroz; el jefe de la UDAI local, Fernando San Pedro; y el director de la sede del PAMI y tambi\u00e9n edil del FMPV, Mat\u00edas Dematei.<\/p>\n<p>\u201cDesde la ANSES estamos permanentemente certificando que la informaci\u00f3n de los servicios que se brindan lleguen a los beneficiarios, por eso hicimos este encuentro con los centros de jubilados y estamos muy contentos con la cantidad de vecinos que vinieron para conocer las posibilidades de la tarjeta Argenta\u201d, explic\u00f3 Juani Ustarroz.<\/p>\n<p>Adem\u00e1s de los comercios de Mercedes que ya est\u00e1n adheridos al programa de Argenta \u2013que incluye cuotas, descuentos y promociones en distintos rubros-, Ustarroz, San Pedro y Dematei informaron sobre la posibilidad del retiro de efectivo en los cajeros autom\u00e1ticos.<\/p>\n<p>\u201cArgenta tiene m\u00faltiples privilegios y entre ellos est\u00e1 el del adelanto en efectivo a trav\u00e9s de los cajeros \u2013dijo, a su turno, San Pedro-. Por eso ofrecimos una capacitaci\u00f3n justamente sobre el uso de los cajeros autom\u00e1ticos, algo que nos ped\u00edan los abuelos\u201d.<\/p>\n<p>Los asistentes exhibieron su satisfacci\u00f3n al retirarse del encuentro en El Establo (esquina de calles 14 y 21). \u201cYo ya tengo la tarjeta y le doy mucho uso \u2013cont\u00f3 Mar\u00eda, del centro de jubilados Renacer-, pero muchos de los que vinieron no la tienen y est\u00e1 muy bien que sepan c\u00f3mo sacarla y que las explicaciones y todas las informaciones las den los que saben. Porque siempre hay alguna duda o alguna pregunta para hacer\u201d.<\/p>\n<p>En Mercedes, son m\u00e1s de 50 los comercios adheridos a la tarjeta Argenta. Para conocer la n\u00f3mina completa de locales, se puede consultar a trav\u00e9s de internet (la web es\u00a0<a href=\"http:\/\/argenta.anses.gob.ar\/\" target=\"_blank\" rel=\"noopener\">argenta.anses.gob.ar<\/a>) o directamente en la UDAI local, en la avenida 29 y calle 34.<\/p>\n<p>Los jubilados tambi\u00e9n recibieron informaci\u00f3n sobre los m\u00faltiples servicios que brinda el PAMI, entre ellos los viajes previstos para este a\u00f1o, y Mat\u00edas Dematei les record\u00f3 que \u201clos afiliados est\u00e1n exentos de todo pago adicional en consultas m\u00e9dicas y prestaciones como radiograf\u00edas, an\u00e1lisis cl\u00ednicos o intervenciones quir\u00fargicas\u201d.<\/p>\n<p><span style=\"color: #888888;\">Fuente: Frente Mercedino<\/span><\/p>\n","protected":false},"excerpt":{"rendered":"<p>M\u00e1s de 150 jubilados de Mercedes recibieron una capacitaci\u00f3n para el uso de cajeros autom\u00e1ticos y una charla informativa sobre &#8230; <a title=\"Anses y PAMI dieron charla sobre Tarjeta Argenta\" class=\"read-more\" href=\"https:\/\/www.hoymercedes.com.ar\/principal\/2014\/03\/21\/anses-y-pami-dieron-charla-sobre-tarjeta-argenta\/\" aria-label=\"Leer m\u00e1s sobre Anses y PAMI dieron charla sobre Tarjeta Argenta\">Leer m\u00e1s<\/a><\/p>\n","protected":false},"author":1,"featured_media":0,"comment_status":"open","ping_status":"open","sticky":false,"template":"","format":"standard","meta":{"_monsterinsights_skip_tracking":false,"_monsterinsights_sitenote_active":false,"_monsterinsights_sitenote_note":"","_monsterinsights_sitenote_category":0,"jetpack_post_was_ever_published":false,"_jetpack_newsletter_access":"","_jetpack_dont_email_post_to_subs":false,"_jetpack_newsletter_tier_id":0,"_jetpack_memberships_contains_paywalled_content":false,"_jetpack_memberships_contains_paid_content":false,"footnotes":"","jetpack_publicize_message":"","jetpack_publicize_feature_enabled":true,"jetpack_social_post_already_shared":false,"jetpack_social_options":{"image_generator_settings":{"template":"highway","default_image_id":0,"font":"","enabled":false},"version":2},"_wpas_customize_per_network":false},"categories":[5],"tags":[35,585,3810,500],"class_list":["post-30970","post","type-post","status-publish","format-standard","hentry","category-politica","tag-anses-mercedes","tag-juan-ustarroz","tag-matias-dematei","tag-pami-mercedes","generate-columns","tablet-grid-50","mobile-grid-100","grid-parent","grid-50"],"jetpack_publicize_connections":[],"jetpack_featured_media_url":"","wps_subtitle":"Beneficios sociales del Estado Nacional ","jetpack_sharing_enabled":true,"_links":{"self":[{"href":"https:\/\/www.hoymercedes.com.ar\/principal\/wp-json\/wp\/v2\/posts\/30970","targetHints":{"allow":["GET"]}}],"collection":[{"href":"https:\/\/www.hoymercedes.com.ar\/principal\/wp-json\/wp\/v2\/posts"}],"about":[{"href":"https:\/\/www.hoymercedes.com.ar\/principal\/wp-json\/wp\/v2\/types\/post"}],"author":[{"embeddable":true,"href":"https:\/\/www.hoymercedes.com.ar\/principal\/wp-json\/wp\/v2\/users\/1"}],"replies":[{"embeddable":true,"href":"https:\/\/www.hoymercedes.com.ar\/principal\/wp-json\/wp\/v2\/comments?post=30970"}],"version-history":[{"count":0,"href":"https:\/\/www.hoymercedes.com.ar\/principal\/wp-json\/wp\/v2\/posts\/30970\/revisions"}],"wp:attachment":[{"href":"https:\/\/www.hoymercedes.com.ar\/principal\/wp-json\/wp\/v2\/media?parent=30970"}],"wp:term":[{"taxonomy":"category","embeddable":true,"href":"https:\/\/www.hoymercedes.com.ar\/principal\/wp-json\/wp\/v2\/categories?post=30970"},{"taxonomy":"post_tag","embeddable":true,"href":"https:\/\/www.hoymercedes.com.ar\/principal\/wp-json\/wp\/v2\/tags?post=30970"}],"curies":[{"name":"wp","href":"https:\/\/api.w.org\/{rel}","templated":true}]}}