{"id":30976,"date":"2014-03-21T01:05:04","date_gmt":"2014-03-21T01:05:04","guid":{"rendered":"http:\/\/www.hoymercedes.com.ar\/principal\/?p=30976"},"modified":"2014-03-21T01:05:04","modified_gmt":"2014-03-21T01:05:04","slug":"selva-continua-recorriendo-la-provincia-ahora-chacabuco-tierra-de-dominguez","status":"publish","type":"post","link":"https:\/\/www.hoymercedes.com.ar\/principal\/2014\/03\/21\/selva-continua-recorriendo-la-provincia-ahora-chacabuco-tierra-de-dominguez\/","title":{"rendered":"Selva contin\u00faa recorriendo la provincia: ahora Chacabuco, tierra de Dominguez."},"content":{"rendered":"<p><a href=\"https:\/\/www.hoymercedes.com.ar\/principal\/wp-content\/uploads\/2014\/03\/selva-chacabuco.1.jpg\"><img loading=\"lazy\" decoding=\"async\" data-attachment-id=\"30978\" data-permalink=\"https:\/\/www.hoymercedes.com.ar\/principal\/2014\/03\/21\/selva-continua-recorriendo-la-provincia-ahora-chacabuco-tierra-de-dominguez\/selva-chacabuco-1\/#main\" data-orig-file=\"https:\/\/www.hoymercedes.com.ar\/principal\/wp-content\/uploads\/2014\/03\/selva-chacabuco.1.jpg\" data-orig-size=\"620,413\" data-comments-opened=\"1\" data-image-meta=\"{&quot;aperture&quot;:&quot;0&quot;,&quot;credit&quot;:&quot;&quot;,&quot;camera&quot;:&quot;&quot;,&quot;caption&quot;:&quot;&quot;,&quot;created_timestamp&quot;:&quot;0&quot;,&quot;copyright&quot;:&quot;&quot;,&quot;focal_length&quot;:&quot;0&quot;,&quot;iso&quot;:&quot;0&quot;,&quot;shutter_speed&quot;:&quot;0&quot;,&quot;title&quot;:&quot;&quot;}\" data-image-title=\"selva-chacabuco.1\" data-image-description=\"\" data-image-caption=\"\" data-large-file=\"https:\/\/www.hoymercedes.com.ar\/principal\/wp-content\/uploads\/2014\/03\/selva-chacabuco.1.jpg\" class=\"aligncenter size-full wp-image-30978\" alt=\"selva-chacabuco.1\" src=\"https:\/\/www.hoymercedes.com.ar\/principal\/wp-content\/uploads\/2014\/03\/selva-chacabuco.1.jpg\" width=\"620\" height=\"413\" \/><\/a><\/p>\n<p><em><strong>El intendente Carlos Selva junt\u00f3 a dirigentes y concejales de la Cuarta Secci\u00f3n Electoral en la localidad de Chacabuco promoviendo el armado regional del Frente Renovador.<\/strong><\/em><\/p>\n<p>El primer mandatario mercedino fue recibido en Chacabuco por los concejales locales del Frente Renovador Hugo Moro y Aldo Iglesias, quienes hab\u00edan convocado a dirigentes de diferentes distritos de la Cuarta Secci\u00f3n Electoral. Concejales, referentes y dirigentes de Alem, Viamonte, Jun\u00edn, Lincoln, Bragado, Alberti, Chivilcoy, Carlos Casares y la adhesi\u00f3n de otros que no pudieron llegar desde 9 de julio, Pehuaj\u00f3, Ameghino, Rivadavia y Trenque Lauquen, se reunieron con Carlos Selva.<\/p>\n<p><img loading=\"lazy\" decoding=\"async\" data-attachment-id=\"30980\" data-permalink=\"https:\/\/www.hoymercedes.com.ar\/principal\/2014\/03\/21\/selva-continua-recorriendo-la-provincia-ahora-chacabuco-tierra-de-dominguez\/selva-chacabuco-3\/#main\" data-orig-file=\"https:\/\/www.hoymercedes.com.ar\/principal\/wp-content\/uploads\/2014\/03\/selva-chacabuco.3.jpg\" data-orig-size=\"620,413\" data-comments-opened=\"1\" data-image-meta=\"{&quot;aperture&quot;:&quot;0&quot;,&quot;credit&quot;:&quot;&quot;,&quot;camera&quot;:&quot;&quot;,&quot;caption&quot;:&quot;&quot;,&quot;created_timestamp&quot;:&quot;0&quot;,&quot;copyright&quot;:&quot;&quot;,&quot;focal_length&quot;:&quot;0&quot;,&quot;iso&quot;:&quot;0&quot;,&quot;shutter_speed&quot;:&quot;0&quot;,&quot;title&quot;:&quot;&quot;}\" data-image-title=\"selva-chacabuco.3\" data-image-description=\"\" data-image-caption=\"\" data-large-file=\"https:\/\/www.hoymercedes.com.ar\/principal\/wp-content\/uploads\/2014\/03\/selva-chacabuco.3.jpg\" class=\"aligncenter size-full wp-image-30980\" alt=\"selva-chacabuco.3\" src=\"https:\/\/www.hoymercedes.com.ar\/principal\/wp-content\/uploads\/2014\/03\/selva-chacabuco.3.jpg\" width=\"620\" height=\"413\" \/><\/p>\n<p>\u201cLa reuni\u00f3n fue muy positiva y con mucha participaci\u00f3n de distintos distritos. Trabajamos sobre la necesidad de articular estrategias regionales para llegar de mejor manera a la gente en las localidades de la Cuarta. Adem\u00e1s nos plantearon la necesidad de reunirse con concejales de otras secciones para trabajar problem\u00e1ticas en com\u00fan de los municipios. Sobre esta cuesti\u00f3n ya estamos trabajando y Massa tomar\u00e1 alguna determinaci\u00f3n en breve\u201d, dijo el intendente mercedino.<\/p>\n<p><a href=\"https:\/\/www.hoymercedes.com.ar\/principal\/wp-content\/uploads\/2014\/03\/selva-chacabuco.2.jpg\"><img loading=\"lazy\" decoding=\"async\" data-attachment-id=\"30979\" data-permalink=\"https:\/\/www.hoymercedes.com.ar\/principal\/2014\/03\/21\/selva-continua-recorriendo-la-provincia-ahora-chacabuco-tierra-de-dominguez\/selva-chacabuco-2\/#main\" data-orig-file=\"https:\/\/www.hoymercedes.com.ar\/principal\/wp-content\/uploads\/2014\/03\/selva-chacabuco.2.jpg\" data-orig-size=\"620,413\" data-comments-opened=\"1\" data-image-meta=\"{&quot;aperture&quot;:&quot;0&quot;,&quot;credit&quot;:&quot;&quot;,&quot;camera&quot;:&quot;&quot;,&quot;caption&quot;:&quot;&quot;,&quot;created_timestamp&quot;:&quot;0&quot;,&quot;copyright&quot;:&quot;&quot;,&quot;focal_length&quot;:&quot;0&quot;,&quot;iso&quot;:&quot;0&quot;,&quot;shutter_speed&quot;:&quot;0&quot;,&quot;title&quot;:&quot;&quot;}\" data-image-title=\"selva-chacabuco.2\" data-image-description=\"\" data-image-caption=\"\" data-large-file=\"https:\/\/www.hoymercedes.com.ar\/principal\/wp-content\/uploads\/2014\/03\/selva-chacabuco.2.jpg\" class=\"aligncenter size-full wp-image-30979\" alt=\"selva-chacabuco.2\" src=\"https:\/\/www.hoymercedes.com.ar\/principal\/wp-content\/uploads\/2014\/03\/selva-chacabuco.2.jpg\" width=\"620\" height=\"413\" \/><\/a><\/p>\n<p><span style=\"color: #0000ee;\"><span style=\"text-decoration: underline;\">\u00a0<\/span><\/span><\/p>\n<p>La reuni\u00f3n se desarroll\u00f3 en el centro de la ciudad de Chacabuco y tambi\u00e9n se habl\u00f3 de c\u00f3mo marcha la campa\u00f1a de junta de firmas contra la reforma al c\u00f3digo penal. \u201cVenimos muy bien con esta campa\u00f1a en los diferentes municipios\u201d, dijo Selva.<\/p>\n<p>Fuente: Frente Renovador<\/p>\n","protected":false},"excerpt":{"rendered":"<p>El intendente Carlos Selva junt\u00f3 a dirigentes y concejales de la Cuarta Secci\u00f3n Electoral en la localidad de Chacabuco promoviendo &#8230; <a title=\"Selva contin\u00faa recorriendo la provincia: ahora Chacabuco, tierra de Dominguez.\" class=\"read-more\" href=\"https:\/\/www.hoymercedes.com.ar\/principal\/2014\/03\/21\/selva-continua-recorriendo-la-provincia-ahora-chacabuco-tierra-de-dominguez\/\" aria-label=\"Leer m\u00e1s sobre Selva contin\u00faa recorriendo la provincia: ahora Chacabuco, tierra de Dominguez.\">Leer m\u00e1s<\/a><\/p>\n","protected":false},"author":1,"featured_media":0,"comment_status":"open","ping_status":"open","sticky":false,"template":"","format":"standard","meta":{"_monsterinsights_skip_tracking":false,"_monsterinsights_sitenote_active":false,"_monsterinsights_sitenote_note":"","_monsterinsights_sitenote_category":0,"jetpack_post_was_ever_published":false,"_jetpack_newsletter_access":"","_jetpack_dont_email_post_to_subs":false,"_jetpack_newsletter_tier_id":0,"_jetpack_memberships_contains_paywalled_content":false,"_jetpack_memberships_contains_paid_content":false,"footnotes":"","jetpack_publicize_message":"","jetpack_publicize_feature_enabled":true,"jetpack_social_post_already_shared":false,"jetpack_social_options":{"image_generator_settings":{"template":"highway","default_image_id":0,"font":"","enabled":false},"version":2},"_wpas_customize_per_network":false},"categories":[5],"tags":[39,3537,4879],"class_list":["post-30976","post","type-post","status-publish","format-standard","hentry","category-politica","tag-carlos-selva","tag-frente-renovador","tag-selva-en-chacabuco","generate-columns","tablet-grid-50","mobile-grid-100","grid-parent","grid-50"],"jetpack_publicize_connections":[],"jetpack_featured_media_url":"","wps_subtitle":"Caminando la provincia de Buenos Aires","jetpack_sharing_enabled":true,"_links":{"self":[{"href":"https:\/\/www.hoymercedes.com.ar\/principal\/wp-json\/wp\/v2\/posts\/30976","targetHints":{"allow":["GET"]}}],"collection":[{"href":"https:\/\/www.hoymercedes.com.ar\/principal\/wp-json\/wp\/v2\/posts"}],"about":[{"href":"https:\/\/www.hoymercedes.com.ar\/principal\/wp-json\/wp\/v2\/types\/post"}],"author":[{"embeddable":true,"href":"https:\/\/www.hoymercedes.com.ar\/principal\/wp-json\/wp\/v2\/users\/1"}],"replies":[{"embeddable":true,"href":"https:\/\/www.hoymercedes.com.ar\/principal\/wp-json\/wp\/v2\/comments?post=30976"}],"version-history":[{"count":0,"href":"https:\/\/www.hoymercedes.com.ar\/principal\/wp-json\/wp\/v2\/posts\/30976\/revisions"}],"wp:attachment":[{"href":"https:\/\/www.hoymercedes.com.ar\/principal\/wp-json\/wp\/v2\/media?parent=30976"}],"wp:term":[{"taxonomy":"category","embeddable":true,"href":"https:\/\/www.hoymercedes.com.ar\/principal\/wp-json\/wp\/v2\/categories?post=30976"},{"taxonomy":"post_tag","embeddable":true,"href":"https:\/\/www.hoymercedes.com.ar\/principal\/wp-json\/wp\/v2\/tags?post=30976"}],"curies":[{"name":"wp","href":"https:\/\/api.w.org\/{rel}","templated":true}]}}