{"id":30991,"date":"2014-03-21T02:39:28","date_gmt":"2014-03-21T02:39:28","guid":{"rendered":"http:\/\/www.hoymercedes.com.ar\/principal\/?p=30991"},"modified":"2014-03-21T02:41:03","modified_gmt":"2014-03-21T02:41:03","slug":"lunes-realizaran-acto-por-dia-de-la-memoria-la-verdad-y-la-justicia","status":"publish","type":"post","link":"https:\/\/www.hoymercedes.com.ar\/principal\/2014\/03\/21\/lunes-realizaran-acto-por-dia-de-la-memoria-la-verdad-y-la-justicia\/","title":{"rendered":"El lunes realizar\u00e1n acto por d\u00eda de la Memoria, la verdad y la justicia"},"content":{"rendered":"<figure id=\"attachment_30993\" aria-describedby=\"caption-attachment-30993\" style=\"width: 610px\" class=\"wp-caption aligncenter\"><a href=\"https:\/\/www.hoymercedes.com.ar\/principal\/wp-content\/uploads\/2014\/03\/MilitaresPlazaSanMartin.jpg\"><img loading=\"lazy\" decoding=\"async\" data-attachment-id=\"30993\" data-permalink=\"https:\/\/www.hoymercedes.com.ar\/principal\/2014\/03\/21\/lunes-realizaran-acto-por-dia-de-la-memoria-la-verdad-y-la-justicia\/militaresplazasanmartin\/#main\" data-orig-file=\"https:\/\/www.hoymercedes.com.ar\/principal\/wp-content\/uploads\/2014\/03\/MilitaresPlazaSanMartin.jpg\" data-orig-size=\"620,372\" data-comments-opened=\"1\" data-image-meta=\"{&quot;aperture&quot;:&quot;0&quot;,&quot;credit&quot;:&quot;&quot;,&quot;camera&quot;:&quot;&quot;,&quot;caption&quot;:&quot;&quot;,&quot;created_timestamp&quot;:&quot;0&quot;,&quot;copyright&quot;:&quot;&quot;,&quot;focal_length&quot;:&quot;0&quot;,&quot;iso&quot;:&quot;0&quot;,&quot;shutter_speed&quot;:&quot;0&quot;,&quot;title&quot;:&quot;&quot;}\" data-image-title=\"MilitaresPlazaSanMartin\" data-image-description=\"\" data-image-caption=\"\" data-large-file=\"https:\/\/www.hoymercedes.com.ar\/principal\/wp-content\/uploads\/2014\/03\/MilitaresPlazaSanMartin.jpg\" class=\"size-full wp-image-30993\" alt=\"MilitaresPlazaSanMartin\" src=\"https:\/\/www.hoymercedes.com.ar\/principal\/wp-content\/uploads\/2014\/03\/MilitaresPlazaSanMartin.jpg\" width=\"620\" height=\"372\" \/><\/a><figcaption id=\"caption-attachment-30993\" class=\"wp-caption-text\">Foto: Archivo Museo Miguez<\/figcaption><\/figure>\n<p><em><strong>El pr\u00f3ximo lunes a las 10.30hs se llevar\u00e1 a cabo en la Plaza San Mart\u00edn un nuevo encuentro y acto por el aniversario del \u00faltimo golpe c\u00edvico militar que vivi\u00f3 nuestro pa\u00eds y que dej\u00f3 un saldo fatal en t\u00e9rminos humanos, pol\u00edticos, econ\u00f3micos y culturales y que cont\u00f3 con la complicidad de sectores del poder econ\u00f3mico, eclesi\u00e1stico y medi\u00e1tico.<\/strong><\/em><\/p>\n<p>El acto ser\u00e1 realizado durante la ma\u00f1ana del lunes 24 de marzo y est\u00e1 siendo organizado por integrantes de la \u201cComisi\u00f3n Municipal de la Memoria\u201d, siendo algunos de \u00e9stos v\u00edctimas, familiares y amigos de quienes padecieron el terrorismo de Estado.<\/p>\n<p>En el acto se prev\u00e9 un discurso, exposici\u00f3n de cuadros de las v\u00edctimas de nuestra ciudad y un momento con m\u00fasica en vivo.<\/p>\n","protected":false},"excerpt":{"rendered":"<p>El pr\u00f3ximo lunes a las 10.30hs se llevar\u00e1 a cabo en la Plaza San Mart\u00edn un nuevo encuentro y acto &#8230; <a title=\"El lunes realizar\u00e1n acto por d\u00eda de la Memoria, la verdad y la justicia\" class=\"read-more\" href=\"https:\/\/www.hoymercedes.com.ar\/principal\/2014\/03\/21\/lunes-realizaran-acto-por-dia-de-la-memoria-la-verdad-y-la-justicia\/\" aria-label=\"Leer m\u00e1s sobre El lunes realizar\u00e1n acto por d\u00eda de la Memoria, la verdad y la justicia\">Leer m\u00e1s<\/a><\/p>\n","protected":false},"author":1,"featured_media":0,"comment_status":"open","ping_status":"open","sticky":false,"template":"","format":"standard","meta":{"_monsterinsights_skip_tracking":false,"_monsterinsights_sitenote_active":false,"_monsterinsights_sitenote_note":"","_monsterinsights_sitenote_category":0,"jetpack_post_was_ever_published":false,"_jetpack_newsletter_access":"","_jetpack_dont_email_post_to_subs":false,"_jetpack_newsletter_tier_id":0,"_jetpack_memberships_contains_paywalled_content":false,"_jetpack_memberships_contains_paid_content":false,"footnotes":"","jetpack_publicize_message":"","jetpack_publicize_feature_enabled":true,"jetpack_social_post_already_shared":false,"jetpack_social_options":{"image_generator_settings":{"template":"highway","default_image_id":0,"font":"","enabled":false},"version":2},"_wpas_customize_per_network":false},"categories":[8],"tags":[41,4885,4884,4883],"class_list":["post-30991","post","type-post","status-publish","format-standard","hentry","category-sociedad","tag-comision-municipal-de-la-memoria","tag-dia-de-la-memoria-mercedes","tag-la-verdad-y-la-justicia","tag-lunes-realizaran-acto-por-dia-de-la-memoria","generate-columns","tablet-grid-50","mobile-grid-100","grid-parent","grid-50"],"jetpack_publicize_connections":[],"jetpack_featured_media_url":"","wps_subtitle":"Nunca m\u00e1s","jetpack_sharing_enabled":true,"_links":{"self":[{"href":"https:\/\/www.hoymercedes.com.ar\/principal\/wp-json\/wp\/v2\/posts\/30991","targetHints":{"allow":["GET"]}}],"collection":[{"href":"https:\/\/www.hoymercedes.com.ar\/principal\/wp-json\/wp\/v2\/posts"}],"about":[{"href":"https:\/\/www.hoymercedes.com.ar\/principal\/wp-json\/wp\/v2\/types\/post"}],"author":[{"embeddable":true,"href":"https:\/\/www.hoymercedes.com.ar\/principal\/wp-json\/wp\/v2\/users\/1"}],"replies":[{"embeddable":true,"href":"https:\/\/www.hoymercedes.com.ar\/principal\/wp-json\/wp\/v2\/comments?post=30991"}],"version-history":[{"count":0,"href":"https:\/\/www.hoymercedes.com.ar\/principal\/wp-json\/wp\/v2\/posts\/30991\/revisions"}],"wp:attachment":[{"href":"https:\/\/www.hoymercedes.com.ar\/principal\/wp-json\/wp\/v2\/media?parent=30991"}],"wp:term":[{"taxonomy":"category","embeddable":true,"href":"https:\/\/www.hoymercedes.com.ar\/principal\/wp-json\/wp\/v2\/categories?post=30991"},{"taxonomy":"post_tag","embeddable":true,"href":"https:\/\/www.hoymercedes.com.ar\/principal\/wp-json\/wp\/v2\/tags?post=30991"}],"curies":[{"name":"wp","href":"https:\/\/api.w.org\/{rel}","templated":true}]}}