{"id":31007,"date":"2014-03-21T23:20:39","date_gmt":"2014-03-21T23:20:39","guid":{"rendered":"http:\/\/www.hoymercedes.com.ar\/principal\/?p=31007"},"modified":"2014-03-21T23:20:39","modified_gmt":"2014-03-21T23:20:39","slug":"selva-orador-en-pilar-contra-proyecto-nuevo-codigo-penal","status":"publish","type":"post","link":"https:\/\/www.hoymercedes.com.ar\/principal\/2014\/03\/21\/selva-orador-en-pilar-contra-proyecto-nuevo-codigo-penal\/","title":{"rendered":"Selva orador en Pilar contra proyecto nuevo C\u00f3digo Penal"},"content":{"rendered":"<p><a href=\"https:\/\/www.hoymercedes.com.ar\/principal\/wp-content\/uploads\/2014\/03\/SelvaPirlar.jpg\"><img loading=\"lazy\" decoding=\"async\" data-attachment-id=\"31009\" data-permalink=\"https:\/\/www.hoymercedes.com.ar\/principal\/2014\/03\/21\/selva-orador-en-pilar-contra-proyecto-nuevo-codigo-penal\/selvapirlar\/#main\" data-orig-file=\"https:\/\/www.hoymercedes.com.ar\/principal\/wp-content\/uploads\/2014\/03\/SelvaPirlar.jpg\" data-orig-size=\"620,411\" data-comments-opened=\"1\" data-image-meta=\"{&quot;aperture&quot;:&quot;0&quot;,&quot;credit&quot;:&quot;&quot;,&quot;camera&quot;:&quot;&quot;,&quot;caption&quot;:&quot;&quot;,&quot;created_timestamp&quot;:&quot;0&quot;,&quot;copyright&quot;:&quot;&quot;,&quot;focal_length&quot;:&quot;0&quot;,&quot;iso&quot;:&quot;0&quot;,&quot;shutter_speed&quot;:&quot;0&quot;,&quot;title&quot;:&quot;&quot;}\" data-image-title=\"SelvaPirlar\" data-image-description=\"\" data-image-caption=\"\" data-large-file=\"https:\/\/www.hoymercedes.com.ar\/principal\/wp-content\/uploads\/2014\/03\/SelvaPirlar.jpg\" class=\"aligncenter size-full wp-image-31009\" alt=\"SelvaPirlar\" src=\"https:\/\/www.hoymercedes.com.ar\/principal\/wp-content\/uploads\/2014\/03\/SelvaPirlar.jpg\" width=\"620\" height=\"411\" \/><\/a><\/p>\n<p><strong><em>El intendente de Mercedes Carlos Selva acompa\u00f1\u00f3 a su par de Pilar Humberto Z\u00faccaro en la presentaci\u00f3n en esa ciudad de la campa\u00f1a de firmas en contra de la reforma del c\u00f3digo penal.<\/em><\/strong><\/p>\n<p>El intendente Humberto Z\u00faccaro lanz\u00f3 en la tarde de este jueves, ante unas 800 personas, la campa\u00f1a local para reunir firmas que buscan frenar el proyecto del nuevo c\u00f3digo penal.<\/p>\n<p>Acompa\u00f1\u00f3 a Z\u00faccaro y adem\u00e1s fue uno de los oradores del evento el intendente mercedino Carlos Selva. Tambi\u00e9n fueron de la partida Jes\u00fas Cariglino (Malvinas Argentinas), Carlos Puglielli (San Andr\u00e9s de Giles), el diputado nacional Sandro Guzm\u00e1n y los senadores provinciales Jorge D&#8217;Onofrio y Roque Cariglino.<\/p>\n<p><img loading=\"lazy\" decoding=\"async\" data-attachment-id=\"31010\" data-permalink=\"https:\/\/www.hoymercedes.com.ar\/principal\/2014\/03\/21\/selva-orador-en-pilar-contra-proyecto-nuevo-codigo-penal\/selvapirlar2\/#main\" data-orig-file=\"https:\/\/www.hoymercedes.com.ar\/principal\/wp-content\/uploads\/2014\/03\/SelvaPirlar2.jpg\" data-orig-size=\"620,386\" data-comments-opened=\"1\" data-image-meta=\"{&quot;aperture&quot;:&quot;0&quot;,&quot;credit&quot;:&quot;&quot;,&quot;camera&quot;:&quot;&quot;,&quot;caption&quot;:&quot;&quot;,&quot;created_timestamp&quot;:&quot;0&quot;,&quot;copyright&quot;:&quot;&quot;,&quot;focal_length&quot;:&quot;0&quot;,&quot;iso&quot;:&quot;0&quot;,&quot;shutter_speed&quot;:&quot;0&quot;,&quot;title&quot;:&quot;&quot;}\" data-image-title=\"SelvaPirlar2\" data-image-description=\"\" data-image-caption=\"\" data-large-file=\"https:\/\/www.hoymercedes.com.ar\/principal\/wp-content\/uploads\/2014\/03\/SelvaPirlar2.jpg\" class=\"aligncenter size-full wp-image-31010\" alt=\"SelvaPirlar2\" src=\"https:\/\/www.hoymercedes.com.ar\/principal\/wp-content\/uploads\/2014\/03\/SelvaPirlar2.jpg\" width=\"620\" height=\"386\" \/><\/p>\n<p>Durante la presentaci\u00f3n, en un evento que se desarroll\u00f3 en el Club Pe\u00f1arol, el primer mandatario local dej\u00f3 en claro su adhesi\u00f3n al massismo y se mostr\u00f3 muy duro con el gobierno provincial y su conductor, Daniel Scioli.<\/p>\n<p>\u201c\u00bfDe qu\u00e9 lado va a estar, del lado de la gente o de los delincuentes? Que ponga lo que hay que poner\u201d, dispar\u00f3 el mandatario de Pilar en referencia al gobernador.<\/p>\n<p>Adem\u00e1s, sostuvo: \u201cFalta un a\u00f1o y medio para el 2015; \u00bfes necesario hablar de candidaturas o es mejor trabajar para la gente que nos dio el respaldo popular?\u201d.<\/p>\n<p>Adem\u00e1s, tambi\u00e9n descarg\u00f3 artiller\u00eda contra Scioli, quien hoy es uno de los dirigentes que le puede hacer fuerza a Sergio Massa en la carrera presidencial, en lo que se refiere al conflicto docente.<\/p>\n<p>\u201cHay que ser responsable. Nosotros como intendentes fuimos responsables con el presupuesto, y supimos dar un aumento a nuestros trabajadores. Pero cuando una gesti\u00f3n no se dedica a trabajar y es inoperante pasan estas cosas\u201d, atac\u00f3 Z\u00faccaro.<\/p>\n<p><span style=\"color: #888888;\">Fuente: Frente Renovador<\/span><\/p>\n","protected":false},"excerpt":{"rendered":"<p>El intendente de Mercedes Carlos Selva acompa\u00f1\u00f3 a su par de Pilar Humberto Z\u00faccaro en la presentaci\u00f3n en esa ciudad &#8230; <a title=\"Selva orador en Pilar contra proyecto nuevo C\u00f3digo Penal\" class=\"read-more\" href=\"https:\/\/www.hoymercedes.com.ar\/principal\/2014\/03\/21\/selva-orador-en-pilar-contra-proyecto-nuevo-codigo-penal\/\" aria-label=\"Leer m\u00e1s sobre Selva orador en Pilar contra proyecto nuevo C\u00f3digo Penal\">Leer m\u00e1s<\/a><\/p>\n","protected":false},"author":1,"featured_media":0,"comment_status":"open","ping_status":"open","sticky":false,"template":"","format":"standard","meta":{"_monsterinsights_skip_tracking":false,"_monsterinsights_sitenote_active":false,"_monsterinsights_sitenote_note":"","_monsterinsights_sitenote_category":0,"jetpack_post_was_ever_published":false,"_jetpack_newsletter_access":"","_jetpack_dont_email_post_to_subs":false,"_jetpack_newsletter_tier_id":0,"_jetpack_memberships_contains_paywalled_content":false,"_jetpack_memberships_contains_paid_content":false,"footnotes":"","jetpack_publicize_message":"","jetpack_publicize_feature_enabled":true,"jetpack_social_post_already_shared":false,"jetpack_social_options":{"image_generator_settings":{"template":"highway","default_image_id":0,"font":"","enabled":false},"version":2},"_wpas_customize_per_network":false},"categories":[5],"tags":[39,4889,4888,4887],"class_list":["post-31007","post","type-post","status-publish","format-standard","hentry","category-politica","tag-carlos-selva","tag-no-codigo-penal","tag-pilar","tag-selva-orador-en-pilar-contra-proyecto-nuevo-codigo-penal","generate-columns","tablet-grid-50","mobile-grid-100","grid-parent","grid-50"],"jetpack_publicize_connections":[],"jetpack_featured_media_url":"","wps_subtitle":"Recorriendo la provincia","jetpack_sharing_enabled":true,"_links":{"self":[{"href":"https:\/\/www.hoymercedes.com.ar\/principal\/wp-json\/wp\/v2\/posts\/31007","targetHints":{"allow":["GET"]}}],"collection":[{"href":"https:\/\/www.hoymercedes.com.ar\/principal\/wp-json\/wp\/v2\/posts"}],"about":[{"href":"https:\/\/www.hoymercedes.com.ar\/principal\/wp-json\/wp\/v2\/types\/post"}],"author":[{"embeddable":true,"href":"https:\/\/www.hoymercedes.com.ar\/principal\/wp-json\/wp\/v2\/users\/1"}],"replies":[{"embeddable":true,"href":"https:\/\/www.hoymercedes.com.ar\/principal\/wp-json\/wp\/v2\/comments?post=31007"}],"version-history":[{"count":0,"href":"https:\/\/www.hoymercedes.com.ar\/principal\/wp-json\/wp\/v2\/posts\/31007\/revisions"}],"wp:attachment":[{"href":"https:\/\/www.hoymercedes.com.ar\/principal\/wp-json\/wp\/v2\/media?parent=31007"}],"wp:term":[{"taxonomy":"category","embeddable":true,"href":"https:\/\/www.hoymercedes.com.ar\/principal\/wp-json\/wp\/v2\/categories?post=31007"},{"taxonomy":"post_tag","embeddable":true,"href":"https:\/\/www.hoymercedes.com.ar\/principal\/wp-json\/wp\/v2\/tags?post=31007"}],"curies":[{"name":"wp","href":"https:\/\/api.w.org\/{rel}","templated":true}]}}