{"id":3104,"date":"2011-03-30T17:25:05","date_gmt":"2011-03-30T17:25:05","guid":{"rendered":"http:\/\/www.hoymercedes.com.ar\/principal\/?p=3104"},"modified":"2011-03-30T17:26:40","modified_gmt":"2011-03-30T17:26:40","slug":"movimiento-proyecto-sur-mercedes-junto-a-pino-solanas","status":"publish","type":"post","link":"https:\/\/www.hoymercedes.com.ar\/principal\/2011\/03\/30\/movimiento-proyecto-sur-mercedes-junto-a-pino-solanas\/","title":{"rendered":"Movimiento Proyecto Sur Mercedes junto a Pino Solanas"},"content":{"rendered":"<figure id=\"attachment_1893\" aria-describedby=\"caption-attachment-1893\" style=\"width: 188px\" class=\"wp-caption alignleft\"><a href=\"https:\/\/www.hoymercedes.com.ar\/principal\/wp-content\/uploads\/2011\/01\/logoproyectosur.gif\"><img loading=\"lazy\" decoding=\"async\" data-attachment-id=\"1893\" data-permalink=\"https:\/\/www.hoymercedes.com.ar\/principal\/2011\/01\/30\/proyecto-sur-mercedes-dice-no-a-la-baja-de-la-imputabilidad-a-menores\/logoproyectosur\/#main\" data-orig-file=\"https:\/\/www.hoymercedes.com.ar\/principal\/wp-content\/uploads\/2011\/01\/logoproyectosur.gif\" data-orig-size=\"283,283\" data-comments-opened=\"1\" data-image-meta=\"{&quot;aperture&quot;:&quot;0&quot;,&quot;credit&quot;:&quot;&quot;,&quot;camera&quot;:&quot;&quot;,&quot;caption&quot;:&quot;&quot;,&quot;created_timestamp&quot;:&quot;0&quot;,&quot;copyright&quot;:&quot;&quot;,&quot;focal_length&quot;:&quot;0&quot;,&quot;iso&quot;:&quot;0&quot;,&quot;shutter_speed&quot;:&quot;0&quot;,&quot;title&quot;:&quot;&quot;}\" data-image-title=\"logoproyectosur\" data-image-description=\"&lt;p&gt;Proyecto Sur&lt;\/p&gt;\n\" data-image-caption=\"&lt;p&gt;Proyecto Sur&lt;\/p&gt;\n\" data-large-file=\"https:\/\/www.hoymercedes.com.ar\/principal\/wp-content\/uploads\/2011\/01\/logoproyectosur.gif\" class=\"size-full wp-image-1893\" title=\"logoproyectosur\" src=\"https:\/\/www.hoymercedes.com.ar\/principal\/wp-content\/uploads\/2011\/01\/logoproyectosur.gif\" alt=\"\" width=\"198\" height=\"198\" \/><\/a><figcaption id=\"caption-attachment-1893\" class=\"wp-caption-text\">Proyecto Sur<\/figcaption><\/figure>\n<p>El pasado s\u00e1bado 26 de mazo, una comitiva de militantes mercedinos del Movimiento Proyecto Sur Mercedes (PS-PSA-PPSur) parti\u00f3 de la Casa del Pueblo hacia la vecina ciudad de Lujan para concurrir al acto desarrollado en un hotel c\u00e9ntrico de dicha ciudad, en el marco de la campa\u00f1a electoral del presente a\u00f1o, donde el precandidato presidencial y diputado nacional Fernando \u00abPino\u00bb Solanas realiz\u00f3 una conferencia tanto para la prensa como para los vecinos, quienes a traves de preguntas pudieron conocer de manera directa las propuesta que desde nuestro espacio venimos sosteniendo, para luego inaugurar el \u201cCentro Cultural de Proyecto Sur Luj\u00e1n\u00bb ante la presencia de 400 militantes y vecinos de la zona.<\/p>\n<p>Luego de una caminata por el centro de la ciudad donde tambi\u00e9n convers\u00f3 con gente de la zona, donde explic\u00f3 que Proyecto Sur  \u00abviene a terminar con el cinismo y la hipocres\u00eda de un pa\u00eds convertido en una bolsa de negocios\u00bb.<\/p>\n<p>\u00abProyecto Sur es un movimiento que est\u00e1 creciendo y se est\u00e1 constituyendo como una opci\u00f3n real y concreta al bipartidismo m\u00e1s all\u00e1 de los c\u00e1lculos electorales\u00bb, agreg\u00f3 Solanas.<\/p>\n<p>Solanas finaliz\u00f3 diciendo que \u00abnosotros somos los que el gobierno no pudo comprar, los que no olvidamos la historia. Somos los que no compramos el disfraz progresista de este gobierno.<\/p>\n<p>De la visita, adem\u00e1s de Solanas, participaron Vilma Ripoll (MST), el ex diputado nacional Mario Cafiero y Mario Mazzitelli (PSA).<\/p>\n<p>Una vez finalizado el acto, los mercedinos pudieron charlar a solas con Solanas, comprometiendose para una visita a nuestra ciudad en poco tiempo.-<\/p>\n<p>Fuente: Prensa Proyecto Sur Mercedes<\/p>\n","protected":false},"excerpt":{"rendered":"<p>El pasado s\u00e1bado 26 de mazo, una comitiva de militantes mercedinos del Movimiento Proyecto Sur Mercedes (PS-PSA-PPSur) parti\u00f3 de la &#8230; <a title=\"Movimiento Proyecto Sur Mercedes junto a Pino Solanas\" class=\"read-more\" href=\"https:\/\/www.hoymercedes.com.ar\/principal\/2011\/03\/30\/movimiento-proyecto-sur-mercedes-junto-a-pino-solanas\/\" aria-label=\"Leer m\u00e1s sobre Movimiento Proyecto Sur Mercedes junto a Pino Solanas\">Leer m\u00e1s<\/a><\/p>\n","protected":false},"author":1,"featured_media":0,"comment_status":"open","ping_status":"open","sticky":false,"template":"","format":"standard","meta":{"_monsterinsights_skip_tracking":false,"_monsterinsights_sitenote_active":false,"_monsterinsights_sitenote_note":"","_monsterinsights_sitenote_category":0,"jetpack_post_was_ever_published":false,"_jetpack_newsletter_access":"","_jetpack_dont_email_post_to_subs":false,"_jetpack_newsletter_tier_id":0,"_jetpack_memberships_contains_paywalled_content":false,"_jetpack_memberships_contains_paid_content":false,"footnotes":"","jetpack_publicize_message":"","jetpack_publicize_feature_enabled":true,"jetpack_social_post_already_shared":false,"jetpack_social_options":{"image_generator_settings":{"template":"highway","default_image_id":0,"font":"","enabled":false},"version":2},"_wpas_customize_per_network":false},"categories":[5],"tags":[109],"class_list":["post-3104","post","type-post","status-publish","format-standard","hentry","category-politica","tag-proyecto-sur-mercedes","generate-columns","tablet-grid-50","mobile-grid-100","grid-parent","grid-50"],"jetpack_publicize_connections":[],"jetpack_featured_media_url":"","wps_subtitle":"","jetpack_sharing_enabled":true,"_links":{"self":[{"href":"https:\/\/www.hoymercedes.com.ar\/principal\/wp-json\/wp\/v2\/posts\/3104","targetHints":{"allow":["GET"]}}],"collection":[{"href":"https:\/\/www.hoymercedes.com.ar\/principal\/wp-json\/wp\/v2\/posts"}],"about":[{"href":"https:\/\/www.hoymercedes.com.ar\/principal\/wp-json\/wp\/v2\/types\/post"}],"author":[{"embeddable":true,"href":"https:\/\/www.hoymercedes.com.ar\/principal\/wp-json\/wp\/v2\/users\/1"}],"replies":[{"embeddable":true,"href":"https:\/\/www.hoymercedes.com.ar\/principal\/wp-json\/wp\/v2\/comments?post=3104"}],"version-history":[{"count":0,"href":"https:\/\/www.hoymercedes.com.ar\/principal\/wp-json\/wp\/v2\/posts\/3104\/revisions"}],"wp:attachment":[{"href":"https:\/\/www.hoymercedes.com.ar\/principal\/wp-json\/wp\/v2\/media?parent=3104"}],"wp:term":[{"taxonomy":"category","embeddable":true,"href":"https:\/\/www.hoymercedes.com.ar\/principal\/wp-json\/wp\/v2\/categories?post=3104"},{"taxonomy":"post_tag","embeddable":true,"href":"https:\/\/www.hoymercedes.com.ar\/principal\/wp-json\/wp\/v2\/tags?post=3104"}],"curies":[{"name":"wp","href":"https:\/\/api.w.org\/{rel}","templated":true}]}}