{"id":31045,"date":"2014-03-23T19:40:59","date_gmt":"2014-03-23T19:40:59","guid":{"rendered":"http:\/\/www.hoymercedes.com.ar\/principal\/?p=31045"},"modified":"2014-03-23T19:40:59","modified_gmt":"2014-03-23T19:40:59","slug":"mic-solicita-espacio-para-la-sociedad-de-poetas-y-escritores-mercedinos-ismael-marcelo-siri","status":"publish","type":"post","link":"https:\/\/www.hoymercedes.com.ar\/principal\/2014\/03\/23\/mic-solicita-espacio-para-la-sociedad-de-poetas-y-escritores-mercedinos-ismael-marcelo-siri\/","title":{"rendered":"MIC solicita espacio para la Sociedad de Poetas y Escritores Mercedinos \u201cIsmael Marcelo Siri\u201d"},"content":{"rendered":"<p><em><strong>El Mercedes Independiente Comunal present\u00f3 un proyecto directamente vinculado con la cultura local y, en concreto, con la\u00a0Sociedad de Poetas y Escritores Mercedinos \u201cIsmael Marcelo Siri\u201d que desde hace tiempo vienen necesitando de contar con un espacio f\u00edsico para poder reunirse y trabajar en los diversos aspectos culturales que le son propios.<\/strong><\/em><\/p>\n<p>Es por ello que el espacio pol\u00edtico cuyos representantes son Jos\u00e9 Cestari y Carlos Badano, en el \u00e1mbito del Concejo Deliberante, presentaron el siguiente proyecto:<\/p>\n<p>La necesidad de un espacio f\u00edsico para la Sociedad de Poetas y Escritores Mercedinos \u201cIsmael Marcelo Siri\u201d.<\/p>\n<p>CONSIDERANDO<\/p>\n<p>Que la Sociedad de Poetas y Escritores Mercedinos \u201cIsmael Marcelo Siri\u201d va camino a los 27 a\u00f1os de existencia. Primero denominada Sociedad de Poetas Mercedinos, pero luego se incorporaron otros escritores, aglutinando as\u00ed a todos los creadores de las letras locales. Figuras de la talla de Ismael Marcelo Siri, Ana Sampol de Herrero, Araceli Paz de Robles, Ilda Rodr\u00edguez de Valle y otros de reconocida trayectoria y varias veces galardonados que han dejado su impronta en las 26 antolog\u00edas que en el transcurso de los a\u00f1os, al editarse, dejaron las huellas de sus \u00e1giles plumas.<\/p>\n<p>Que las actividades de la Sociedad han llegado a la escuela en m\u00faltiples ocasiones volcando sus interpretaciones literarias para el enriquecimiento de la formaci\u00f3n educacional. Las actividades literarias han trascendido los l\u00edmites de esta ciudad, los integrantes han participado con \u00e9xito en cert\u00e1menes de otros lugares del pa\u00eds, como as\u00ed tambi\u00e9n han recibido aportes en jornadas literarias de Partidos vecinos, retribuyendo con delegaciones que han representado con altura a nuestra ciudad.<\/p>\n<p>Que no ha habido l\u00edmites de edad para participar, es as\u00ed que con el correr del tiempo nuevos valores se han incorporado manteniendo viva la Instituci\u00f3n.<\/p>\n<p>Que en la prensa local las poes\u00edas y prosas de los integrantes de la Sociedad, peri\u00f3dicamente se han volcado en suplementos , en especial en el Diario \u201cEl Oeste\u201d gran difusor del material literario desde la d\u00e9cada de 1990.<\/p>\n<p>Que la Sociedad ha participado en la Feria del Libro en el stand de la Provincia de Buenos Aires en la CABA y tambi\u00e9n en la Feria del Libro de Mercedes, realizadas en el Teatro Argentino.<\/p>\n<p>Que los medios audiovisuales locales se han hecho eco de las diversas actividades de la Sociedad.<\/p>\n<p>Que en varias ocasiones se han realizado interesantes visitas a bibliotecas (Los Talas en Luj\u00e1n, Yancamil en San Andr\u00e9s de Giles, etc.)<\/p>\n<p>Que no ha sido ajena a las actividades de esta Instituci\u00f3n el homenaje y reconocimiento a diversas instituciones (Banco Naci\u00f3n en su centenario, Biblioteca Sarmiento, Cuerpo de Bomberos Voluntarios, Colegio de Abogados, Rotary Club, Club de Leones entre otras.<\/p>\n<p>Que el 30 de noviembre de 2013 la Sociedad ha presentado la Antolog\u00eda 25 en el Sal\u00f3n del HCD.<\/p>\n<p>Ante lo expuesto el Bloque de Concejales del MIC promueve el siguiente Proyecto de:<\/p>\n<p align=\"center\">RESOLUCI\u00d3N<\/p>\n<p>Art. 1\u00b0. El HCD se dirige al DE para que lleve a cabo las gestiones necesarias que posibiliten que la Sociedad de Poetas y Escritores Mercedinos \u201cIsmael Marcelo Siri\u201d tenga un lugar f\u00edsico para poder reunirse y organizar sus actividades.<\/p>\n<p>Art. 2\u00b0. Los Visto y Considerando forman parte de la presente.<\/p>\n<p>Art. 3\u00b0. De forma.<\/p>\n<p>&nbsp;<\/p>\n<p>JUAN CARLOS BADANO\u00a0\u00a0\u00a0\u00a0\u00a0\u00a0\u00a0\u00a0\u00a0\u00a0\u00a0\u00a0\u00a0\u00a0\u00a0\u00a0\u00a0\u00a0\u00a0\u00a0\u00a0\u00a0\u00a0\u00a0<wbr \/>\u00a0\u00a0\u00a0\u00a0\u00a0\u00a0\u00a0\u00a0\u00a0\u00a0\u00a0 JOS\u00c9 MAR\u00cdA CESTARI<\/p>\n","protected":false},"excerpt":{"rendered":"<p>El Mercedes Independiente Comunal present\u00f3 un proyecto directamente vinculado con la cultura local y, en concreto, con la\u00a0Sociedad de Poetas &#8230; <a title=\"MIC solicita espacio para la Sociedad de Poetas y Escritores Mercedinos \u201cIsmael Marcelo Siri\u201d\" class=\"read-more\" href=\"https:\/\/www.hoymercedes.com.ar\/principal\/2014\/03\/23\/mic-solicita-espacio-para-la-sociedad-de-poetas-y-escritores-mercedinos-ismael-marcelo-siri\/\" aria-label=\"Leer m\u00e1s sobre MIC solicita espacio para la Sociedad de Poetas y Escritores Mercedinos \u201cIsmael Marcelo Siri\u201d\">Leer m\u00e1s<\/a><\/p>\n","protected":false},"author":1,"featured_media":0,"comment_status":"open","ping_status":"open","sticky":false,"template":"","format":"standard","meta":{"_monsterinsights_skip_tracking":false,"_monsterinsights_sitenote_active":false,"_monsterinsights_sitenote_note":"","_monsterinsights_sitenote_category":0,"jetpack_post_was_ever_published":false,"_jetpack_newsletter_access":"","_jetpack_dont_email_post_to_subs":false,"_jetpack_newsletter_tier_id":0,"_jetpack_memberships_contains_paywalled_content":false,"_jetpack_memberships_contains_paid_content":false,"footnotes":"","jetpack_publicize_message":"","jetpack_publicize_feature_enabled":true,"jetpack_social_post_already_shared":false,"jetpack_social_options":{"image_generator_settings":{"template":"highway","default_image_id":0,"font":"","enabled":false},"version":2},"_wpas_customize_per_network":false},"categories":[5],"tags":[4115,321,4893],"class_list":["post-31045","post","type-post","status-publish","format-standard","hentry","category-politica","tag-carlos-badano","tag-jose-cestari","tag-la-sociedad-de-poetas-y-escritores-mercedinos-ismael-marcelo-siri","generate-columns","tablet-grid-50","mobile-grid-100","grid-parent","grid-50"],"jetpack_publicize_connections":[],"jetpack_featured_media_url":"","wps_subtitle":"En \u00e1mbito legislativo","jetpack_sharing_enabled":true,"_links":{"self":[{"href":"https:\/\/www.hoymercedes.com.ar\/principal\/wp-json\/wp\/v2\/posts\/31045","targetHints":{"allow":["GET"]}}],"collection":[{"href":"https:\/\/www.hoymercedes.com.ar\/principal\/wp-json\/wp\/v2\/posts"}],"about":[{"href":"https:\/\/www.hoymercedes.com.ar\/principal\/wp-json\/wp\/v2\/types\/post"}],"author":[{"embeddable":true,"href":"https:\/\/www.hoymercedes.com.ar\/principal\/wp-json\/wp\/v2\/users\/1"}],"replies":[{"embeddable":true,"href":"https:\/\/www.hoymercedes.com.ar\/principal\/wp-json\/wp\/v2\/comments?post=31045"}],"version-history":[{"count":0,"href":"https:\/\/www.hoymercedes.com.ar\/principal\/wp-json\/wp\/v2\/posts\/31045\/revisions"}],"wp:attachment":[{"href":"https:\/\/www.hoymercedes.com.ar\/principal\/wp-json\/wp\/v2\/media?parent=31045"}],"wp:term":[{"taxonomy":"category","embeddable":true,"href":"https:\/\/www.hoymercedes.com.ar\/principal\/wp-json\/wp\/v2\/categories?post=31045"},{"taxonomy":"post_tag","embeddable":true,"href":"https:\/\/www.hoymercedes.com.ar\/principal\/wp-json\/wp\/v2\/tags?post=31045"}],"curies":[{"name":"wp","href":"https:\/\/api.w.org\/{rel}","templated":true}]}}