{"id":31115,"date":"2014-03-25T17:28:55","date_gmt":"2014-03-25T17:28:55","guid":{"rendered":"http:\/\/www.hoymercedes.com.ar\/principal\/?p=31115"},"modified":"2014-03-25T17:28:55","modified_gmt":"2014-03-25T17:28:55","slug":"lasala-la-memoria-y-los-derechos-humanos-son-de-todos","status":"publish","type":"post","link":"https:\/\/www.hoymercedes.com.ar\/principal\/2014\/03\/25\/lasala-la-memoria-y-los-derechos-humanos-son-de-todos\/","title":{"rendered":"Lasala: \u00abla memoria y los derechos humanos son de todos\u00bb"},"content":{"rendered":"<p><a href=\"https:\/\/www.hoymercedes.com.ar\/principal\/wp-content\/uploads\/2014\/03\/actounzue24marzo.jpg\"><img loading=\"lazy\" decoding=\"async\" data-attachment-id=\"31117\" data-permalink=\"https:\/\/www.hoymercedes.com.ar\/principal\/2014\/03\/25\/lasala-la-memoria-y-los-derechos-humanos-son-de-todos\/actounzue24marzo\/#main\" data-orig-file=\"https:\/\/www.hoymercedes.com.ar\/principal\/wp-content\/uploads\/2014\/03\/actounzue24marzo.jpg\" data-orig-size=\"620,465\" data-comments-opened=\"1\" data-image-meta=\"{&quot;aperture&quot;:&quot;4.9&quot;,&quot;credit&quot;:&quot;&quot;,&quot;camera&quot;:&quot;COOLPIX L310&quot;,&quot;caption&quot;:&quot;&quot;,&quot;created_timestamp&quot;:&quot;1395770433&quot;,&quot;copyright&quot;:&quot;&quot;,&quot;focal_length&quot;:&quot;27&quot;,&quot;iso&quot;:&quot;360&quot;,&quot;shutter_speed&quot;:&quot;0.016666666666667&quot;,&quot;title&quot;:&quot;&quot;}\" data-image-title=\"actounzue24marzo\" data-image-description=\"\" data-image-caption=\"\" data-large-file=\"https:\/\/www.hoymercedes.com.ar\/principal\/wp-content\/uploads\/2014\/03\/actounzue24marzo.jpg\" class=\"aligncenter size-full wp-image-31117\" alt=\"actounzue24marzo\" src=\"https:\/\/www.hoymercedes.com.ar\/principal\/wp-content\/uploads\/2014\/03\/actounzue24marzo.jpg\" width=\"620\" height=\"465\" \/><\/a><\/p>\n<p><em><strong>En el \u00e1mbito del ex Instituto Unzu\u00e9 se llev\u00f3 a cabo un encuentro en el d\u00eda de la Memoria, la Verdad y la Justicia organizado por la Coordinaci\u00f3n de Pol\u00edticas Juveniles de la Municipalidad en el cual participaron casi 300 j\u00f3venes y familias de nuestra ciudad.<\/strong><\/em><\/p>\n<p>La tarde de Sol y bien clima acompa\u00f1\u00f3 las m\u00faltiples actividades. El Coordinador Agust\u00edn Lasala manifest\u00f3:<em> \u201cPara nosotros significa la libre expresi\u00f3n y desde ah\u00ed en \u00e9ste d\u00eda creemos importante desde la Coordinaci\u00f3n de Pol\u00edticas Juveniles junto a la Direcci\u00f3n de Cultura de la ciudad crear este espacio para los j\u00f3venes y la sociedad en general, agradeciendo a todos los que participaron de la jornada, como el fotoclub, el programa envi\u00f3n, Jorge blanco, los sum, la orquesta escuela, la escuela de danza municipal, Miguel Cardona con el taller de tango y las diferentes bandas que se han acercado como son \u201cNi yo, ni nosotros\u201d, \u201cLa F\u00f3rmula\u201d y los chicos de \u201cOtra vez vos\u201d con su show ac\u00fastico. Muy contentos con el gran marco de participaci\u00f3n, tambi\u00e9n deseamos agradecer a Diana Manos por sus palabras y al intendente que nos permiti\u00f3 desarrollar \u00e9sta jornada de participaci\u00f3n de solidaridad y de pensar en el otro. Pensar que hace 38 a\u00f1os muchos j\u00f3venes quedaron con la esperanza trunca. Estamos ac\u00e1 con nuestras ganas de seguir adelante.\u201d<\/em><\/p>\n<p><a href=\"https:\/\/www.hoymercedes.com.ar\/principal\/wp-content\/uploads\/2014\/03\/actounzue24marzo-2.jpg\"><img loading=\"lazy\" decoding=\"async\" data-attachment-id=\"31118\" data-permalink=\"https:\/\/www.hoymercedes.com.ar\/principal\/2014\/03\/25\/lasala-la-memoria-y-los-derechos-humanos-son-de-todos\/actounzue24marzo-2\/#main\" data-orig-file=\"https:\/\/www.hoymercedes.com.ar\/principal\/wp-content\/uploads\/2014\/03\/actounzue24marzo-2.jpg\" data-orig-size=\"620,465\" data-comments-opened=\"1\" data-image-meta=\"{&quot;aperture&quot;:&quot;3.5&quot;,&quot;credit&quot;:&quot;&quot;,&quot;camera&quot;:&quot;COOLPIX L310&quot;,&quot;caption&quot;:&quot;&quot;,&quot;created_timestamp&quot;:&quot;1395769885&quot;,&quot;copyright&quot;:&quot;&quot;,&quot;focal_length&quot;:&quot;7.3&quot;,&quot;iso&quot;:&quot;250&quot;,&quot;shutter_speed&quot;:&quot;0.003125&quot;,&quot;title&quot;:&quot;&quot;}\" data-image-title=\"actounzue24marzo-2\" data-image-description=\"\" data-image-caption=\"\" data-large-file=\"https:\/\/www.hoymercedes.com.ar\/principal\/wp-content\/uploads\/2014\/03\/actounzue24marzo-2.jpg\" class=\"aligncenter size-full wp-image-31118\" alt=\"actounzue24marzo-2\" src=\"https:\/\/www.hoymercedes.com.ar\/principal\/wp-content\/uploads\/2014\/03\/actounzue24marzo-2.jpg\" width=\"620\" height=\"465\" \/><\/a><\/p>\n<p>Respecto a la cantidad de asistentes sostuvo: <em>\u201cMuchos j\u00f3venes de las escuelas, de los barrios, gente grande, familias acompa\u00f1ando, un gran clima y muy contentos viendo que tenemos una gran responsabilidad y\u00a0conmemorarlo\u00a0como tiene que ser, el d\u00eda de la memoria, la verdad\u00a0y la justicia dejando un mensaje y es que la memoria y los derechos humanos son de todos y debemos conmemorarlo.\u201d<\/em><\/p>\n<p>Estuvo presente el intendente Carlos Selva qui\u00e9n dej\u00f3 unas palabras para todos los presentes.<\/p>\n<p>&nbsp;<\/p>\n","protected":false},"excerpt":{"rendered":"<p>En el \u00e1mbito del ex Instituto Unzu\u00e9 se llev\u00f3 a cabo un encuentro en el d\u00eda de la Memoria, la &#8230; <a title=\"Lasala: \u00abla memoria y los derechos humanos son de todos\u00bb\" class=\"read-more\" href=\"https:\/\/www.hoymercedes.com.ar\/principal\/2014\/03\/25\/lasala-la-memoria-y-los-derechos-humanos-son-de-todos\/\" aria-label=\"Leer m\u00e1s sobre Lasala: \u00abla memoria y los derechos humanos son de todos\u00bb\">Leer m\u00e1s<\/a><\/p>\n","protected":false},"author":1,"featured_media":0,"comment_status":"open","ping_status":"open","sticky":false,"template":"","format":"standard","meta":{"_monsterinsights_skip_tracking":false,"_monsterinsights_sitenote_active":false,"_monsterinsights_sitenote_note":"","_monsterinsights_sitenote_category":0,"jetpack_post_was_ever_published":false,"_jetpack_newsletter_access":"","_jetpack_dont_email_post_to_subs":false,"_jetpack_newsletter_tier_id":0,"_jetpack_memberships_contains_paywalled_content":false,"_jetpack_memberships_contains_paid_content":false,"footnotes":"","jetpack_publicize_message":"","jetpack_publicize_feature_enabled":true,"jetpack_social_post_already_shared":false,"jetpack_social_options":{"image_generator_settings":{"template":"highway","default_image_id":0,"font":"","enabled":false},"version":2},"_wpas_customize_per_network":false},"categories":[30],"tags":[2732,4906,4905],"class_list":["post-31115","post","type-post","status-publish","format-standard","hentry","category-municipio","tag-agustin-lasala","tag-coordinacion-de-politicas-juveniles-mercedes","tag-lasala-la-memoria-y-los-derechos-humanos-son-de-todos","generate-columns","tablet-grid-50","mobile-grid-100","grid-parent","grid-50"],"jetpack_publicize_connections":[],"jetpack_featured_media_url":"","wps_subtitle":"D\u00eda de la Memoria, Verdad y Justiticia","jetpack_sharing_enabled":true,"_links":{"self":[{"href":"https:\/\/www.hoymercedes.com.ar\/principal\/wp-json\/wp\/v2\/posts\/31115","targetHints":{"allow":["GET"]}}],"collection":[{"href":"https:\/\/www.hoymercedes.com.ar\/principal\/wp-json\/wp\/v2\/posts"}],"about":[{"href":"https:\/\/www.hoymercedes.com.ar\/principal\/wp-json\/wp\/v2\/types\/post"}],"author":[{"embeddable":true,"href":"https:\/\/www.hoymercedes.com.ar\/principal\/wp-json\/wp\/v2\/users\/1"}],"replies":[{"embeddable":true,"href":"https:\/\/www.hoymercedes.com.ar\/principal\/wp-json\/wp\/v2\/comments?post=31115"}],"version-history":[{"count":0,"href":"https:\/\/www.hoymercedes.com.ar\/principal\/wp-json\/wp\/v2\/posts\/31115\/revisions"}],"wp:attachment":[{"href":"https:\/\/www.hoymercedes.com.ar\/principal\/wp-json\/wp\/v2\/media?parent=31115"}],"wp:term":[{"taxonomy":"category","embeddable":true,"href":"https:\/\/www.hoymercedes.com.ar\/principal\/wp-json\/wp\/v2\/categories?post=31115"},{"taxonomy":"post_tag","embeddable":true,"href":"https:\/\/www.hoymercedes.com.ar\/principal\/wp-json\/wp\/v2\/tags?post=31115"}],"curies":[{"name":"wp","href":"https:\/\/api.w.org\/{rel}","templated":true}]}}