{"id":31120,"date":"2014-03-25T17:39:46","date_gmt":"2014-03-25T17:39:46","guid":{"rendered":"http:\/\/www.hoymercedes.com.ar\/principal\/?p=31120"},"modified":"2014-03-25T17:39:46","modified_gmt":"2014-03-25T17:39:46","slug":"sergio-carini-continua-al-mando-de-sociedad-de-fomento-de-barrio-los-robles","status":"publish","type":"post","link":"https:\/\/www.hoymercedes.com.ar\/principal\/2014\/03\/25\/sergio-carini-continua-al-mando-de-sociedad-de-fomento-de-barrio-los-robles\/","title":{"rendered":"Sergio Carini contin\u00faa al mando de Sociedad de Fomento de Barrio Los Robles"},"content":{"rendered":"<p><a href=\"https:\/\/www.hoymercedes.com.ar\/principal\/wp-content\/uploads\/2014\/03\/SergioCarini.jpg\"><img loading=\"lazy\" decoding=\"async\" data-attachment-id=\"31122\" data-permalink=\"https:\/\/www.hoymercedes.com.ar\/principal\/2014\/03\/25\/sergio-carini-continua-al-mando-de-sociedad-de-fomento-de-barrio-los-robles\/sergiocarini\/#main\" data-orig-file=\"https:\/\/www.hoymercedes.com.ar\/principal\/wp-content\/uploads\/2014\/03\/SergioCarini.jpg\" data-orig-size=\"620,464\" data-comments-opened=\"1\" data-image-meta=\"{&quot;aperture&quot;:&quot;0&quot;,&quot;credit&quot;:&quot;&quot;,&quot;camera&quot;:&quot;&quot;,&quot;caption&quot;:&quot;&quot;,&quot;created_timestamp&quot;:&quot;0&quot;,&quot;copyright&quot;:&quot;&quot;,&quot;focal_length&quot;:&quot;0&quot;,&quot;iso&quot;:&quot;0&quot;,&quot;shutter_speed&quot;:&quot;0&quot;,&quot;title&quot;:&quot;&quot;}\" data-image-title=\"SergioCarini\" data-image-description=\"\" data-image-caption=\"\" data-large-file=\"https:\/\/www.hoymercedes.com.ar\/principal\/wp-content\/uploads\/2014\/03\/SergioCarini.jpg\" class=\"aligncenter size-full wp-image-31122\" alt=\"SergioCarini\" src=\"https:\/\/www.hoymercedes.com.ar\/principal\/wp-content\/uploads\/2014\/03\/SergioCarini.jpg\" width=\"620\" height=\"464\" \/><\/a><\/p>\n<p><em><strong>Un barrio m\u00e1s de nuestra ciudad ratific\u00f3 la conducci\u00f3n de la Sociedad de Fomento. Se trata del Barrio Los Robles que expone a Sergio Carini como presidente y a Alicia Paiva como su vice.\u00a0<\/strong><\/em><\/p>\n<p>Se llev\u00f3 a cabo la\u00a0asamblea ordinaria en la Asociaci\u00f3n Civil Sociedad de Fomento del Barrio Los Robles, donde se renov\u00f3 la comisi\u00f3n, ya que no hubo presentaci\u00f3n de lista opositora. La misma qued\u00f3 conformada de la siguiente manera:<\/p>\n<p>Presidente: Sergio Carini<br \/>\nVice: Alicia Paiva<br \/>\nSecretario: Leandro Mansilla<br \/>\nProsecretario: Edmundo Rodr\u00edguez<br \/>\nTesorera: Estela Bogado<br \/>\nProtesorera: Soledad Iberra<br \/>\nVocales Titulares: Carlos Siri, Gabriel Decicco, Maximiliano Centeno.<br \/>\nVocales Suplentes: Lourdes G\u00f3mez, Yamila Zarza.<br \/>\nComisi\u00f3n Revisora de Cuentas: Karina Bernal, Alan Barbossa, Laura Collado.<\/p>\n<p>De \u00e9sta manera desde la Comisi\u00f3n ratificada se continuar\u00e1 trabajando en b\u00fasqueda de las soluciones a los diversos problemas que en la barriada se viven y que de manera organizada siempre es m\u00e1s factible llegar a un punto de soluci\u00f3n.<\/p>\n","protected":false},"excerpt":{"rendered":"<p>Un barrio m\u00e1s de nuestra ciudad ratific\u00f3 la conducci\u00f3n de la Sociedad de Fomento. Se trata del Barrio Los Robles &#8230; <a title=\"Sergio Carini contin\u00faa al mando de Sociedad de Fomento de Barrio Los Robles\" class=\"read-more\" href=\"https:\/\/www.hoymercedes.com.ar\/principal\/2014\/03\/25\/sergio-carini-continua-al-mando-de-sociedad-de-fomento-de-barrio-los-robles\/\" aria-label=\"Leer m\u00e1s sobre Sergio Carini contin\u00faa al mando de Sociedad de Fomento de Barrio Los Robles\">Leer m\u00e1s<\/a><\/p>\n","protected":false},"author":1,"featured_media":0,"comment_status":"open","ping_status":"open","sticky":false,"template":"","format":"standard","meta":{"_monsterinsights_skip_tracking":false,"_monsterinsights_sitenote_active":false,"_monsterinsights_sitenote_note":"","_monsterinsights_sitenote_category":0,"jetpack_post_was_ever_published":false,"_jetpack_newsletter_access":"","_jetpack_dont_email_post_to_subs":false,"_jetpack_newsletter_tier_id":0,"_jetpack_memberships_contains_paywalled_content":false,"_jetpack_memberships_contains_paid_content":false,"footnotes":"","jetpack_publicize_message":"","jetpack_publicize_feature_enabled":true,"jetpack_social_post_already_shared":false,"jetpack_social_options":{"image_generator_settings":{"template":"highway","default_image_id":0,"font":"","enabled":false},"version":2},"_wpas_customize_per_network":false},"categories":[5],"tags":[3429,4235],"class_list":["post-31120","post","type-post","status-publish","format-standard","hentry","category-politica","tag-barrio-los-robles","tag-sergio-carini","generate-columns","tablet-grid-50","mobile-grid-100","grid-parent","grid-50"],"jetpack_publicize_connections":[],"jetpack_featured_media_url":"","wps_subtitle":"Fomentismo local ","jetpack_sharing_enabled":true,"_links":{"self":[{"href":"https:\/\/www.hoymercedes.com.ar\/principal\/wp-json\/wp\/v2\/posts\/31120","targetHints":{"allow":["GET"]}}],"collection":[{"href":"https:\/\/www.hoymercedes.com.ar\/principal\/wp-json\/wp\/v2\/posts"}],"about":[{"href":"https:\/\/www.hoymercedes.com.ar\/principal\/wp-json\/wp\/v2\/types\/post"}],"author":[{"embeddable":true,"href":"https:\/\/www.hoymercedes.com.ar\/principal\/wp-json\/wp\/v2\/users\/1"}],"replies":[{"embeddable":true,"href":"https:\/\/www.hoymercedes.com.ar\/principal\/wp-json\/wp\/v2\/comments?post=31120"}],"version-history":[{"count":0,"href":"https:\/\/www.hoymercedes.com.ar\/principal\/wp-json\/wp\/v2\/posts\/31120\/revisions"}],"wp:attachment":[{"href":"https:\/\/www.hoymercedes.com.ar\/principal\/wp-json\/wp\/v2\/media?parent=31120"}],"wp:term":[{"taxonomy":"category","embeddable":true,"href":"https:\/\/www.hoymercedes.com.ar\/principal\/wp-json\/wp\/v2\/categories?post=31120"},{"taxonomy":"post_tag","embeddable":true,"href":"https:\/\/www.hoymercedes.com.ar\/principal\/wp-json\/wp\/v2\/tags?post=31120"}],"curies":[{"name":"wp","href":"https:\/\/api.w.org\/{rel}","templated":true}]}}