{"id":31124,"date":"2014-03-26T01:17:46","date_gmt":"2014-03-26T01:17:46","guid":{"rendered":"http:\/\/www.hoymercedes.com.ar\/principal\/?p=31124"},"modified":"2014-03-26T01:28:02","modified_gmt":"2014-03-26T01:28:02","slug":"matias-dematei-desde-pami-subsidio-de-20-000-a-agrupacion-de-jubilados-pensionados-y-retirados","status":"publish","type":"post","link":"https:\/\/www.hoymercedes.com.ar\/principal\/2014\/03\/26\/matias-dematei-desde-pami-subsidio-de-20-000-a-agrupacion-de-jubilados-pensionados-y-retirados\/","title":{"rendered":"Mat\u00edas Dematei desde PAMI entreg\u00f3 subsidio de $20.000 a \u00abAgrupaci\u00f3n de Jubilados, Pensionados y Retirados\u00bb"},"content":{"rendered":"<p><a href=\"https:\/\/www.hoymercedes.com.ar\/principal\/wp-content\/uploads\/2014\/03\/MatiasDematei.jpg\"><img loading=\"lazy\" decoding=\"async\" data-attachment-id=\"31126\" data-permalink=\"https:\/\/www.hoymercedes.com.ar\/principal\/2014\/03\/26\/matias-dematei-desde-pami-subsidio-de-20-000-a-agrupacion-de-jubilados-pensionados-y-retirados\/matiasdematei\/#main\" data-orig-file=\"https:\/\/www.hoymercedes.com.ar\/principal\/wp-content\/uploads\/2014\/03\/MatiasDematei.jpg\" data-orig-size=\"620,365\" data-comments-opened=\"1\" data-image-meta=\"{&quot;aperture&quot;:&quot;0&quot;,&quot;credit&quot;:&quot;&quot;,&quot;camera&quot;:&quot;&quot;,&quot;caption&quot;:&quot;&quot;,&quot;created_timestamp&quot;:&quot;0&quot;,&quot;copyright&quot;:&quot;&quot;,&quot;focal_length&quot;:&quot;0&quot;,&quot;iso&quot;:&quot;0&quot;,&quot;shutter_speed&quot;:&quot;0&quot;,&quot;title&quot;:&quot;&quot;}\" data-image-title=\"MatiasDematei\" data-image-description=\"\" data-image-caption=\"\" data-large-file=\"https:\/\/www.hoymercedes.com.ar\/principal\/wp-content\/uploads\/2014\/03\/MatiasDematei.jpg\" class=\"aligncenter size-full wp-image-31126\" alt=\"MatiasDematei\" src=\"https:\/\/www.hoymercedes.com.ar\/principal\/wp-content\/uploads\/2014\/03\/MatiasDematei.jpg\" width=\"620\" height=\"365\" \/><\/a><\/p>\n<p><em><strong>El director de la sede local del PAMI y concejal del Frente Mercedino para la Victoria, Mat\u00edas Dematei, le hizo entrega de un subsidio de 20 mil pesos para mejoras edilicias a la Agrupaci\u00f3n de Jubilados, Pensionados y Retirados, ubicada en calle 12 entre 31 y 33.<\/strong><\/em><\/p>\n<p>\u201cEste tr\u00e1mite lo empezamos a gestionar en octubre del a\u00f1o pasado y lleg\u00f3 ahora. Son 20 mil pesos que la agrupaci\u00f3n usar\u00e1 para mejorar las condiciones de su local y que nosotros estamos orgullosos de entregar porque sabemos el esfuerzo cotidiano y el trabajo que hacen ac\u00e1 los abuelos. Realmente se lo merecen\u201d, explic\u00f3 Dematei.<\/p>\n<p>En nombre de la agrupaci\u00f3n lo recibieron Obdulio Grosso y Noem\u00ed Torelli, quien destac\u00f3 el trabajo de Mat\u00edas: \u201cLo que ha hecho este \u2018jovencito\u2019 en el PAMI es incre\u00edble y nosotros no tenemos m\u00e1s que palabras de agradecimiento. Se preocupa constantemente no solo por esta agrupaci\u00f3n, sino por todos los centros de jubilados de Mercedes y por todos los afiliados a la obra social. Su trabajo es excepcional\u201d, cont\u00f3.<\/p>\n<p>La Agrupaci\u00f3n de la calle 12 tiene alrededor de 800 socios (cada uno paga una m\u00f3dica cuota de tres pesos mensuales) y ofrece toda clase de actividades recreativas y de salud: pedicur\u00eda, masoterapia, enfermer\u00eda, yoga, folclore, artesan\u00edas, manualidades o gimnasia. \u201cEstamos muy ocupados, por suerte \u2013dijo Grosso-, y tambi\u00e9n trabajamos mucho con el tema de los viajes. Ahora estamos cerrando uno para Villa Carlos Paz\u201d.<\/p>\n<p>Seg\u00fan Dematei, \u201cla Agrupaci\u00f3n de Jubilados, Pensionados y Retirados, lo mismo que el resto de los centros que tenemos en la ciudad, cumplen una tarea muy importante, que es la de mejorar la calidad de vida de nuestros abuelos a trav\u00e9s de la prevenci\u00f3n y tambi\u00e9n de la recreaci\u00f3n. Hace poco hicimos una exposici\u00f3n en el PAMI de sus trabajos de pintura y es realmente impresionante. Por eso nosotros nos esforzamos para ayudarlos\u201d.<\/p>\n<p>\u201cYa hay en tr\u00e1mite otros dos subsidios para otros dos centros de jubilados, pero como empezaron m\u00e1s tarde con los papeles todav\u00eda no llegaron \u2013cerr\u00f3 el concejal de la agrupaci\u00f3n que conduce Juan Ignacio Ustarroz-. Para nosotros es muy importante, desde nuestro lugar, potenciar lo que hacen y darles el papel que realmente ocupan, por eso la ayuda econ\u00f3mica siempre es importante. Por eso no tengo m\u00e1s que felicitarlos y repetirles el compromiso: que cuenten siempre con nosotros, que en la medida de nuestras posibilidades, y siempre con el objetivo de trabajar todos juntos en funci\u00f3n del bien com\u00fan, vamos a estar para darles una mano\u201d.<\/p>\n<p><span style=\"color: #888888;\">Fuente: Frente Mercedino<\/span><\/p>\n","protected":false},"excerpt":{"rendered":"<p>El director de la sede local del PAMI y concejal del Frente Mercedino para la Victoria, Mat\u00edas Dematei, le hizo &#8230; <a title=\"Mat\u00edas Dematei desde PAMI entreg\u00f3 subsidio de $20.000 a \u00abAgrupaci\u00f3n de Jubilados, Pensionados y Retirados\u00bb\" class=\"read-more\" href=\"https:\/\/www.hoymercedes.com.ar\/principal\/2014\/03\/26\/matias-dematei-desde-pami-subsidio-de-20-000-a-agrupacion-de-jubilados-pensionados-y-retirados\/\" aria-label=\"Leer m\u00e1s sobre Mat\u00edas Dematei desde PAMI entreg\u00f3 subsidio de $20.000 a \u00abAgrupaci\u00f3n de Jubilados, Pensionados y Retirados\u00bb\">Leer m\u00e1s<\/a><\/p>\n","protected":false},"author":1,"featured_media":0,"comment_status":"open","ping_status":"open","sticky":false,"template":"","format":"standard","meta":{"_monsterinsights_skip_tracking":false,"_monsterinsights_sitenote_active":false,"_monsterinsights_sitenote_note":"","_monsterinsights_sitenote_category":0,"jetpack_post_was_ever_published":false,"_jetpack_newsletter_access":"","_jetpack_dont_email_post_to_subs":false,"_jetpack_newsletter_tier_id":0,"_jetpack_memberships_contains_paywalled_content":false,"_jetpack_memberships_contains_paid_content":false,"footnotes":"","jetpack_publicize_message":"","jetpack_publicize_feature_enabled":true,"jetpack_social_post_already_shared":false,"jetpack_social_options":{"image_generator_settings":{"template":"highway","default_image_id":0,"font":"","enabled":false},"version":2},"_wpas_customize_per_network":false},"categories":[8],"tags":[1007,3810,500,2843],"class_list":["post-31124","post","type-post","status-publish","format-standard","hentry","category-sociedad","tag-frente-mercedino","tag-matias-dematei","tag-pami-mercedes","tag-subsidio","generate-columns","tablet-grid-50","mobile-grid-100","grid-parent","grid-50"],"jetpack_publicize_connections":[],"jetpack_featured_media_url":"","wps_subtitle":"PAMI Mercedes ","jetpack_sharing_enabled":true,"_links":{"self":[{"href":"https:\/\/www.hoymercedes.com.ar\/principal\/wp-json\/wp\/v2\/posts\/31124","targetHints":{"allow":["GET"]}}],"collection":[{"href":"https:\/\/www.hoymercedes.com.ar\/principal\/wp-json\/wp\/v2\/posts"}],"about":[{"href":"https:\/\/www.hoymercedes.com.ar\/principal\/wp-json\/wp\/v2\/types\/post"}],"author":[{"embeddable":true,"href":"https:\/\/www.hoymercedes.com.ar\/principal\/wp-json\/wp\/v2\/users\/1"}],"replies":[{"embeddable":true,"href":"https:\/\/www.hoymercedes.com.ar\/principal\/wp-json\/wp\/v2\/comments?post=31124"}],"version-history":[{"count":0,"href":"https:\/\/www.hoymercedes.com.ar\/principal\/wp-json\/wp\/v2\/posts\/31124\/revisions"}],"wp:attachment":[{"href":"https:\/\/www.hoymercedes.com.ar\/principal\/wp-json\/wp\/v2\/media?parent=31124"}],"wp:term":[{"taxonomy":"category","embeddable":true,"href":"https:\/\/www.hoymercedes.com.ar\/principal\/wp-json\/wp\/v2\/categories?post=31124"},{"taxonomy":"post_tag","embeddable":true,"href":"https:\/\/www.hoymercedes.com.ar\/principal\/wp-json\/wp\/v2\/tags?post=31124"}],"curies":[{"name":"wp","href":"https:\/\/api.w.org\/{rel}","templated":true}]}}