{"id":31148,"date":"2014-03-26T19:46:37","date_gmt":"2014-03-26T19:46:37","guid":{"rendered":"http:\/\/www.hoymercedes.com.ar\/principal\/?p=31148"},"modified":"2014-03-26T19:46:37","modified_gmt":"2014-03-26T19:46:37","slug":"homenajean-a-lucila-revora-poniendo-su-nombre-a-unidad-basica-en-capital-federal","status":"publish","type":"post","link":"https:\/\/www.hoymercedes.com.ar\/principal\/2014\/03\/26\/homenajean-a-lucila-revora-poniendo-su-nombre-a-unidad-basica-en-capital-federal\/","title":{"rendered":"Homenajean a \u00abLucila R\u00e9vora\u00bb poniendo su nombre a Unidad B\u00e1sica en Capital Federal"},"content":{"rendered":"<p><a href=\"https:\/\/www.hoymercedes.com.ar\/principal\/wp-content\/uploads\/2014\/03\/DePedro.jpg\"><img loading=\"lazy\" decoding=\"async\" data-attachment-id=\"31150\" data-permalink=\"https:\/\/www.hoymercedes.com.ar\/principal\/2014\/03\/26\/homenajean-a-lucila-revora-poniendo-su-nombre-a-unidad-basica-en-capital-federal\/depedro\/#main\" data-orig-file=\"https:\/\/www.hoymercedes.com.ar\/principal\/wp-content\/uploads\/2014\/03\/DePedro.jpg\" data-orig-size=\"620,377\" data-comments-opened=\"1\" data-image-meta=\"{&quot;aperture&quot;:&quot;0&quot;,&quot;credit&quot;:&quot;&quot;,&quot;camera&quot;:&quot;&quot;,&quot;caption&quot;:&quot;&quot;,&quot;created_timestamp&quot;:&quot;0&quot;,&quot;copyright&quot;:&quot;&quot;,&quot;focal_length&quot;:&quot;0&quot;,&quot;iso&quot;:&quot;0&quot;,&quot;shutter_speed&quot;:&quot;0&quot;,&quot;title&quot;:&quot;&quot;}\" data-image-title=\"DePedro\" data-image-description=\"\" data-image-caption=\"\" data-large-file=\"https:\/\/www.hoymercedes.com.ar\/principal\/wp-content\/uploads\/2014\/03\/DePedro.jpg\" class=\"aligncenter size-full wp-image-31150\" alt=\"DePedro\" src=\"https:\/\/www.hoymercedes.com.ar\/principal\/wp-content\/uploads\/2014\/03\/DePedro.jpg\" width=\"620\" height=\"377\" \/><\/a><\/p>\n<p>&nbsp;<\/p>\n<p><em><strong>Lucila R\u00e9vora, madre del Diputado Nacional y mercedino Eduardo De Pedro, asesinada por la \u00faltima Dictadura C\u00edvica Militar fue homenajeada con la colocaci\u00f3n de su nombre a una Unidad B\u00e1sica en el barrio de Floresta con la movilizaci\u00f3n y participaci\u00f3n de casi 200 militantes y vecinos. Marcharon desde la calle \u201cMercedes\u201d hasta la calle Bel\u00e1ustegu donde se produjo la inauguraci\u00f3n.<\/strong><\/em><\/p>\n<p>Del acto particip\u00f3 Wado de Pedro. \u201cUnidad B\u00e1sica Lucila R\u00e9vora\u201d es el nombre que se le coloc\u00f3.<\/p>\n<p>Adri\u00e1n Cichello, miembro de la Unidad B\u00e1sica coment\u00f3 a los presentes: \u201cDesde esta B\u00e1sica vamos a levantar la misma bandera que levant\u00f3 Lucila\u201d. Lalo, hermano de Lucila, sostuvo: \u201cLucila est\u00e1 con nosotros. Y est\u00e1 con ilusi\u00f3n porque ver esta militancia es ver el renacimiento de lo que ellos quisieron\u201d.<\/p>\n<p>Eduardo Wado De Pedro sostuvo al mencionar que en 1997 hab\u00eda andado por la zona ya que: \u201cquer\u00eda saber por d\u00f3nde andaban ellos, cu\u00e1l era la plaza a la que iba con ellos a jugar. En eso me encontr\u00e9 con una vecina que me hizo pasar a su casa y me cont\u00f3 historias porque se acordaba mucho de esa \u00e9poca. Tal es as\u00ed que me ten\u00edan guardados recuerdos y algunas cositas m\u00e1s que me entregaron. Pero quiero rescatar una nota que me guardaron que dec\u00eda: \u2018te dejo leche que tengo en la heladera, te dejo pan, si quer\u00e9s ma\u00f1ana te cuido a tus hijas\u2019. Esa nota habla tambi\u00e9n de lo que fue esa militancia\u201d.<\/p>\n<p>Respecto al presente de la militancia y el pa\u00eds sostuvo \u201ctenemos 10 a\u00f1os ya de reivindicaci\u00f3n de la pol\u00edtica, de lo p\u00fablico, seguimos peleando contra el escepticismo y el prejuicio\u201d. (&#8230;)\u00a0 \u201ctengamos una agrupaci\u00f3n que reivindica a estos j\u00f3venes que dieron su vida, pero adem\u00e1s quiero rescatar el valor m\u00e1s simple, el valor de buena persona. Tenemos que estar al lado de los vecinos, tenemos que tratar de no perder el eje, no perder el rumbo. El rumbo es f\u00e1cil: escuchar, sentir el dolor, sentir lo que sienten los que no tienen nada y responderles a ellos, trabajar para ellos y militar para ellos\u201d.<\/p>\n<p>De \u00e9sta manera, la mam\u00e1 de De Pedro y mercedina Lucila R\u00e9vora era homenajeada en el barrio de Floresta, en Capital Federal.<\/p>\n<p><span style=\"color: #999999;\">Fuente: Campora.org<\/span><\/p>\n","protected":false},"excerpt":{"rendered":"<p>&nbsp; Lucila R\u00e9vora, madre del Diputado Nacional y mercedino Eduardo De Pedro, asesinada por la \u00faltima Dictadura C\u00edvica Militar fue &#8230; <a title=\"Homenajean a \u00abLucila R\u00e9vora\u00bb poniendo su nombre a Unidad B\u00e1sica en Capital Federal\" class=\"read-more\" href=\"https:\/\/www.hoymercedes.com.ar\/principal\/2014\/03\/26\/homenajean-a-lucila-revora-poniendo-su-nombre-a-unidad-basica-en-capital-federal\/\" aria-label=\"Leer m\u00e1s sobre Homenajean a \u00abLucila R\u00e9vora\u00bb poniendo su nombre a Unidad B\u00e1sica en Capital Federal\">Leer m\u00e1s<\/a><\/p>\n","protected":false},"author":1,"featured_media":0,"comment_status":"open","ping_status":"open","sticky":false,"template":"","format":"standard","meta":{"_monsterinsights_skip_tracking":false,"_monsterinsights_sitenote_active":false,"_monsterinsights_sitenote_note":"","_monsterinsights_sitenote_category":0,"jetpack_post_was_ever_published":false,"_jetpack_newsletter_access":"","_jetpack_dont_email_post_to_subs":false,"_jetpack_newsletter_tier_id":0,"_jetpack_memberships_contains_paywalled_content":false,"_jetpack_memberships_contains_paid_content":false,"footnotes":"","jetpack_publicize_message":"","jetpack_publicize_feature_enabled":true,"jetpack_social_post_already_shared":false,"jetpack_social_options":{"image_generator_settings":{"template":"highway","default_image_id":0,"font":"","enabled":false},"version":2},"_wpas_customize_per_network":false},"categories":[5],"tags":[4910,4909,281],"class_list":["post-31148","post","type-post","status-publish","format-standard","hentry","category-politica","tag-asesinado-dictadura-mercedes","tag-lucila-revora","tag-wado-de-pedro","generate-columns","tablet-grid-50","mobile-grid-100","grid-parent","grid-50"],"jetpack_publicize_connections":[],"jetpack_featured_media_url":"","wps_subtitle":"En el barrio de Floresta ","jetpack_sharing_enabled":true,"_links":{"self":[{"href":"https:\/\/www.hoymercedes.com.ar\/principal\/wp-json\/wp\/v2\/posts\/31148","targetHints":{"allow":["GET"]}}],"collection":[{"href":"https:\/\/www.hoymercedes.com.ar\/principal\/wp-json\/wp\/v2\/posts"}],"about":[{"href":"https:\/\/www.hoymercedes.com.ar\/principal\/wp-json\/wp\/v2\/types\/post"}],"author":[{"embeddable":true,"href":"https:\/\/www.hoymercedes.com.ar\/principal\/wp-json\/wp\/v2\/users\/1"}],"replies":[{"embeddable":true,"href":"https:\/\/www.hoymercedes.com.ar\/principal\/wp-json\/wp\/v2\/comments?post=31148"}],"version-history":[{"count":0,"href":"https:\/\/www.hoymercedes.com.ar\/principal\/wp-json\/wp\/v2\/posts\/31148\/revisions"}],"wp:attachment":[{"href":"https:\/\/www.hoymercedes.com.ar\/principal\/wp-json\/wp\/v2\/media?parent=31148"}],"wp:term":[{"taxonomy":"category","embeddable":true,"href":"https:\/\/www.hoymercedes.com.ar\/principal\/wp-json\/wp\/v2\/categories?post=31148"},{"taxonomy":"post_tag","embeddable":true,"href":"https:\/\/www.hoymercedes.com.ar\/principal\/wp-json\/wp\/v2\/tags?post=31148"}],"curies":[{"name":"wp","href":"https:\/\/api.w.org\/{rel}","templated":true}]}}