{"id":31227,"date":"2014-03-28T17:32:13","date_gmt":"2014-03-28T17:32:13","guid":{"rendered":"http:\/\/www.hoymercedes.com.ar\/principal\/?p=31227"},"modified":"2014-03-28T17:35:19","modified_gmt":"2014-03-28T17:35:19","slug":"tras-propuesta-mejorada-empezarian-las-clases-el-lunes-video","status":"publish","type":"post","link":"https:\/\/www.hoymercedes.com.ar\/principal\/2014\/03\/28\/tras-propuesta-mejorada-empezarian-las-clases-el-lunes-video\/","title":{"rendered":"Tras propuesta \u00abmejorada\u00bb empezar\u00edan las clases el lunes (Video)"},"content":{"rendered":"<p><a href=\"https:\/\/www.hoymercedes.com.ar\/principal\/wp-content\/uploads\/2014\/03\/fotodocentes.jpg\"><img loading=\"lazy\" decoding=\"async\" data-attachment-id=\"31229\" data-permalink=\"https:\/\/www.hoymercedes.com.ar\/principal\/2014\/03\/28\/tras-propuesta-mejorada-empezarian-las-clases-el-lunes-video\/fotodocentes\/#main\" data-orig-file=\"https:\/\/www.hoymercedes.com.ar\/principal\/wp-content\/uploads\/2014\/03\/fotodocentes.jpg\" data-orig-size=\"620,448\" data-comments-opened=\"1\" data-image-meta=\"{&quot;aperture&quot;:&quot;0&quot;,&quot;credit&quot;:&quot;&quot;,&quot;camera&quot;:&quot;&quot;,&quot;caption&quot;:&quot;&quot;,&quot;created_timestamp&quot;:&quot;0&quot;,&quot;copyright&quot;:&quot;&quot;,&quot;focal_length&quot;:&quot;0&quot;,&quot;iso&quot;:&quot;0&quot;,&quot;shutter_speed&quot;:&quot;0&quot;,&quot;title&quot;:&quot;&quot;}\" data-image-title=\"fotodocentes\" data-image-description=\"\" data-image-caption=\"\" data-large-file=\"https:\/\/www.hoymercedes.com.ar\/principal\/wp-content\/uploads\/2014\/03\/fotodocentes.jpg\" class=\"aligncenter size-full wp-image-31229\" alt=\"fotodocentes\" src=\"https:\/\/www.hoymercedes.com.ar\/principal\/wp-content\/uploads\/2014\/03\/fotodocentes.jpg\" width=\"620\" height=\"448\" \/><\/a><\/p>\n<p><em><strong>Seg\u00fan se supo las clases en la provincia de Buenos Aires podr\u00edan empezar el pr\u00f3ximo lunes tras 17 d\u00edas de paro tras una oferta efectuada por la gobernaci\u00f3n en la cual propusieron un b\u00e1sico de $5000 siendo una propuesta que \u00absorprendi\u00f3\u00bb a los gremios, informaron desde la capital provincial. Ahora debatir\u00e1n en Asamblea, pero, posiblemente el lunes retomar\u00edan actividades educativas.<\/strong><\/em><\/p>\n<p>Con la nueva propuesta el inicial docente pasa de $3600 a $5000 informaron desde la Federaci\u00f3n de Educadores Bonaerense.<\/p>\n<p><span style=\"line-height: 1.5em;\">Desde Suteba comentaron que es un aumento promedio para todos los cargos de 30.9% mientras que para los que reci\u00e9n se inician del 35%.<\/span><\/p>\n<p><span style=\"line-height: 1.5em;\"><em>\u00abCon los fondos que van a los municipios van a sacar un decreto que diga que esos fondos tienen que tener afectaci\u00f3n espec\u00edfica para educaci\u00f3n en todos los municipios\u00bb<\/em>, anunciaron e informaron desde la Agencia Telam a la vez que notificaron que qued\u00f3 el compromiso de que no habr\u00e1 descuentos por los d\u00edas de paro.\u00a0<\/span><\/p>\n<div>A partir de ahora, desde lo gremios, esperan las respuestas desde los diversos distritos para ver si aceptan o no y desde ah\u00ed el posible inicio de clases.<\/div>\n<div><\/div>\n<div>Video:<\/div>\n<div><\/div>\n<div style=\"background-color: #f8f8f9; width: 625px; height: auto; padding: 5px; float: left; margin: 2px; border: solid 1px #e2e2e2;\"><iframe loading=\"lazy\" src=\"\/\/www.youtube.com\/embed\/6WW2wXlzMuk?rel=0\" height=\"465\" width=\"620\" allowfullscreen=\"\" frameborder=\"0\"><\/iframe><\/div>\n","protected":false},"excerpt":{"rendered":"<p>Seg\u00fan se supo las clases en la provincia de Buenos Aires podr\u00edan empezar el pr\u00f3ximo lunes tras 17 d\u00edas de &#8230; <a title=\"Tras propuesta \u00abmejorada\u00bb empezar\u00edan las clases el lunes (Video)\" class=\"read-more\" href=\"https:\/\/www.hoymercedes.com.ar\/principal\/2014\/03\/28\/tras-propuesta-mejorada-empezarian-las-clases-el-lunes-video\/\" aria-label=\"Leer m\u00e1s sobre Tras propuesta \u00abmejorada\u00bb empezar\u00edan las clases el lunes (Video)\">Leer m\u00e1s<\/a><\/p>\n","protected":false},"author":1,"featured_media":0,"comment_status":"open","ping_status":"open","sticky":false,"template":"","format":"standard","meta":{"_monsterinsights_skip_tracking":false,"_monsterinsights_sitenote_active":false,"_monsterinsights_sitenote_note":"","_monsterinsights_sitenote_category":0,"jetpack_post_was_ever_published":false,"_jetpack_newsletter_access":"","_jetpack_dont_email_post_to_subs":false,"_jetpack_newsletter_tier_id":0,"_jetpack_memberships_contains_paywalled_content":false,"_jetpack_memberships_contains_paid_content":false,"footnotes":"","jetpack_publicize_message":"","jetpack_publicize_feature_enabled":true,"jetpack_social_post_already_shared":false,"jetpack_social_options":{"image_generator_settings":{"template":"highway","default_image_id":0,"font":"","enabled":false},"version":2},"_wpas_customize_per_network":false},"categories":[23],"tags":[24,4603,4934,37],"class_list":["post-31227","post","type-post","status-publish","format-standard","hentry","category-educacion","tag-feb","tag-frente-gremial","tag-paro-clases-2014","tag-suteba","generate-columns","tablet-grid-50","mobile-grid-100","grid-parent","grid-50"],"jetpack_publicize_connections":[],"jetpack_featured_media_url":"","wps_subtitle":"Frente gremial docente","jetpack_sharing_enabled":true,"_links":{"self":[{"href":"https:\/\/www.hoymercedes.com.ar\/principal\/wp-json\/wp\/v2\/posts\/31227","targetHints":{"allow":["GET"]}}],"collection":[{"href":"https:\/\/www.hoymercedes.com.ar\/principal\/wp-json\/wp\/v2\/posts"}],"about":[{"href":"https:\/\/www.hoymercedes.com.ar\/principal\/wp-json\/wp\/v2\/types\/post"}],"author":[{"embeddable":true,"href":"https:\/\/www.hoymercedes.com.ar\/principal\/wp-json\/wp\/v2\/users\/1"}],"replies":[{"embeddable":true,"href":"https:\/\/www.hoymercedes.com.ar\/principal\/wp-json\/wp\/v2\/comments?post=31227"}],"version-history":[{"count":0,"href":"https:\/\/www.hoymercedes.com.ar\/principal\/wp-json\/wp\/v2\/posts\/31227\/revisions"}],"wp:attachment":[{"href":"https:\/\/www.hoymercedes.com.ar\/principal\/wp-json\/wp\/v2\/media?parent=31227"}],"wp:term":[{"taxonomy":"category","embeddable":true,"href":"https:\/\/www.hoymercedes.com.ar\/principal\/wp-json\/wp\/v2\/categories?post=31227"},{"taxonomy":"post_tag","embeddable":true,"href":"https:\/\/www.hoymercedes.com.ar\/principal\/wp-json\/wp\/v2\/tags?post=31227"}],"curies":[{"name":"wp","href":"https:\/\/api.w.org\/{rel}","templated":true}]}}